{"id":3748,"date":"2026-04-25T09:12:10","date_gmt":"2026-04-25T14:12:10","guid":{"rendered":"https:\/\/laregionnoticia.com\/?p=3748"},"modified":"2026-04-25T09:12:10","modified_gmt":"2026-04-25T14:12:10","slug":"%f0%9f%87%a8%f0%9f%87%b4-colombia-en-video-explosion-en-palmira-genera-alarma-cerca-de-instalacion-militar-en-el-valle-del-cauca","status":"publish","type":"post","link":"https:\/\/laregionnoticia.com\/?p=3748","title":{"rendered":"\ud83c\udde8\ud83c\uddf4 Colombia | En Video: Explosi\u00f3n en Palmira genera alarma cerca de instalaci\u00f3n militar en el Valle del Cauca"},"content":{"rendered":"\n<figure class=\"wp-block-image size-full is-resized\"><img loading=\"lazy\" decoding=\"async\" width=\"400\" height=\"228\" src=\"https:\/\/laregionnoticia.com\/wp-content\/uploads\/2026\/04\/palmira-aten-2.jpg\" alt=\"\" class=\"wp-image-3750\" style=\"width:840px;height:auto\" srcset=\"https:\/\/laregionnoticia.com\/wp-content\/uploads\/2026\/04\/palmira-aten-2.jpg 400w, https:\/\/laregionnoticia.com\/wp-content\/uploads\/2026\/04\/palmira-aten-2-300x171.jpg 300w\" sizes=\"auto, (max-width: 400px) 100vw, 400px\" \/><\/figure>\n\n\n\n<h2 class=\"wp-block-heading\">Explosi\u00f3n en inmediaciones del Batall\u00f3n Agust\u00edn Codazzi en Palmira bajo investigaci\u00f3n de autoridades<\/h2>\n\n\n\n<h3 class=\"wp-block-heading\">Contexto general del hecho ocurrido en Palmira y su impacto inmediato en la regi\u00f3n<\/h3>\n\n\n\n<p>En la noche del 24 de abril, una fuerte explosi\u00f3n sacudi\u00f3 el sector cercano al Batall\u00f3n de Ingenieros N.\u00ba 3 \u201cAgust\u00edn Codazzi\u201d, ubicado en el municipio de Palmira, en el departamento del Valle del Cauca. El hecho gener\u00f3 una r\u00e1pida movilizaci\u00f3n de las autoridades militares y policiales, as\u00ed como momentos de tensi\u00f3n entre los habitantes de la zona, quienes reportaron una detonaci\u00f3n de gran intensidad que pudo sentirse en sectores aleda\u00f1os. La situaci\u00f3n oblig\u00f3 al cierre preventivo del \u00e1rea mientras se verificaban posibles riesgos adicionales y se aseguraba el per\u00edmetro para evitar nuevos incidentes.<\/p>\n\n\n\n<h3 class=\"wp-block-heading\">Reacci\u00f3n inmediata del Ej\u00e9rcito y aseguramiento del per\u00edmetro militar<\/h3>\n\n\n\n<p>Tras la explosi\u00f3n, unidades del Ej\u00e9rcito Nacional desplegaron un operativo de control en las inmediaciones de la instalaci\u00f3n militar, con el objetivo de proteger tanto la infraestructura como a la poblaci\u00f3n civil cercana. De acuerdo con los primeros reportes institucionales, se activaron protocolos de seguridad y verificaci\u00f3n de amenazas, mientras equipos especializados ingresaban a la zona para inspeccionar los posibles puntos de origen de la detonaci\u00f3n. El \u00e1rea fue completamente acordonada, restringiendo el acceso vehicular y peatonal mientras avanzaban las labores de verificaci\u00f3n t\u00e9cnica.<\/p>\n\n\n\n<h3 class=\"wp-block-heading\">Uso de un veh\u00edculo como posible medio de transporte del artefacto explosivo<\/h3>\n\n\n\n<p>Las investigaciones preliminares apuntan a que el explosivo habr\u00eda sido transportado en un veh\u00edculo tipo buseta o furg\u00f3n, el cual habr\u00eda sido adaptado para albergar el material detonante. Dentro de este automotor se habr\u00edan ubicado cilindros con carga explosiva, que posteriormente fueron activados en las inmediaciones del batall\u00f3n. Aunque esta informaci\u00f3n a\u00fan no ha sido confirmada de manera definitiva por las autoridades judiciales, forma parte de las hip\u00f3tesis iniciales que manejan los equipos de investigaci\u00f3n en el lugar de los hechos.<\/p>\n\n\n\n<h3 class=\"wp-block-heading\">Caracter\u00edsticas del artefacto y proceso de investigaci\u00f3n t\u00e9cnica<\/h3>\n\n\n\n<p>Los reportes iniciales se\u00f1alan que los explosivos corresponder\u00edan a cilindros modificados de manera artesanal, un tipo de artefacto que ha sido utilizado en distintos escenarios de violencia en el pa\u00eds. Sin embargo, a\u00fan no se ha establecido con precisi\u00f3n el tipo de carga, el mecanismo de activaci\u00f3n ni la forma en que fue ejecutada la detonaci\u00f3n. Equipos antiexplosivos y de inteligencia trabajan en la recolecci\u00f3n de restos materiales que permitan reconstruir t\u00e9cnicamente lo ocurrido y determinar con mayor exactitud la naturaleza del dispositivo utilizado.<\/p>\n\n\n\n<h3 class=\"wp-block-heading\">Afectaciones en la zona y reacci\u00f3n de la poblaci\u00f3n civil<\/h3>\n\n\n\n<p>La explosi\u00f3n gener\u00f3 escenas de p\u00e1nico entre residentes, comerciantes y transe\u00fantes que se encontraban en el sector al momento del estallido. Testigos relataron que el estruendo provoc\u00f3 una reacci\u00f3n inmediata de evacuaci\u00f3n espont\u00e1nea en establecimientos cercanos, mientras algunos locales cerraron de manera preventiva ante la incertidumbre de una posible segunda detonaci\u00f3n. Aunque el impacto principal se concentr\u00f3 en las inmediaciones del batall\u00f3n, el ambiente de tensi\u00f3n se extendi\u00f3 r\u00e1pidamente a varios puntos del municipio.<\/p>\n\n\n\n<h3 class=\"wp-block-heading\">Da\u00f1os materiales reportados tras la detonaci\u00f3n<\/h3>\n\n\n\n<p>De manera preliminar, las autoridades han confirmado la existencia de da\u00f1os materiales en estructuras cercanas al punto de la explosi\u00f3n, incluyendo afectaciones en ventanales, fachadas y elementos urbanos. La magnitud de la onda expansiva tambi\u00e9n habr\u00eda provocado da\u00f1os menores en veh\u00edculos estacionados en las inmediaciones. No obstante, los organismos de emergencia contin\u00faan realizando una evaluaci\u00f3n detallada para establecer el alcance real de las afectaciones y cuantificar los perjuicios ocasionados por el estallido.<\/p>\n\n\n\n<h3 class=\"wp-block-heading\">Estado de v\u00edctimas y balance preliminar de emergencias<\/h3>\n\n\n\n<p>Hasta el momento, no existe un reporte oficial que confirme v\u00edctimas mortales asociadas directamente a la explosi\u00f3n. De igual manera, no se han registrado de manera verificada heridos de gravedad, aunque las autoridades contin\u00faan realizando revisiones en el \u00e1rea para descartar afectaciones a personas que se encontraban en el sector en el momento del incidente. El balance preliminar se mantiene en desarrollo, sujeto a la verificaci\u00f3n final de los organismos de emergencia.<\/p>\n\n\n\n<h3 class=\"wp-block-heading\">Hip\u00f3tesis sobre la naturaleza del hecho y l\u00edneas de investigaci\u00f3n<\/h3>\n\n\n\n<p>Las autoridades judiciales y militares trabajan sobre varias hip\u00f3tesis respecto a lo ocurrido, entre ellas la posibilidad de un ataque dirigido contra la instalaci\u00f3n militar. Sin embargo, hasta el momento no se ha emitido una conclusi\u00f3n oficial sobre la autor\u00eda del hecho ni sobre las motivaciones detr\u00e1s de la explosi\u00f3n. Los investigadores analizan material audiovisual, testimonios y evidencia f\u00edsica para establecer con precisi\u00f3n la din\u00e1mica del evento.<\/p>\n\n\n\n<h3 class=\"wp-block-heading\">Relaci\u00f3n con hechos recientes en el Valle del Cauca<\/h3>\n\n\n\n<p>El incidente en Palmira se produce en un contexto de tensi\u00f3n en el departamento del Valle del Cauca, luego de que horas antes se registraran otros hechos violentos en la ciudad de Cali contra instalaciones militares. Aunque por ahora no existe confirmaci\u00f3n oficial que vincule ambos eventos, las autoridades no descartan ninguna l\u00ednea de investigaci\u00f3n y mantienen la alerta en la regi\u00f3n ante la posibilidad de una secuencia de acciones coordinadas.<\/p>\n\n\n\n<h3 class=\"wp-block-heading\">Despliegue de seguridad y respuesta institucional en la regi\u00f3n<\/h3>\n\n\n\n<p>Como medida preventiva, se ha reforzado la presencia de fuerzas militares y policiales en distintos puntos estrat\u00e9gicos del Valle del Cauca. Las operaciones de control y vigilancia han sido intensificadas con el fin de prevenir nuevos hechos de violencia y garantizar la seguridad en zonas urbanas y militares. Paralelamente, se mantiene la coordinaci\u00f3n entre entidades locales y nacionales para el manejo de la situaci\u00f3n.<\/p>\n\n\n\n<h3 class=\"wp-block-heading\">Investigaci\u00f3n en curso y recolecci\u00f3n de pruebas t\u00e9cnicas<\/h3>\n\n\n\n<p>La Fiscal\u00eda General de la Naci\u00f3n, junto con unidades de inteligencia militar, adelanta la recolecci\u00f3n de pruebas en el lugar de los hechos. Entre las acciones en curso se encuentra el an\u00e1lisis de c\u00e1maras de seguridad, la revisi\u00f3n de restos del artefacto explosivo y la reconstrucci\u00f3n de la secuencia de eventos. Este proceso ser\u00e1 clave para determinar responsabilidades y esclarecer las circunstancias exactas de la explosi\u00f3n.<\/p>\n\n\n\n<h3 class=\"wp-block-heading\">Situaci\u00f3n actual en Palmira y espera de pronunciamiento oficial<\/h3>\n\n\n\n<p>A esta hora, la zona permanece acordonada y bajo estricta vigilancia mientras contin\u00faan las labores de inspecci\u00f3n. Se espera que en las pr\u00f3ximas horas las autoridades emitan un informe m\u00e1s detallado sobre los avances de la investigaci\u00f3n, incluyendo posibles responsables y la confirmaci\u00f3n definitiva sobre la naturaleza del hecho. La situaci\u00f3n sigue en desarrollo y bajo monitoreo permanente.<\/p>\n\n\n\n<figure class=\"wp-block-embed is-type-rich is-provider-twitter wp-block-embed-twitter\"><div class=\"wp-block-embed__wrapper\">\n<blockquote class=\"twitter-tweet\" data-width=\"550\" data-dnt=\"true\"><p lang=\"es\" dir=\"ltr\"><a href=\"https:\/\/twitter.com\/hashtag\/URGENTE?src=hash&amp;ref_src=twsrc%5Etfw\">#URGENTE<\/a> | VIDEO: Nuevo Atentado Terrorista en el Valle, explosi\u00f3n en inmediaciones del Batall\u00f3n de Ingenieros N.\u00ba 3 \u201cAgust\u00edn Codazzi\u201d, en Palmira, Valle.<br>COMPARTE \ud83d\udcf7 esta informaci\u00f3n<br>SIGUE \ud83d\udcf7 para m\u00e1s noticias<a href=\"https:\/\/twitter.com\/hashtag\/Colombia?src=hash&amp;ref_src=twsrc%5Etfw\">#Colombia<\/a> <a href=\"https:\/\/twitter.com\/hashtag\/ValleDelCauca?src=hash&amp;ref_src=twsrc%5Etfw\">#ValleDelCauca<\/a> <a href=\"https:\/\/twitter.com\/hashtag\/Palmira?src=hash&amp;ref_src=twsrc%5Etfw\">#Palmira<\/a> <a href=\"https:\/\/twitter.com\/hashtag\/Cali?src=hash&amp;ref_src=twsrc%5Etfw\">#Cali<\/a> <a href=\"https:\/\/twitter.com\/hashtag\/Noticias?src=hash&amp;ref_src=twsrc%5Etfw\">#Noticias<\/a> <a href=\"https:\/\/twitter.com\/hashtag\/UltimaHora?src=hash&amp;ref_src=twsrc%5Etfw\">#UltimaHora<\/a> <a href=\"https:\/\/t.co\/rQc4CU2j64\">pic.twitter.com\/rQc4CU2j64<\/a><\/p>&mdash; La Region Noticia (@laregionperiodi) <a href=\"https:\/\/twitter.com\/laregionperiodi\/status\/2048041403129696354?ref_src=twsrc%5Etfw\">April 25, 2026<\/a><\/blockquote><script async src=\"https:\/\/platform.twitter.com\/widgets.js\" charset=\"utf-8\"><\/script>\n<\/div><\/figure>\n","protected":false},"excerpt":{"rendered":"<p>Explosi\u00f3n en inmediaciones del Batall\u00f3n Agust\u00edn Codazzi en Palmira bajo investigaci\u00f3n de autoridades Contexto general del hecho ocurrido en Palmira y su impacto inmediato en la regi\u00f3n En la noche&hellip; <\/p>\n","protected":false},"author":1,"featured_media":3749,"comment_status":"closed","ping_status":"open","sticky":false,"template":"","format":"standard","meta":{"footnotes":""},"categories":[4],"tags":[],"class_list":["post-3748","post","type-post","status-publish","format-standard","has-post-thumbnail","hentry","category-local"],"yoast_head":"<!-- This site is optimized with the Yoast SEO plugin v27.4 - https:\/\/yoast.com\/product\/yoast-seo-wordpress\/ -->\n<title>\ud83c\udde8\ud83c\uddf4 Colombia | En Video: Explosi\u00f3n en Palmira genera alarma cerca de instalaci\u00f3n militar en el Valle del Cauca - La Regi\u00f3n Noticia<\/title>\n<meta name=\"robots\" content=\"index, follow, max-snippet:-1, max-image-preview:large, max-video-preview:-1\" \/>\n<link rel=\"canonical\" href=\"https:\/\/laregionnoticia.com\/?p=3748\" \/>\n<meta property=\"og:locale\" content=\"es_ES\" \/>\n<meta property=\"og:type\" content=\"article\" \/>\n<meta property=\"og:title\" content=\"\ud83c\udde8\ud83c\uddf4 Colombia | En Video: Explosi\u00f3n en Palmira genera alarma cerca de instalaci\u00f3n militar en el Valle del Cauca - La Regi\u00f3n Noticia\" \/>\n<meta property=\"og:description\" content=\"Explosi\u00f3n en inmediaciones del Batall\u00f3n Agust\u00edn Codazzi en Palmira bajo investigaci\u00f3n de autoridades Contexto general del hecho ocurrido en Palmira y su impacto inmediato en la regi\u00f3n En la noche&hellip;\" \/>\n<meta property=\"og:url\" content=\"https:\/\/laregionnoticia.com\/?p=3748\" \/>\n<meta property=\"og:site_name\" content=\"La Regi\u00f3n Noticia\" \/>\n<meta property=\"article:publisher\" content=\"https:\/\/www.facebook.com\/profile.php?id=61566329187948&amp;mibextid=ZbWKwL\" \/>\n<meta property=\"article:published_time\" content=\"2026-04-25T14:12:10+00:00\" \/>\n<meta property=\"og:image\" content=\"https:\/\/laregionnoticia.com\/wp-content\/uploads\/2026\/04\/palmira-aten-1.jpg\" \/>\n\t<meta property=\"og:image:width\" content=\"400\" \/>\n\t<meta property=\"og:image:height\" content=\"228\" \/>\n\t<meta property=\"og:image:type\" content=\"image\/jpeg\" \/>\n<meta name=\"author\" content=\"Redacci\u00f3n Digital La Regi\u00f3n\" \/>\n<meta name=\"twitter:card\" content=\"summary_large_image\" \/>\n<meta name=\"twitter:label1\" content=\"Escrito por\" \/>\n\t<meta name=\"twitter:data1\" content=\"Redacci\u00f3n Digital La Regi\u00f3n\" \/>\n\t<meta name=\"twitter:label2\" content=\"Tiempo de lectura\" \/>\n\t<meta name=\"twitter:data2\" content=\"6 minutos\" \/>\n<script type=\"application\/ld+json\" class=\"yoast-schema-graph\">{\"@context\":\"https:\\\/\\\/schema.org\",\"@graph\":[{\"@type\":\"Article\",\"@id\":\"https:\\\/\\\/laregionnoticia.com\\\/?p=3748#article\",\"isPartOf\":{\"@id\":\"https:\\\/\\\/laregionnoticia.com\\\/?p=3748\"},\"author\":{\"name\":\"Redacci\u00f3n Digital La Regi\u00f3n\",\"@id\":\"https:\\\/\\\/laregionnoticia.com\\\/#\\\/schema\\\/person\\\/5586c3a3653961e30e847de6e9b4db0c\"},\"headline\":\"\ud83c\udde8\ud83c\uddf4 Colombia | En Video: Explosi\u00f3n en Palmira genera alarma cerca de instalaci\u00f3n militar en el Valle del Cauca\",\"datePublished\":\"2026-04-25T14:12:10+00:00\",\"mainEntityOfPage\":{\"@id\":\"https:\\\/\\\/laregionnoticia.com\\\/?p=3748\"},\"wordCount\":1152,\"publisher\":{\"@id\":\"https:\\\/\\\/laregionnoticia.com\\\/#organization\"},\"image\":{\"@id\":\"https:\\\/\\\/laregionnoticia.com\\\/?p=3748#primaryimage\"},\"thumbnailUrl\":\"https:\\\/\\\/laregionnoticia.com\\\/wp-content\\\/uploads\\\/2026\\\/04\\\/palmira-aten-1.jpg\",\"articleSection\":[\"Local\"],\"inLanguage\":\"es-CO\"},{\"@type\":\"WebPage\",\"@id\":\"https:\\\/\\\/laregionnoticia.com\\\/?p=3748\",\"url\":\"https:\\\/\\\/laregionnoticia.com\\\/?p=3748\",\"name\":\"\ud83c\udde8\ud83c\uddf4 Colombia | En Video: Explosi\u00f3n en Palmira genera alarma cerca de instalaci\u00f3n militar en el Valle del Cauca - La Regi\u00f3n Noticia\",\"isPartOf\":{\"@id\":\"https:\\\/\\\/laregionnoticia.com\\\/#website\"},\"primaryImageOfPage\":{\"@id\":\"https:\\\/\\\/laregionnoticia.com\\\/?p=3748#primaryimage\"},\"image\":{\"@id\":\"https:\\\/\\\/laregionnoticia.com\\\/?p=3748#primaryimage\"},\"thumbnailUrl\":\"https:\\\/\\\/laregionnoticia.com\\\/wp-content\\\/uploads\\\/2026\\\/04\\\/palmira-aten-1.jpg\",\"datePublished\":\"2026-04-25T14:12:10+00:00\",\"breadcrumb\":{\"@id\":\"https:\\\/\\\/laregionnoticia.com\\\/?p=3748#breadcrumb\"},\"inLanguage\":\"es-CO\",\"potentialAction\":[{\"@type\":\"ReadAction\",\"target\":[\"https:\\\/\\\/laregionnoticia.com\\\/?p=3748\"]}]},{\"@type\":\"ImageObject\",\"inLanguage\":\"es-CO\",\"@id\":\"https:\\\/\\\/laregionnoticia.com\\\/?p=3748#primaryimage\",\"url\":\"https:\\\/\\\/laregionnoticia.com\\\/wp-content\\\/uploads\\\/2026\\\/04\\\/palmira-aten-1.jpg\",\"contentUrl\":\"https:\\\/\\\/laregionnoticia.com\\\/wp-content\\\/uploads\\\/2026\\\/04\\\/palmira-aten-1.jpg\",\"width\":400,\"height\":228},{\"@type\":\"BreadcrumbList\",\"@id\":\"https:\\\/\\\/laregionnoticia.com\\\/?p=3748#breadcrumb\",\"itemListElement\":[{\"@type\":\"ListItem\",\"position\":1,\"name\":\"Inicio\",\"item\":\"https:\\\/\\\/laregionnoticia.com\\\/\"},{\"@type\":\"ListItem\",\"position\":2,\"name\":\"\ud83c\udde8\ud83c\uddf4 Colombia | En Video: Explosi\u00f3n en Palmira genera alarma cerca de instalaci\u00f3n militar en el Valle del Cauca\"}]},{\"@type\":\"WebSite\",\"@id\":\"https:\\\/\\\/laregionnoticia.com\\\/#website\",\"url\":\"https:\\\/\\\/laregionnoticia.com\\\/\",\"name\":\"La Regi\u00f3n Noticia\",\"description\":\"Porque nuestro compromiso es la informaci\u00f3n veraz y oportuna\",\"publisher\":{\"@id\":\"https:\\\/\\\/laregionnoticia.com\\\/#organization\"},\"potentialAction\":[{\"@type\":\"SearchAction\",\"target\":{\"@type\":\"EntryPoint\",\"urlTemplate\":\"https:\\\/\\\/laregionnoticia.com\\\/?s={search_term_string}\"},\"query-input\":{\"@type\":\"PropertyValueSpecification\",\"valueRequired\":true,\"valueName\":\"search_term_string\"}}],\"inLanguage\":\"es-CO\"},{\"@type\":\"Organization\",\"@id\":\"https:\\\/\\\/laregionnoticia.com\\\/#organization\",\"name\":\"La Regi\u00f3n Noticia\",\"url\":\"https:\\\/\\\/laregionnoticia.com\\\/\",\"logo\":{\"@type\":\"ImageObject\",\"inLanguage\":\"es-CO\",\"@id\":\"https:\\\/\\\/laregionnoticia.com\\\/#\\\/schema\\\/logo\\\/image\\\/\",\"url\":\"https:\\\/\\\/laregionnoticia.com\\\/wp-content\\\/uploads\\\/2026\\\/04\\\/logo-nuevo-LRN.jpeg\",\"contentUrl\":\"https:\\\/\\\/laregionnoticia.com\\\/wp-content\\\/uploads\\\/2026\\\/04\\\/logo-nuevo-LRN.jpeg\",\"width\":1024,\"height\":1024,\"caption\":\"La Regi\u00f3n Noticia\"},\"image\":{\"@id\":\"https:\\\/\\\/laregionnoticia.com\\\/#\\\/schema\\\/logo\\\/image\\\/\"},\"sameAs\":[\"https:\\\/\\\/www.facebook.com\\\/profile.php?id=61566329187948&mibextid=ZbWKwL\"]},{\"@type\":\"Person\",\"@id\":\"https:\\\/\\\/laregionnoticia.com\\\/#\\\/schema\\\/person\\\/5586c3a3653961e30e847de6e9b4db0c\",\"name\":\"Redacci\u00f3n Digital La Regi\u00f3n\",\"image\":{\"@type\":\"ImageObject\",\"inLanguage\":\"es-CO\",\"@id\":\"https:\\\/\\\/secure.gravatar.com\\\/avatar\\\/9b5f9df140c465a9462bbbe6f15e20d3c36ce881a9632c520e1a0c34017037a0?s=96&d=mm&r=g\",\"url\":\"https:\\\/\\\/secure.gravatar.com\\\/avatar\\\/9b5f9df140c465a9462bbbe6f15e20d3c36ce881a9632c520e1a0c34017037a0?s=96&d=mm&r=g\",\"contentUrl\":\"https:\\\/\\\/secure.gravatar.com\\\/avatar\\\/9b5f9df140c465a9462bbbe6f15e20d3c36ce881a9632c520e1a0c34017037a0?s=96&d=mm&r=g\",\"caption\":\"Redacci\u00f3n Digital La Regi\u00f3n\"},\"sameAs\":[\"http:\\\/\\\/laregionnoticia.com\"],\"url\":\"https:\\\/\\\/laregionnoticia.com\\\/?author=1\"}]}<\/script>\n<!-- \/ Yoast SEO plugin. -->","yoast_head_json":{"title":"\ud83c\udde8\ud83c\uddf4 Colombia | En Video: Explosi\u00f3n en Palmira genera alarma cerca de instalaci\u00f3n militar en el Valle del Cauca - La Regi\u00f3n Noticia","robots":{"index":"index","follow":"follow","max-snippet":"max-snippet:-1","max-image-preview":"max-image-preview:large","max-video-preview":"max-video-preview:-1"},"canonical":"https:\/\/laregionnoticia.com\/?p=3748","og_locale":"es_ES","og_type":"article","og_title":"\ud83c\udde8\ud83c\uddf4 Colombia | En Video: Explosi\u00f3n en Palmira genera alarma cerca de instalaci\u00f3n militar en el Valle del Cauca - La Regi\u00f3n Noticia","og_description":"Explosi\u00f3n en inmediaciones del Batall\u00f3n Agust\u00edn Codazzi en Palmira bajo investigaci\u00f3n de autoridades Contexto general del hecho ocurrido en Palmira y su impacto inmediato en la regi\u00f3n En la noche&hellip;","og_url":"https:\/\/laregionnoticia.com\/?p=3748","og_site_name":"La Regi\u00f3n Noticia","article_publisher":"https:\/\/www.facebook.com\/profile.php?id=61566329187948&mibextid=ZbWKwL","article_published_time":"2026-04-25T14:12:10+00:00","og_image":[{"width":400,"height":228,"url":"https:\/\/laregionnoticia.com\/wp-content\/uploads\/2026\/04\/palmira-aten-1.jpg","type":"image\/jpeg"}],"author":"Redacci\u00f3n Digital La Regi\u00f3n","twitter_card":"summary_large_image","twitter_misc":{"Escrito por":"Redacci\u00f3n Digital La Regi\u00f3n","Tiempo de lectura":"6 minutos"},"schema":{"@context":"https:\/\/schema.org","@graph":[{"@type":"Article","@id":"https:\/\/laregionnoticia.com\/?p=3748#article","isPartOf":{"@id":"https:\/\/laregionnoticia.com\/?p=3748"},"author":{"name":"Redacci\u00f3n Digital La Regi\u00f3n","@id":"https:\/\/laregionnoticia.com\/#\/schema\/person\/5586c3a3653961e30e847de6e9b4db0c"},"headline":"\ud83c\udde8\ud83c\uddf4 Colombia | En Video: Explosi\u00f3n en Palmira genera alarma cerca de instalaci\u00f3n militar en el Valle del Cauca","datePublished":"2026-04-25T14:12:10+00:00","mainEntityOfPage":{"@id":"https:\/\/laregionnoticia.com\/?p=3748"},"wordCount":1152,"publisher":{"@id":"https:\/\/laregionnoticia.com\/#organization"},"image":{"@id":"https:\/\/laregionnoticia.com\/?p=3748#primaryimage"},"thumbnailUrl":"https:\/\/laregionnoticia.com\/wp-content\/uploads\/2026\/04\/palmira-aten-1.jpg","articleSection":["Local"],"inLanguage":"es-CO"},{"@type":"WebPage","@id":"https:\/\/laregionnoticia.com\/?p=3748","url":"https:\/\/laregionnoticia.com\/?p=3748","name":"\ud83c\udde8\ud83c\uddf4 Colombia | En Video: Explosi\u00f3n en Palmira genera alarma cerca de instalaci\u00f3n militar en el Valle del Cauca - La Regi\u00f3n Noticia","isPartOf":{"@id":"https:\/\/laregionnoticia.com\/#website"},"primaryImageOfPage":{"@id":"https:\/\/laregionnoticia.com\/?p=3748#primaryimage"},"image":{"@id":"https:\/\/laregionnoticia.com\/?p=3748#primaryimage"},"thumbnailUrl":"https:\/\/laregionnoticia.com\/wp-content\/uploads\/2026\/04\/palmira-aten-1.jpg","datePublished":"2026-04-25T14:12:10+00:00","breadcrumb":{"@id":"https:\/\/laregionnoticia.com\/?p=3748#breadcrumb"},"inLanguage":"es-CO","potentialAction":[{"@type":"ReadAction","target":["https:\/\/laregionnoticia.com\/?p=3748"]}]},{"@type":"ImageObject","inLanguage":"es-CO","@id":"https:\/\/laregionnoticia.com\/?p=3748#primaryimage","url":"https:\/\/laregionnoticia.com\/wp-content\/uploads\/2026\/04\/palmira-aten-1.jpg","contentUrl":"https:\/\/laregionnoticia.com\/wp-content\/uploads\/2026\/04\/palmira-aten-1.jpg","width":400,"height":228},{"@type":"BreadcrumbList","@id":"https:\/\/laregionnoticia.com\/?p=3748#breadcrumb","itemListElement":[{"@type":"ListItem","position":1,"name":"Inicio","item":"https:\/\/laregionnoticia.com\/"},{"@type":"ListItem","position":2,"name":"\ud83c\udde8\ud83c\uddf4 Colombia | En Video: Explosi\u00f3n en Palmira genera alarma cerca de instalaci\u00f3n militar en el Valle del Cauca"}]},{"@type":"WebSite","@id":"https:\/\/laregionnoticia.com\/#website","url":"https:\/\/laregionnoticia.com\/","name":"La Regi\u00f3n Noticia","description":"Porque nuestro compromiso es la informaci\u00f3n veraz y oportuna","publisher":{"@id":"https:\/\/laregionnoticia.com\/#organization"},"potentialAction":[{"@type":"SearchAction","target":{"@type":"EntryPoint","urlTemplate":"https:\/\/laregionnoticia.com\/?s={search_term_string}"},"query-input":{"@type":"PropertyValueSpecification","valueRequired":true,"valueName":"search_term_string"}}],"inLanguage":"es-CO"},{"@type":"Organization","@id":"https:\/\/laregionnoticia.com\/#organization","name":"La Regi\u00f3n Noticia","url":"https:\/\/laregionnoticia.com\/","logo":{"@type":"ImageObject","inLanguage":"es-CO","@id":"https:\/\/laregionnoticia.com\/#\/schema\/logo\/image\/","url":"https:\/\/laregionnoticia.com\/wp-content\/uploads\/2026\/04\/logo-nuevo-LRN.jpeg","contentUrl":"https:\/\/laregionnoticia.com\/wp-content\/uploads\/2026\/04\/logo-nuevo-LRN.jpeg","width":1024,"height":1024,"caption":"La Regi\u00f3n Noticia"},"image":{"@id":"https:\/\/laregionnoticia.com\/#\/schema\/logo\/image\/"},"sameAs":["https:\/\/www.facebook.com\/profile.php?id=61566329187948&mibextid=ZbWKwL"]},{"@type":"Person","@id":"https:\/\/laregionnoticia.com\/#\/schema\/person\/5586c3a3653961e30e847de6e9b4db0c","name":"Redacci\u00f3n Digital La Regi\u00f3n","image":{"@type":"ImageObject","inLanguage":"es-CO","@id":"https:\/\/secure.gravatar.com\/avatar\/9b5f9df140c465a9462bbbe6f15e20d3c36ce881a9632c520e1a0c34017037a0?s=96&d=mm&r=g","url":"https:\/\/secure.gravatar.com\/avatar\/9b5f9df140c465a9462bbbe6f15e20d3c36ce881a9632c520e1a0c34017037a0?s=96&d=mm&r=g","contentUrl":"https:\/\/secure.gravatar.com\/avatar\/9b5f9df140c465a9462bbbe6f15e20d3c36ce881a9632c520e1a0c34017037a0?s=96&d=mm&r=g","caption":"Redacci\u00f3n Digital La Regi\u00f3n"},"sameAs":["http:\/\/laregionnoticia.com"],"url":"https:\/\/laregionnoticia.com\/?author=1"}]}},"_links":{"self":[{"href":"https:\/\/laregionnoticia.com\/index.php?rest_route=\/wp\/v2\/posts\/3748","targetHints":{"allow":["GET"]}}],"collection":[{"href":"https:\/\/laregionnoticia.com\/index.php?rest_route=\/wp\/v2\/posts"}],"about":[{"href":"https:\/\/laregionnoticia.com\/index.php?rest_route=\/wp\/v2\/types\/post"}],"author":[{"embeddable":true,"href":"https:\/\/laregionnoticia.com\/index.php?rest_route=\/wp\/v2\/users\/1"}],"replies":[{"embeddable":true,"href":"https:\/\/laregionnoticia.com\/index.php?rest_route=%2Fwp%2Fv2%2Fcomments&post=3748"}],"version-history":[{"count":1,"href":"https:\/\/laregionnoticia.com\/index.php?rest_route=\/wp\/v2\/posts\/3748\/revisions"}],"predecessor-version":[{"id":3751,"href":"https:\/\/laregionnoticia.com\/index.php?rest_route=\/wp\/v2\/posts\/3748\/revisions\/3751"}],"wp:featuredmedia":[{"embeddable":true,"href":"https:\/\/laregionnoticia.com\/index.php?rest_route=\/wp\/v2\/media\/3749"}],"wp:attachment":[{"href":"https:\/\/laregionnoticia.com\/index.php?rest_route=%2Fwp%2Fv2%2Fmedia&parent=3748"}],"wp:term":[{"taxonomy":"category","embeddable":true,"href":"https:\/\/laregionnoticia.com\/index.php?rest_route=%2Fwp%2Fv2%2Fcategories&post=3748"},{"taxonomy":"post_tag","embeddable":true,"href":"https:\/\/laregionnoticia.com\/index.php?rest_route=%2Fwp%2Fv2%2Ftags&post=3748"}],"curies":[{"name":"wp","href":"https:\/\/api.w.org\/{rel}","templated":true}]}}