{"id":3752,"date":"2026-04-25T16:21:13","date_gmt":"2026-04-25T21:21:13","guid":{"rendered":"https:\/\/laregionnoticia.com\/?p=3752"},"modified":"2026-04-25T16:21:36","modified_gmt":"2026-04-25T21:21:36","slug":"%f0%9f%87%a8%f0%9f%87%b4-en-video-ataque-con-artefacto-explosivo-en-bogota-deja-un-herido-en-la-localidad-de-los-martires","status":"publish","type":"post","link":"https:\/\/laregionnoticia.com\/?p=3752","title":{"rendered":"\ud83c\udde8\ud83c\uddf4 En Video: Ataque con artefacto explosivo en Bogot\u00e1 deja un herido en la localidad de Los M\u00e1rtires"},"content":{"rendered":"\n<h2 class=\"wp-block-heading\">Explosi\u00f3n en el centro de Bogot\u00e1 es investigada como un hecho dirigido y no como atentado contra infraestructura<\/h2>\n\n\n\n<figure class=\"wp-block-video\"><video height=\"1080\" style=\"aspect-ratio: 1080 \/ 1080;\" width=\"1080\" controls src=\"https:\/\/laregionnoticia.com\/wp-content\/uploads\/2026\/04\/Lanzan-explosivo-en-Bogota.mp4\"><\/video><\/figure>\n\n\n\n<h3 class=\"wp-block-heading\">Contexto del hecho ocurrido en el centro de Bogot\u00e1 durante la madrugada<\/h3>\n\n\n\n<p>En la madrugada del s\u00e1bado 25 de abril, una explosi\u00f3n alter\u00f3 la tranquilidad del sector de Los M\u00e1rtires, en el centro de Bogot\u00e1, una zona caracterizada por su intensa actividad comercial y alto flujo de personas incluso en horas nocturnas. El estallido, que se produjo en v\u00eda p\u00fablica, gener\u00f3 momentos de p\u00e1nico entre quienes se encontraban en el lugar, obligando a una reacci\u00f3n inmediata de comerciantes, transe\u00fantes y residentes cercanos que intentaron ponerse a salvo tras escuchar la detonaci\u00f3n. La situaci\u00f3n activ\u00f3 los protocolos de emergencia y la presencia de autoridades en cuesti\u00f3n de minutos.<\/p>\n\n\n\n<h3 class=\"wp-block-heading\">Ubicaci\u00f3n estrat\u00e9gica y caracter\u00edsticas del sector afectado<\/h3>\n\n\n\n<p>El hecho se registr\u00f3 en una zona ampliamente conocida por su actividad comercial, en inmediaciones de corredores como la calle 13 y sectores cercanos a San Andresito, donde confluyen din\u00e1micas econ\u00f3micas formales e informales. Esta caracter\u00edstica hace que cualquier evento violento en el \u00e1rea genere una r\u00e1pida propagaci\u00f3n del temor, no solo por la densidad de poblaci\u00f3n, sino tambi\u00e9n por la cercan\u00eda de establecimientos y bodegas comerciales que operan incluso en horarios extendidos.<\/p>\n\n\n\n<h3 class=\"wp-block-heading\">Naturaleza del artefacto explosivo utilizado en el ataque<\/h3>\n\n\n\n<p>De acuerdo con los reportes preliminares, el ataque fue ejecutado mediante el lanzamiento de un artefacto explosivo cuya naturaleza exacta a\u00fan est\u00e1 bajo an\u00e1lisis por parte de unidades especializadas. Las autoridades no han confirmado si se trat\u00f3 de una granada de fragmentaci\u00f3n o de un dispositivo de fabricaci\u00f3n artesanal, aunque s\u00ed han se\u00f1alado que el tipo de explosi\u00f3n corresponde a un mecanismo de activaci\u00f3n r\u00e1pida que gener\u00f3 una onda expansiva suficiente para causar da\u00f1os materiales en el entorno inmediato.<\/p>\n\n\n\n<h3 class=\"wp-block-heading\">Impacto inmediato y reacci\u00f3n de la comunidad en el lugar<\/h3>\n\n\n\n<p>Tras la detonaci\u00f3n, se registraron escenas de confusi\u00f3n y alarma. Testigos describen c\u00f3mo varias personas abandonaron apresuradamente el \u00e1rea al escuchar el estallido, mientras algunos locales comerciales cerraron de manera preventiva ante la incertidumbre de un posible segundo evento. La reacci\u00f3n espont\u00e1nea de quienes se encontraban en el sector evidencia el nivel de impacto psicol\u00f3gico que generan este tipo de hechos en zonas urbanas densamente pobladas.<\/p>\n\n\n\n<h3 class=\"wp-block-heading\">Da\u00f1os materiales en establecimientos y espacio p\u00fablico<\/h3>\n\n\n\n<p>La onda expansiva provoc\u00f3 afectaciones en vitrinas, ventanales y estructuras cercanas, principalmente en locales comerciales ubicados en el per\u00edmetro inmediato del estallido. Aunque no se ha entregado un balance oficial consolidado de da\u00f1os, los primeros reportes indican que la afectaci\u00f3n fue localizada, sin comprometer de manera significativa edificaciones de gran escala, pero s\u00ed generando p\u00e9rdidas para comerciantes del sector.<\/p>\n\n\n\n<h3 class=\"wp-block-heading\">Estado de la persona herida y atenci\u00f3n m\u00e9dica<\/h3>\n\n\n\n<p>El hecho dej\u00f3 como saldo una persona herida, identificada por las autoridades como un habitante de calle que se encontraba en el sector al momento de la explosi\u00f3n. El individuo fue trasladado a un centro asistencial donde recibi\u00f3 atenci\u00f3n m\u00e9dica. Seg\u00fan reportes preliminares, su estado es estable y no presenta lesiones que comprometan su vida, aunque permanece bajo observaci\u00f3n m\u00e9dica mientras se eval\u00faa su evoluci\u00f3n.<\/p>\n\n\n\n<h3 class=\"wp-block-heading\">Hip\u00f3tesis principal sobre el objetivo del ataque<\/h3>\n\n\n\n<p>Uno de los elementos m\u00e1s relevantes en la investigaci\u00f3n es que las autoridades han se\u00f1alado que el ataque habr\u00eda estado dirigido espec\u00edficamente contra la persona que result\u00f3 herida. Esta hip\u00f3tesis descarta, en primera instancia, que se trate de un acto orientado contra infraestructura comercial o institucional, lo que marca una diferencia significativa frente a otros hechos de violencia registrados recientemente en el pa\u00eds.<\/p>\n\n\n\n<h3 class=\"wp-block-heading\">Descartan atentado contra establecimientos comerciales<\/h3>\n\n\n\n<p>Las autoridades han sido enf\u00e1ticas en indicar que no existe evidencia que sugiera que el artefacto explosivo estuviera dirigido contra locales comerciales o instalaciones del sector. Esta precisi\u00f3n es clave para evitar interpretaciones que asocien el hecho con ataques de mayor escala o con din\u00e1micas de terrorismo urbano, aunque la investigaci\u00f3n sigue abierta para esclarecer completamente lo ocurrido.<\/p>\n\n\n\n<h3 class=\"wp-block-heading\">Investigaci\u00f3n en curso y an\u00e1lisis de evidencia<\/h3>\n\n\n\n<p>La Polic\u00eda Metropolitana de Bogot\u00e1 y unidades de inteligencia adelantan la recolecci\u00f3n de pruebas en el lugar del incidente. Entre las acciones en curso se encuentra la revisi\u00f3n de c\u00e1maras de seguridad, entrevistas a testigos y el an\u00e1lisis de los restos del artefacto explosivo. Este proceso busca reconstruir la secuencia de los hechos e identificar a la persona responsable del ataque.<\/p>\n\n\n\n<h3 class=\"wp-block-heading\">Posible contexto de conflicto interpersonal<\/h3>\n\n\n\n<p>Dentro de las l\u00edneas de investigaci\u00f3n que se manejan, cobra fuerza la hip\u00f3tesis de un conflicto interpersonal como detonante del ataque. En sectores como Los M\u00e1rtires, donde convergen m\u00faltiples din\u00e1micas sociales, este tipo de episodios puede estar relacionado con disputas entre individuos, lo que explicar\u00eda el car\u00e1cter dirigido del hecho y la ausencia de un objetivo institucional o masivo.<\/p>\n\n\n\n<h3 class=\"wp-block-heading\">Reacci\u00f3n de las autoridades y control de la situaci\u00f3n<\/h3>\n\n\n\n<p>Tras la explosi\u00f3n, las autoridades procedieron a acordonar el \u00e1rea y desplegar un operativo de seguridad para evitar nuevos incidentes. La presencia policial se mantuvo durante varias horas mientras se realizaban las inspecciones t\u00e9cnicas correspondientes y se garantizaba la seguridad de los ciudadanos en el sector.<\/p>\n\n\n\n<h3 class=\"wp-block-heading\">Percepci\u00f3n de seguridad en el centro de Bogot\u00e1<\/h3>\n\n\n\n<p>El incidente ha reavivado la preocupaci\u00f3n entre comerciantes y residentes sobre la seguridad en zonas del centro de la capital, especialmente en sectores con alta actividad nocturna. Aunque el hecho no ha sido catalogado como atentado terrorista, su impacto genera cuestionamientos sobre la capacidad de prevenci\u00f3n frente a este tipo de actos violentos.<\/p>\n\n\n\n<h3 class=\"wp-block-heading\">Diferencias con otros hechos recientes en el pa\u00eds<\/h3>\n\n\n\n<p>A diferencia de eventos recientes registrados en otras regiones, este caso presenta caracter\u00edsticas que lo ubican como un hecho aislado y dirigido, sin indicios de coordinaci\u00f3n con estructuras armadas o ataques sistem\u00e1ticos. Esta distinci\u00f3n es clave en el an\u00e1lisis de seguridad y en la forma en que las autoridades abordan la investigaci\u00f3n.<\/p>\n\n\n\n<h3 class=\"wp-block-heading\">Avance de las investigaciones y pr\u00f3ximos pronunciamientos<\/h3>\n\n\n\n<p>El caso se encuentra en etapa preliminar, y se espera que en las pr\u00f3ximas horas las autoridades entreguen informaci\u00f3n adicional sobre posibles responsables y avances en la investigaci\u00f3n. La recopilaci\u00f3n de evidencia t\u00e9cnica ser\u00e1 determinante para esclarecer lo ocurrido.<\/p>\n\n\n\n<h3 class=\"wp-block-heading\">Situaci\u00f3n actual y monitoreo de las autoridades<\/h3>\n\n\n\n<p>Actualmente, la zona ha retomado progresivamente su actividad, aunque bajo vigilancia reforzada por parte de la Polic\u00eda. Las autoridades mantienen el monitoreo del sector mientras contin\u00faan las labores investigativas, en un intento por garantizar la seguridad y evitar nuevos episodios de violencia en el centro de la ciudad.<\/p>\n\n\n\n<p>S\u00edguenos en nuestra pagina de Facebook para mas noticias dale clik&nbsp;<a href=\"https:\/\/www.facebook.com\/profile.php?id=61569739743679\" target=\"_blank\" rel=\"noreferrer noopener\">aca<\/a><\/p>\n\n\n\n<p class=\"has-vivid-red-color has-text-color has-link-color wp-elements-56ddd9f9edd5510460e34cf9863dd156\"><strong>\u00a1LA REGION NOTICIA INFORMACION COMO DEBE SER!<\/strong><\/p>\n\n\n\n<figure class=\"wp-block-embed is-type-rich is-provider-twitter wp-block-embed-twitter\"><div class=\"wp-block-embed__wrapper\">\n<blockquote class=\"twitter-tweet\" data-width=\"550\" data-dnt=\"true\"><p lang=\"es\" dir=\"ltr\">Hey <a href=\"https:\/\/twitter.com\/ColombiaOscura?ref_src=twsrc%5Etfw\">@ColombiaOscura<\/a> atentado terrorista esta madrugada en Bogota. Granada lanzada en la carrera 20 con calle 13 zona comercial San Andresito <a href=\"https:\/\/t.co\/EADt7VApsK\">pic.twitter.com\/EADt7VApsK<\/a><\/p>&mdash; Ronald Morales (@ideasronald) <a href=\"https:\/\/twitter.com\/ideasronald\/status\/2048033841663619105?ref_src=twsrc%5Etfw\">April 25, 2026<\/a><\/blockquote><script async src=\"https:\/\/platform.twitter.com\/widgets.js\" charset=\"utf-8\"><\/script>\n<\/div><\/figure>\n","protected":false},"excerpt":{"rendered":"<p>Explosi\u00f3n en el centro de Bogot\u00e1 es investigada como un hecho dirigido y no como atentado contra infraestructura Contexto del hecho ocurrido en el centro de Bogot\u00e1 durante la madrugada&hellip; <\/p>\n","protected":false},"author":1,"featured_media":3754,"comment_status":"closed","ping_status":"open","sticky":false,"template":"","format":"standard","meta":{"footnotes":""},"categories":[4],"tags":[],"class_list":["post-3752","post","type-post","status-publish","format-standard","has-post-thumbnail","hentry","category-local"],"yoast_head":"<!-- This site is optimized with the Yoast SEO plugin v27.4 - https:\/\/yoast.com\/product\/yoast-seo-wordpress\/ -->\n<title>\ud83c\udde8\ud83c\uddf4 En Video: Ataque con artefacto explosivo en Bogot\u00e1 deja un herido en la localidad de Los M\u00e1rtires - La Regi\u00f3n Noticia<\/title>\n<meta name=\"robots\" content=\"index, follow, max-snippet:-1, max-image-preview:large, max-video-preview:-1\" \/>\n<link rel=\"canonical\" href=\"https:\/\/laregionnoticia.com\/?p=3752\" \/>\n<meta property=\"og:locale\" content=\"es_ES\" \/>\n<meta property=\"og:type\" content=\"article\" \/>\n<meta property=\"og:title\" content=\"\ud83c\udde8\ud83c\uddf4 En Video: Ataque con artefacto explosivo en Bogot\u00e1 deja un herido en la localidad de Los M\u00e1rtires - La Regi\u00f3n Noticia\" \/>\n<meta property=\"og:description\" content=\"Explosi\u00f3n en el centro de Bogot\u00e1 es investigada como un hecho dirigido y no como atentado contra infraestructura Contexto del hecho ocurrido en el centro de Bogot\u00e1 durante la madrugada&hellip;\" \/>\n<meta property=\"og:url\" content=\"https:\/\/laregionnoticia.com\/?p=3752\" \/>\n<meta property=\"og:site_name\" content=\"La Regi\u00f3n Noticia\" \/>\n<meta property=\"article:publisher\" content=\"https:\/\/www.facebook.com\/profile.php?id=61566329187948&amp;mibextid=ZbWKwL\" \/>\n<meta property=\"article:published_time\" content=\"2026-04-25T21:21:13+00:00\" \/>\n<meta property=\"article:modified_time\" content=\"2026-04-25T21:21:36+00:00\" \/>\n<meta property=\"og:image\" content=\"https:\/\/laregionnoticia.com\/wp-content\/uploads\/2026\/04\/ataque-Bta.jpg\" \/>\n\t<meta property=\"og:image:width\" content=\"958\" \/>\n\t<meta property=\"og:image:height\" content=\"993\" \/>\n\t<meta property=\"og:image:type\" content=\"image\/jpeg\" \/>\n<meta name=\"author\" content=\"Redacci\u00f3n Digital La Regi\u00f3n\" \/>\n<meta name=\"twitter:card\" content=\"summary_large_image\" \/>\n<meta name=\"twitter:label1\" content=\"Escrito por\" \/>\n\t<meta name=\"twitter:data1\" content=\"Redacci\u00f3n Digital La Regi\u00f3n\" \/>\n\t<meta name=\"twitter:label2\" content=\"Tiempo de lectura\" \/>\n\t<meta name=\"twitter:data2\" content=\"6 minutos\" \/>\n<script type=\"application\/ld+json\" class=\"yoast-schema-graph\">{\"@context\":\"https:\\\/\\\/schema.org\",\"@graph\":[{\"@type\":\"Article\",\"@id\":\"https:\\\/\\\/laregionnoticia.com\\\/?p=3752#article\",\"isPartOf\":{\"@id\":\"https:\\\/\\\/laregionnoticia.com\\\/?p=3752\"},\"author\":{\"name\":\"Redacci\u00f3n Digital La Regi\u00f3n\",\"@id\":\"https:\\\/\\\/laregionnoticia.com\\\/#\\\/schema\\\/person\\\/5586c3a3653961e30e847de6e9b4db0c\"},\"headline\":\"\ud83c\udde8\ud83c\uddf4 En Video: Ataque con artefacto explosivo en Bogot\u00e1 deja un herido en la localidad de Los M\u00e1rtires\",\"datePublished\":\"2026-04-25T21:21:13+00:00\",\"dateModified\":\"2026-04-25T21:21:36+00:00\",\"mainEntityOfPage\":{\"@id\":\"https:\\\/\\\/laregionnoticia.com\\\/?p=3752\"},\"wordCount\":1197,\"publisher\":{\"@id\":\"https:\\\/\\\/laregionnoticia.com\\\/#organization\"},\"image\":{\"@id\":\"https:\\\/\\\/laregionnoticia.com\\\/?p=3752#primaryimage\"},\"thumbnailUrl\":\"https:\\\/\\\/laregionnoticia.com\\\/wp-content\\\/uploads\\\/2026\\\/04\\\/ataque-Bta.jpg\",\"articleSection\":[\"Local\"],\"inLanguage\":\"es-CO\"},{\"@type\":\"WebPage\",\"@id\":\"https:\\\/\\\/laregionnoticia.com\\\/?p=3752\",\"url\":\"https:\\\/\\\/laregionnoticia.com\\\/?p=3752\",\"name\":\"\ud83c\udde8\ud83c\uddf4 En Video: Ataque con artefacto explosivo en Bogot\u00e1 deja un herido en la localidad de Los M\u00e1rtires - La Regi\u00f3n Noticia\",\"isPartOf\":{\"@id\":\"https:\\\/\\\/laregionnoticia.com\\\/#website\"},\"primaryImageOfPage\":{\"@id\":\"https:\\\/\\\/laregionnoticia.com\\\/?p=3752#primaryimage\"},\"image\":{\"@id\":\"https:\\\/\\\/laregionnoticia.com\\\/?p=3752#primaryimage\"},\"thumbnailUrl\":\"https:\\\/\\\/laregionnoticia.com\\\/wp-content\\\/uploads\\\/2026\\\/04\\\/ataque-Bta.jpg\",\"datePublished\":\"2026-04-25T21:21:13+00:00\",\"dateModified\":\"2026-04-25T21:21:36+00:00\",\"breadcrumb\":{\"@id\":\"https:\\\/\\\/laregionnoticia.com\\\/?p=3752#breadcrumb\"},\"inLanguage\":\"es-CO\",\"potentialAction\":[{\"@type\":\"ReadAction\",\"target\":[\"https:\\\/\\\/laregionnoticia.com\\\/?p=3752\"]}]},{\"@type\":\"ImageObject\",\"inLanguage\":\"es-CO\",\"@id\":\"https:\\\/\\\/laregionnoticia.com\\\/?p=3752#primaryimage\",\"url\":\"https:\\\/\\\/laregionnoticia.com\\\/wp-content\\\/uploads\\\/2026\\\/04\\\/ataque-Bta.jpg\",\"contentUrl\":\"https:\\\/\\\/laregionnoticia.com\\\/wp-content\\\/uploads\\\/2026\\\/04\\\/ataque-Bta.jpg\",\"width\":958,\"height\":993},{\"@type\":\"BreadcrumbList\",\"@id\":\"https:\\\/\\\/laregionnoticia.com\\\/?p=3752#breadcrumb\",\"itemListElement\":[{\"@type\":\"ListItem\",\"position\":1,\"name\":\"Inicio\",\"item\":\"https:\\\/\\\/laregionnoticia.com\\\/\"},{\"@type\":\"ListItem\",\"position\":2,\"name\":\"\ud83c\udde8\ud83c\uddf4 En Video: Ataque con artefacto explosivo en Bogot\u00e1 deja un herido en la localidad de Los M\u00e1rtires\"}]},{\"@type\":\"WebSite\",\"@id\":\"https:\\\/\\\/laregionnoticia.com\\\/#website\",\"url\":\"https:\\\/\\\/laregionnoticia.com\\\/\",\"name\":\"La Regi\u00f3n Noticia\",\"description\":\"Porque nuestro compromiso es la informaci\u00f3n veraz y oportuna\",\"publisher\":{\"@id\":\"https:\\\/\\\/laregionnoticia.com\\\/#organization\"},\"potentialAction\":[{\"@type\":\"SearchAction\",\"target\":{\"@type\":\"EntryPoint\",\"urlTemplate\":\"https:\\\/\\\/laregionnoticia.com\\\/?s={search_term_string}\"},\"query-input\":{\"@type\":\"PropertyValueSpecification\",\"valueRequired\":true,\"valueName\":\"search_term_string\"}}],\"inLanguage\":\"es-CO\"},{\"@type\":\"Organization\",\"@id\":\"https:\\\/\\\/laregionnoticia.com\\\/#organization\",\"name\":\"La Regi\u00f3n Noticia\",\"url\":\"https:\\\/\\\/laregionnoticia.com\\\/\",\"logo\":{\"@type\":\"ImageObject\",\"inLanguage\":\"es-CO\",\"@id\":\"https:\\\/\\\/laregionnoticia.com\\\/#\\\/schema\\\/logo\\\/image\\\/\",\"url\":\"https:\\\/\\\/laregionnoticia.com\\\/wp-content\\\/uploads\\\/2026\\\/04\\\/logo-nuevo-LRN.jpeg\",\"contentUrl\":\"https:\\\/\\\/laregionnoticia.com\\\/wp-content\\\/uploads\\\/2026\\\/04\\\/logo-nuevo-LRN.jpeg\",\"width\":1024,\"height\":1024,\"caption\":\"La Regi\u00f3n Noticia\"},\"image\":{\"@id\":\"https:\\\/\\\/laregionnoticia.com\\\/#\\\/schema\\\/logo\\\/image\\\/\"},\"sameAs\":[\"https:\\\/\\\/www.facebook.com\\\/profile.php?id=61566329187948&mibextid=ZbWKwL\"]},{\"@type\":\"Person\",\"@id\":\"https:\\\/\\\/laregionnoticia.com\\\/#\\\/schema\\\/person\\\/5586c3a3653961e30e847de6e9b4db0c\",\"name\":\"Redacci\u00f3n Digital La Regi\u00f3n\",\"image\":{\"@type\":\"ImageObject\",\"inLanguage\":\"es-CO\",\"@id\":\"https:\\\/\\\/secure.gravatar.com\\\/avatar\\\/9b5f9df140c465a9462bbbe6f15e20d3c36ce881a9632c520e1a0c34017037a0?s=96&d=mm&r=g\",\"url\":\"https:\\\/\\\/secure.gravatar.com\\\/avatar\\\/9b5f9df140c465a9462bbbe6f15e20d3c36ce881a9632c520e1a0c34017037a0?s=96&d=mm&r=g\",\"contentUrl\":\"https:\\\/\\\/secure.gravatar.com\\\/avatar\\\/9b5f9df140c465a9462bbbe6f15e20d3c36ce881a9632c520e1a0c34017037a0?s=96&d=mm&r=g\",\"caption\":\"Redacci\u00f3n Digital La Regi\u00f3n\"},\"sameAs\":[\"http:\\\/\\\/laregionnoticia.com\"],\"url\":\"https:\\\/\\\/laregionnoticia.com\\\/?author=1\"}]}<\/script>\n<!-- \/ Yoast SEO plugin. -->","yoast_head_json":{"title":"\ud83c\udde8\ud83c\uddf4 En Video: Ataque con artefacto explosivo en Bogot\u00e1 deja un herido en la localidad de Los M\u00e1rtires - La Regi\u00f3n Noticia","robots":{"index":"index","follow":"follow","max-snippet":"max-snippet:-1","max-image-preview":"max-image-preview:large","max-video-preview":"max-video-preview:-1"},"canonical":"https:\/\/laregionnoticia.com\/?p=3752","og_locale":"es_ES","og_type":"article","og_title":"\ud83c\udde8\ud83c\uddf4 En Video: Ataque con artefacto explosivo en Bogot\u00e1 deja un herido en la localidad de Los M\u00e1rtires - La Regi\u00f3n Noticia","og_description":"Explosi\u00f3n en el centro de Bogot\u00e1 es investigada como un hecho dirigido y no como atentado contra infraestructura Contexto del hecho ocurrido en el centro de Bogot\u00e1 durante la madrugada&hellip;","og_url":"https:\/\/laregionnoticia.com\/?p=3752","og_site_name":"La Regi\u00f3n Noticia","article_publisher":"https:\/\/www.facebook.com\/profile.php?id=61566329187948&mibextid=ZbWKwL","article_published_time":"2026-04-25T21:21:13+00:00","article_modified_time":"2026-04-25T21:21:36+00:00","og_image":[{"width":958,"height":993,"url":"https:\/\/laregionnoticia.com\/wp-content\/uploads\/2026\/04\/ataque-Bta.jpg","type":"image\/jpeg"}],"author":"Redacci\u00f3n Digital La Regi\u00f3n","twitter_card":"summary_large_image","twitter_misc":{"Escrito por":"Redacci\u00f3n Digital La Regi\u00f3n","Tiempo de lectura":"6 minutos"},"schema":{"@context":"https:\/\/schema.org","@graph":[{"@type":"Article","@id":"https:\/\/laregionnoticia.com\/?p=3752#article","isPartOf":{"@id":"https:\/\/laregionnoticia.com\/?p=3752"},"author":{"name":"Redacci\u00f3n Digital La Regi\u00f3n","@id":"https:\/\/laregionnoticia.com\/#\/schema\/person\/5586c3a3653961e30e847de6e9b4db0c"},"headline":"\ud83c\udde8\ud83c\uddf4 En Video: Ataque con artefacto explosivo en Bogot\u00e1 deja un herido en la localidad de Los M\u00e1rtires","datePublished":"2026-04-25T21:21:13+00:00","dateModified":"2026-04-25T21:21:36+00:00","mainEntityOfPage":{"@id":"https:\/\/laregionnoticia.com\/?p=3752"},"wordCount":1197,"publisher":{"@id":"https:\/\/laregionnoticia.com\/#organization"},"image":{"@id":"https:\/\/laregionnoticia.com\/?p=3752#primaryimage"},"thumbnailUrl":"https:\/\/laregionnoticia.com\/wp-content\/uploads\/2026\/04\/ataque-Bta.jpg","articleSection":["Local"],"inLanguage":"es-CO"},{"@type":"WebPage","@id":"https:\/\/laregionnoticia.com\/?p=3752","url":"https:\/\/laregionnoticia.com\/?p=3752","name":"\ud83c\udde8\ud83c\uddf4 En Video: Ataque con artefacto explosivo en Bogot\u00e1 deja un herido en la localidad de Los M\u00e1rtires - La Regi\u00f3n Noticia","isPartOf":{"@id":"https:\/\/laregionnoticia.com\/#website"},"primaryImageOfPage":{"@id":"https:\/\/laregionnoticia.com\/?p=3752#primaryimage"},"image":{"@id":"https:\/\/laregionnoticia.com\/?p=3752#primaryimage"},"thumbnailUrl":"https:\/\/laregionnoticia.com\/wp-content\/uploads\/2026\/04\/ataque-Bta.jpg","datePublished":"2026-04-25T21:21:13+00:00","dateModified":"2026-04-25T21:21:36+00:00","breadcrumb":{"@id":"https:\/\/laregionnoticia.com\/?p=3752#breadcrumb"},"inLanguage":"es-CO","potentialAction":[{"@type":"ReadAction","target":["https:\/\/laregionnoticia.com\/?p=3752"]}]},{"@type":"ImageObject","inLanguage":"es-CO","@id":"https:\/\/laregionnoticia.com\/?p=3752#primaryimage","url":"https:\/\/laregionnoticia.com\/wp-content\/uploads\/2026\/04\/ataque-Bta.jpg","contentUrl":"https:\/\/laregionnoticia.com\/wp-content\/uploads\/2026\/04\/ataque-Bta.jpg","width":958,"height":993},{"@type":"BreadcrumbList","@id":"https:\/\/laregionnoticia.com\/?p=3752#breadcrumb","itemListElement":[{"@type":"ListItem","position":1,"name":"Inicio","item":"https:\/\/laregionnoticia.com\/"},{"@type":"ListItem","position":2,"name":"\ud83c\udde8\ud83c\uddf4 En Video: Ataque con artefacto explosivo en Bogot\u00e1 deja un herido en la localidad de Los M\u00e1rtires"}]},{"@type":"WebSite","@id":"https:\/\/laregionnoticia.com\/#website","url":"https:\/\/laregionnoticia.com\/","name":"La Regi\u00f3n Noticia","description":"Porque nuestro compromiso es la informaci\u00f3n veraz y oportuna","publisher":{"@id":"https:\/\/laregionnoticia.com\/#organization"},"potentialAction":[{"@type":"SearchAction","target":{"@type":"EntryPoint","urlTemplate":"https:\/\/laregionnoticia.com\/?s={search_term_string}"},"query-input":{"@type":"PropertyValueSpecification","valueRequired":true,"valueName":"search_term_string"}}],"inLanguage":"es-CO"},{"@type":"Organization","@id":"https:\/\/laregionnoticia.com\/#organization","name":"La Regi\u00f3n Noticia","url":"https:\/\/laregionnoticia.com\/","logo":{"@type":"ImageObject","inLanguage":"es-CO","@id":"https:\/\/laregionnoticia.com\/#\/schema\/logo\/image\/","url":"https:\/\/laregionnoticia.com\/wp-content\/uploads\/2026\/04\/logo-nuevo-LRN.jpeg","contentUrl":"https:\/\/laregionnoticia.com\/wp-content\/uploads\/2026\/04\/logo-nuevo-LRN.jpeg","width":1024,"height":1024,"caption":"La Regi\u00f3n Noticia"},"image":{"@id":"https:\/\/laregionnoticia.com\/#\/schema\/logo\/image\/"},"sameAs":["https:\/\/www.facebook.com\/profile.php?id=61566329187948&mibextid=ZbWKwL"]},{"@type":"Person","@id":"https:\/\/laregionnoticia.com\/#\/schema\/person\/5586c3a3653961e30e847de6e9b4db0c","name":"Redacci\u00f3n Digital La Regi\u00f3n","image":{"@type":"ImageObject","inLanguage":"es-CO","@id":"https:\/\/secure.gravatar.com\/avatar\/9b5f9df140c465a9462bbbe6f15e20d3c36ce881a9632c520e1a0c34017037a0?s=96&d=mm&r=g","url":"https:\/\/secure.gravatar.com\/avatar\/9b5f9df140c465a9462bbbe6f15e20d3c36ce881a9632c520e1a0c34017037a0?s=96&d=mm&r=g","contentUrl":"https:\/\/secure.gravatar.com\/avatar\/9b5f9df140c465a9462bbbe6f15e20d3c36ce881a9632c520e1a0c34017037a0?s=96&d=mm&r=g","caption":"Redacci\u00f3n Digital La Regi\u00f3n"},"sameAs":["http:\/\/laregionnoticia.com"],"url":"https:\/\/laregionnoticia.com\/?author=1"}]}},"_links":{"self":[{"href":"https:\/\/laregionnoticia.com\/index.php?rest_route=\/wp\/v2\/posts\/3752","targetHints":{"allow":["GET"]}}],"collection":[{"href":"https:\/\/laregionnoticia.com\/index.php?rest_route=\/wp\/v2\/posts"}],"about":[{"href":"https:\/\/laregionnoticia.com\/index.php?rest_route=\/wp\/v2\/types\/post"}],"author":[{"embeddable":true,"href":"https:\/\/laregionnoticia.com\/index.php?rest_route=\/wp\/v2\/users\/1"}],"replies":[{"embeddable":true,"href":"https:\/\/laregionnoticia.com\/index.php?rest_route=%2Fwp%2Fv2%2Fcomments&post=3752"}],"version-history":[{"count":1,"href":"https:\/\/laregionnoticia.com\/index.php?rest_route=\/wp\/v2\/posts\/3752\/revisions"}],"predecessor-version":[{"id":3755,"href":"https:\/\/laregionnoticia.com\/index.php?rest_route=\/wp\/v2\/posts\/3752\/revisions\/3755"}],"wp:featuredmedia":[{"embeddable":true,"href":"https:\/\/laregionnoticia.com\/index.php?rest_route=\/wp\/v2\/media\/3754"}],"wp:attachment":[{"href":"https:\/\/laregionnoticia.com\/index.php?rest_route=%2Fwp%2Fv2%2Fmedia&parent=3752"}],"wp:term":[{"taxonomy":"category","embeddable":true,"href":"https:\/\/laregionnoticia.com\/index.php?rest_route=%2Fwp%2Fv2%2Fcategories&post=3752"},{"taxonomy":"post_tag","embeddable":true,"href":"https:\/\/laregionnoticia.com\/index.php?rest_route=%2Fwp%2Fv2%2Ftags&post=3752"}],"curies":[{"name":"wp","href":"https:\/\/api.w.org\/{rel}","templated":true}]}}