{"id":3757,"date":"2026-04-25T23:16:25","date_gmt":"2026-04-26T04:16:25","guid":{"rendered":"https:\/\/laregionnoticia.com\/?p=3757"},"modified":"2026-04-25T23:16:25","modified_gmt":"2026-04-26T04:16:25","slug":"%f0%9f%87%ba%f0%9f%87%b8-en-video-disparos-cerca-de-evento-con-donald-trump-desatan-alarma-en-washington-durante-la-cena-de-corresponsales","status":"publish","type":"post","link":"https:\/\/laregionnoticia.com\/?p=3757","title":{"rendered":"\ud83c\uddfa\ud83c\uddf8 En Video: Disparos cerca de evento con Donald Trump desatan alarma en Washington durante la cena de corresponsales"},"content":{"rendered":"\n<h2 class=\"wp-block-heading\">Incidente armado durante la cena de corresponsales genera evacuaci\u00f3n, un sospechoso detenido y abre interrogantes sobre seguridad en eventos de alto perfil<\/h2>\n\n\n\n<figure class=\"wp-block-video\"><video height=\"662\" style=\"aspect-ratio: 944 \/ 662;\" width=\"944\" controls src=\"https:\/\/laregionnoticia.com\/wp-content\/uploads\/2026\/04\/disparos.mp4\"><\/video><\/figure>\n\n\n\n<h3 class=\"wp-block-heading\">Un evento emblem\u00e1tico que termin\u00f3 en emergencia de seguridad<\/h3>\n\n\n\n<p>La noche que deb\u00eda transcurrir como una de las citas m\u00e1s tradicionales del calendario pol\u00edtico y medi\u00e1tico de Washington se transform\u00f3 en minutos en una escena de tensi\u00f3n. Durante la reconocida cena de corresponsales, un evento que re\u00fane a periodistas, figuras p\u00fablicas y autoridades, se registraron disparos en las inmediaciones del recinto, lo que oblig\u00f3 a activar de inmediato los protocolos de seguridad. En ese momento se encontraba presente Donald Trump, lo que elev\u00f3 el nivel de alerta y aceler\u00f3 la respuesta de las agencias encargadas de su protecci\u00f3n.<\/p>\n\n\n\n<h3 class=\"wp-block-heading\">D\u00f3nde ocurri\u00f3 el incidente y por qu\u00e9 no fue dentro de la Casa Blanca<\/h3>\n\n\n\n<p>Aunque inicialmente circularon versiones confusas en redes sociales, las autoridades han sido claras en precisar que el incidente no ocurri\u00f3 dentro de la Casa Blanca. La cena de corresponsales se realiza tradicionalmente en un hotel de Washington, con un amplio despliegue de seguridad en el per\u00edmetro. Fue precisamente en esa zona externa donde se produjo el intento de irrupci\u00f3n por parte de un individuo armado, lo que evit\u00f3 que la amenaza se materializara dentro del evento.<\/p>\n\n\n\n<h3 class=\"wp-block-heading\">La r\u00e1pida reacci\u00f3n del Servicio Secreto<\/h3>\n\n\n\n<p>El elemento que result\u00f3 determinante para contener la situaci\u00f3n fue la respuesta inmediata del Servicio Secreto, la agencia encargada de la protecci\u00f3n del presidente. Los agentes reaccionaron en cuesti\u00f3n de segundos al detectar la amenaza, neutralizando al atacante antes de que lograra acercarse al \u00e1rea principal del evento. La actuaci\u00f3n coordinada permiti\u00f3 asegurar el per\u00edmetro, controlar la situaci\u00f3n y proceder con la evacuaci\u00f3n preventiva de los asistentes.<\/p>\n\n\n\n<h3 class=\"wp-block-heading\">Evacuaci\u00f3n y escenas de p\u00e1nico entre los asistentes<\/h3>\n\n\n\n<p>Dentro del recinto, el sonido de los disparos gener\u00f3 momentos de confusi\u00f3n y miedo. Testigos describen c\u00f3mo varios asistentes se refugiaron debajo de mesas o buscaron protecci\u00f3n en zonas interiores mientras se daban instrucciones de evacuaci\u00f3n. La salida del lugar se realiz\u00f3 bajo estrictas medidas de seguridad, priorizando la integridad de los presentes y evitando aglomeraciones que pudieran agravar la situaci\u00f3n.<\/p>\n\n\n\n<h3 class=\"wp-block-heading\">Estado de Donald Trump tras el incidente<\/h3>\n\n\n\n<p>Donald Trump fue retirado del lugar de manera inmediata siguiendo los protocolos establecidos para este tipo de amenazas. Posteriormente, se confirm\u00f3 que no result\u00f3 herido y que se encontraba fuera de peligro. La evacuaci\u00f3n se llev\u00f3 a cabo de forma controlada y sin contratiempos, lo que evidencia la preparaci\u00f3n de los equipos de seguridad ante escenarios de alto riesgo.<\/p>\n\n\n\n<h3 class=\"wp-block-heading\">El atacante y su captura en el lugar<\/h3>\n\n\n\n<p>El sospechoso fue reducido en el sitio por las fuerzas de seguridad y permanece bajo custodia mientras avanzan las investigaciones. De acuerdo con los reportes preliminares, se tratar\u00eda de un individuo que actu\u00f3 solo, aunque las autoridades a\u00fan trabajan en la verificaci\u00f3n completa de sus antecedentes, motivaciones y posibles v\u00ednculos. La rapidez de la captura evit\u00f3 un escenario de mayor gravedad.<\/p>\n\n\n\n<figure class=\"wp-block-image size-full\"><img loading=\"lazy\" decoding=\"async\" width=\"923\" height=\"693\" src=\"https:\/\/laregionnoticia.com\/wp-content\/uploads\/2026\/04\/capturado-1.jpg\" alt=\"\" class=\"wp-image-3760\" srcset=\"https:\/\/laregionnoticia.com\/wp-content\/uploads\/2026\/04\/capturado-1.jpg 923w, https:\/\/laregionnoticia.com\/wp-content\/uploads\/2026\/04\/capturado-1-300x225.jpg 300w, https:\/\/laregionnoticia.com\/wp-content\/uploads\/2026\/04\/capturado-1-768x577.jpg 768w\" sizes=\"auto, (max-width: 923px) 100vw, 923px\" \/><figcaption class=\"wp-element-caption\">Donald Trump\/Truth Social<\/figcaption><\/figure>\n\n\n\n<h3 class=\"wp-block-heading\">Un agente herido y el papel del equipo de protecci\u00f3n<\/h3>\n\n\n\n<p>Durante la intervenci\u00f3n, uno de los agentes del Servicio Secreto result\u00f3 impactado, pero su chaleco antibalas evit\u00f3 consecuencias fatales. Este detalle ha sido destacado como un ejemplo de la importancia de los protocolos y equipamientos de seguridad en la protecci\u00f3n de figuras de alto nivel, as\u00ed como de la preparaci\u00f3n de los equipos encargados de responder ante amenazas armadas.<\/p>\n\n\n\n<h3 class=\"wp-block-heading\">Investigaci\u00f3n en curso y an\u00e1lisis del incidente<\/h3>\n\n\n\n<p>Las autoridades federales han iniciado una investigaci\u00f3n para esclarecer todos los elementos del caso. Esto incluye el an\u00e1lisis del arma utilizada, la ruta de acceso del atacante al per\u00edmetro y la revisi\u00f3n de grabaciones de seguridad. Tambi\u00e9n se busca determinar si existieron fallas en los controles previos o si el individuo aprovech\u00f3 alg\u00fan punto vulnerable en el esquema de seguridad.<\/p>\n\n\n\n<h3 class=\"wp-block-heading\">Hip\u00f3tesis de un ataque individual<\/h3>\n\n\n\n<p>Una de las principales l\u00edneas de investigaci\u00f3n apunta a que el atacante actu\u00f3 de manera independiente, sin coordinaci\u00f3n con grupos organizados. Este tipo de perfil, conocido como \u201clobo solitario\u201d, representa un desaf\u00edo particular para los sistemas de seguridad, ya que suele ser m\u00e1s dif\u00edcil de detectar con anticipaci\u00f3n.<\/p>\n\n\n\n<h3 class=\"wp-block-heading\">Seguridad en eventos pol\u00edticos de alto perfil<\/h3>\n\n\n\n<p>El incidente reabre el debate sobre la seguridad en eventos que re\u00fanen a figuras pol\u00edticas y medi\u00e1ticas. Aunque la respuesta fue efectiva, el hecho de que un individuo armado lograra aproximarse al per\u00edmetro genera cuestionamientos sobre los mecanismos de prevenci\u00f3n y control, especialmente en contextos de alta exposici\u00f3n p\u00fablica.<\/p>\n\n\n\n<h3 class=\"wp-block-heading\">El papel de los medios y la difusi\u00f3n inicial de la informaci\u00f3n<\/h3>\n\n\n\n<p>En los minutos posteriores al incidente, las redes sociales jugaron un papel clave en la difusi\u00f3n de informaci\u00f3n, aunque tambi\u00e9n contribuyeron a la propagaci\u00f3n de versiones imprecisas. La r\u00e1pida circulaci\u00f3n de rumores, como la idea de que el ataque ocurri\u00f3 dentro de la Casa Blanca, evidencia la importancia de la verificaci\u00f3n period\u00edstica en tiempo real.<\/p>\n\n\n\n<h3 class=\"wp-block-heading\">Impacto pol\u00edtico y percepci\u00f3n p\u00fablica<\/h3>\n\n\n\n<p>Aunque no hubo v\u00edctimas mortales ni afectaciones directas al presidente, el hecho tiene implicaciones en la percepci\u00f3n de seguridad y estabilidad. Los eventos que involucran amenazas contra figuras presidenciales suelen generar preocupaci\u00f3n tanto a nivel nacional como internacional, especialmente en un contexto pol\u00edtico polarizado.<\/p>\n\n\n\n<h3 class=\"wp-block-heading\">Antecedentes de seguridad en eventos similares<\/h3>\n\n\n\n<p>La cena de corresponsales ha sido hist\u00f3ricamente un evento altamente vigilado, pero no est\u00e1 exenta de riesgos debido a su car\u00e1cter p\u00fablico y la presencia de m\u00faltiples actores relevantes. Este incidente se suma a otros episodios que han obligado a reforzar los esquemas de seguridad en eventos de gran visibilidad.<\/p>\n\n\n\n<h3 class=\"wp-block-heading\">Respuesta institucional y comunicaci\u00f3n oficial<\/h3>\n\n\n\n<p>Tras el incidente, las autoridades han optado por una comunicaci\u00f3n prudente, confirmando los hechos b\u00e1sicos mientras avanza la investigaci\u00f3n. Este enfoque busca evitar la desinformaci\u00f3n y garantizar que los datos divulgados sean verificados antes de hacerse p\u00fablicos.<\/p>\n\n\n\n<h3 class=\"wp-block-heading\">Situaci\u00f3n actual y pr\u00f3ximos pasos en la investigaci\u00f3n<\/h3>\n\n\n\n<p>Actualmente, la situaci\u00f3n est\u00e1 bajo control y el sospechoso permanece detenido. Se espera que en las pr\u00f3ximas horas se revelen m\u00e1s detalles sobre su identidad, motivaciones y posibles cargos. Mientras tanto, las agencias de seguridad contin\u00faan evaluando el incidente para reforzar sus protocolos y prevenir futuros riesgos.<\/p>\n\n\n\n<figure class=\"wp-block-embed is-type-rich is-provider-twitter wp-block-embed-twitter\"><div class=\"wp-block-embed__wrapper\">\n<blockquote class=\"twitter-tweet\" data-width=\"550\" data-dnt=\"true\"><p lang=\"en\" dir=\"ltr\">\u201cShots fired,\u201d screamed the Secret Service agents.<br><br>President Trump and Cabinet members were escorted out of the main ballroom by the Secret Service and the U.S. Marshals. <a href=\"https:\/\/t.co\/s1ikd8tun8\">pic.twitter.com\/s1ikd8tun8<\/a><\/p>&mdash; The Washington Times (@WashTimes) <a href=\"https:\/\/twitter.com\/WashTimes\/status\/2048206322768736392?ref_src=twsrc%5Etfw\">April 26, 2026<\/a><\/blockquote><script async src=\"https:\/\/platform.twitter.com\/widgets.js\" charset=\"utf-8\"><\/script>\n<\/div><\/figure>\n","protected":false},"excerpt":{"rendered":"<p>Incidente armado durante la cena de corresponsales genera evacuaci\u00f3n, un sospechoso detenido y abre interrogantes sobre seguridad en eventos de alto perfil Un evento emblem\u00e1tico que termin\u00f3 en emergencia de&hellip; <\/p>\n","protected":false},"author":1,"featured_media":3758,"comment_status":"closed","ping_status":"open","sticky":false,"template":"","format":"standard","meta":{"footnotes":""},"categories":[1],"tags":[],"class_list":["post-3757","post","type-post","status-publish","format-standard","has-post-thumbnail","hentry","category-internacional"],"yoast_head":"<!-- This site is optimized with the Yoast SEO plugin v27.4 - https:\/\/yoast.com\/product\/yoast-seo-wordpress\/ -->\n<title>\ud83c\uddfa\ud83c\uddf8 En Video: Disparos cerca de evento con Donald Trump desatan alarma en Washington durante la cena de corresponsales - La Regi\u00f3n Noticia<\/title>\n<meta name=\"robots\" content=\"index, follow, max-snippet:-1, max-image-preview:large, max-video-preview:-1\" \/>\n<link rel=\"canonical\" href=\"https:\/\/laregionnoticia.com\/?p=3757\" \/>\n<meta property=\"og:locale\" content=\"es_ES\" \/>\n<meta property=\"og:type\" content=\"article\" \/>\n<meta property=\"og:title\" content=\"\ud83c\uddfa\ud83c\uddf8 En Video: Disparos cerca de evento con Donald Trump desatan alarma en Washington durante la cena de corresponsales - La Regi\u00f3n Noticia\" \/>\n<meta property=\"og:description\" content=\"Incidente armado durante la cena de corresponsales genera evacuaci\u00f3n, un sospechoso detenido y abre interrogantes sobre seguridad en eventos de alto perfil Un evento emblem\u00e1tico que termin\u00f3 en emergencia de&hellip;\" \/>\n<meta property=\"og:url\" content=\"https:\/\/laregionnoticia.com\/?p=3757\" \/>\n<meta property=\"og:site_name\" content=\"La Regi\u00f3n Noticia\" \/>\n<meta property=\"article:publisher\" content=\"https:\/\/www.facebook.com\/profile.php?id=61566329187948&amp;mibextid=ZbWKwL\" \/>\n<meta property=\"article:published_time\" content=\"2026-04-26T04:16:25+00:00\" \/>\n<meta name=\"author\" content=\"Redacci\u00f3n Digital La Regi\u00f3n\" \/>\n<meta name=\"twitter:card\" content=\"summary_large_image\" \/>\n<meta name=\"twitter:label1\" content=\"Escrito por\" \/>\n\t<meta name=\"twitter:data1\" content=\"Redacci\u00f3n Digital La Regi\u00f3n\" \/>\n\t<meta name=\"twitter:label2\" content=\"Tiempo de lectura\" \/>\n\t<meta name=\"twitter:data2\" content=\"6 minutos\" \/>\n<script type=\"application\/ld+json\" class=\"yoast-schema-graph\">{\"@context\":\"https:\\\/\\\/schema.org\",\"@graph\":[{\"@type\":\"Article\",\"@id\":\"https:\\\/\\\/laregionnoticia.com\\\/?p=3757#article\",\"isPartOf\":{\"@id\":\"https:\\\/\\\/laregionnoticia.com\\\/?p=3757\"},\"author\":{\"name\":\"Redacci\u00f3n Digital La Regi\u00f3n\",\"@id\":\"https:\\\/\\\/laregionnoticia.com\\\/#\\\/schema\\\/person\\\/5586c3a3653961e30e847de6e9b4db0c\"},\"headline\":\"\ud83c\uddfa\ud83c\uddf8 En Video: Disparos cerca de evento con Donald Trump desatan alarma en Washington durante la cena de corresponsales\",\"datePublished\":\"2026-04-26T04:16:25+00:00\",\"mainEntityOfPage\":{\"@id\":\"https:\\\/\\\/laregionnoticia.com\\\/?p=3757\"},\"wordCount\":1126,\"publisher\":{\"@id\":\"https:\\\/\\\/laregionnoticia.com\\\/#organization\"},\"image\":{\"@id\":\"https:\\\/\\\/laregionnoticia.com\\\/?p=3757#primaryimage\"},\"thumbnailUrl\":\"https:\\\/\\\/laregionnoticia.com\\\/wp-content\\\/uploads\\\/2026\\\/04\\\/trmp-cena-1.avif\",\"articleSection\":[\"Internacional\"],\"inLanguage\":\"es-CO\"},{\"@type\":\"WebPage\",\"@id\":\"https:\\\/\\\/laregionnoticia.com\\\/?p=3757\",\"url\":\"https:\\\/\\\/laregionnoticia.com\\\/?p=3757\",\"name\":\"\ud83c\uddfa\ud83c\uddf8 En Video: Disparos cerca de evento con Donald Trump desatan alarma en Washington durante la cena de corresponsales - La Regi\u00f3n Noticia\",\"isPartOf\":{\"@id\":\"https:\\\/\\\/laregionnoticia.com\\\/#website\"},\"primaryImageOfPage\":{\"@id\":\"https:\\\/\\\/laregionnoticia.com\\\/?p=3757#primaryimage\"},\"image\":{\"@id\":\"https:\\\/\\\/laregionnoticia.com\\\/?p=3757#primaryimage\"},\"thumbnailUrl\":\"https:\\\/\\\/laregionnoticia.com\\\/wp-content\\\/uploads\\\/2026\\\/04\\\/trmp-cena-1.avif\",\"datePublished\":\"2026-04-26T04:16:25+00:00\",\"breadcrumb\":{\"@id\":\"https:\\\/\\\/laregionnoticia.com\\\/?p=3757#breadcrumb\"},\"inLanguage\":\"es-CO\",\"potentialAction\":[{\"@type\":\"ReadAction\",\"target\":[\"https:\\\/\\\/laregionnoticia.com\\\/?p=3757\"]}]},{\"@type\":\"ImageObject\",\"inLanguage\":\"es-CO\",\"@id\":\"https:\\\/\\\/laregionnoticia.com\\\/?p=3757#primaryimage\",\"url\":\"https:\\\/\\\/laregionnoticia.com\\\/wp-content\\\/uploads\\\/2026\\\/04\\\/trmp-cena-1.avif\",\"contentUrl\":\"https:\\\/\\\/laregionnoticia.com\\\/wp-content\\\/uploads\\\/2026\\\/04\\\/trmp-cena-1.avif\",\"width\":1200,\"height\":800},{\"@type\":\"BreadcrumbList\",\"@id\":\"https:\\\/\\\/laregionnoticia.com\\\/?p=3757#breadcrumb\",\"itemListElement\":[{\"@type\":\"ListItem\",\"position\":1,\"name\":\"Inicio\",\"item\":\"https:\\\/\\\/laregionnoticia.com\\\/\"},{\"@type\":\"ListItem\",\"position\":2,\"name\":\"\ud83c\uddfa\ud83c\uddf8 En Video: Disparos cerca de evento con Donald Trump desatan alarma en Washington durante la cena de corresponsales\"}]},{\"@type\":\"WebSite\",\"@id\":\"https:\\\/\\\/laregionnoticia.com\\\/#website\",\"url\":\"https:\\\/\\\/laregionnoticia.com\\\/\",\"name\":\"La Regi\u00f3n Noticia\",\"description\":\"Porque nuestro compromiso es la informaci\u00f3n veraz y oportuna\",\"publisher\":{\"@id\":\"https:\\\/\\\/laregionnoticia.com\\\/#organization\"},\"potentialAction\":[{\"@type\":\"SearchAction\",\"target\":{\"@type\":\"EntryPoint\",\"urlTemplate\":\"https:\\\/\\\/laregionnoticia.com\\\/?s={search_term_string}\"},\"query-input\":{\"@type\":\"PropertyValueSpecification\",\"valueRequired\":true,\"valueName\":\"search_term_string\"}}],\"inLanguage\":\"es-CO\"},{\"@type\":\"Organization\",\"@id\":\"https:\\\/\\\/laregionnoticia.com\\\/#organization\",\"name\":\"La Regi\u00f3n Noticia\",\"url\":\"https:\\\/\\\/laregionnoticia.com\\\/\",\"logo\":{\"@type\":\"ImageObject\",\"inLanguage\":\"es-CO\",\"@id\":\"https:\\\/\\\/laregionnoticia.com\\\/#\\\/schema\\\/logo\\\/image\\\/\",\"url\":\"https:\\\/\\\/laregionnoticia.com\\\/wp-content\\\/uploads\\\/2026\\\/04\\\/logo-nuevo-LRN.jpeg\",\"contentUrl\":\"https:\\\/\\\/laregionnoticia.com\\\/wp-content\\\/uploads\\\/2026\\\/04\\\/logo-nuevo-LRN.jpeg\",\"width\":1024,\"height\":1024,\"caption\":\"La Regi\u00f3n Noticia\"},\"image\":{\"@id\":\"https:\\\/\\\/laregionnoticia.com\\\/#\\\/schema\\\/logo\\\/image\\\/\"},\"sameAs\":[\"https:\\\/\\\/www.facebook.com\\\/profile.php?id=61566329187948&mibextid=ZbWKwL\"]},{\"@type\":\"Person\",\"@id\":\"https:\\\/\\\/laregionnoticia.com\\\/#\\\/schema\\\/person\\\/5586c3a3653961e30e847de6e9b4db0c\",\"name\":\"Redacci\u00f3n Digital La Regi\u00f3n\",\"image\":{\"@type\":\"ImageObject\",\"inLanguage\":\"es-CO\",\"@id\":\"https:\\\/\\\/secure.gravatar.com\\\/avatar\\\/9b5f9df140c465a9462bbbe6f15e20d3c36ce881a9632c520e1a0c34017037a0?s=96&d=mm&r=g\",\"url\":\"https:\\\/\\\/secure.gravatar.com\\\/avatar\\\/9b5f9df140c465a9462bbbe6f15e20d3c36ce881a9632c520e1a0c34017037a0?s=96&d=mm&r=g\",\"contentUrl\":\"https:\\\/\\\/secure.gravatar.com\\\/avatar\\\/9b5f9df140c465a9462bbbe6f15e20d3c36ce881a9632c520e1a0c34017037a0?s=96&d=mm&r=g\",\"caption\":\"Redacci\u00f3n Digital La Regi\u00f3n\"},\"sameAs\":[\"http:\\\/\\\/laregionnoticia.com\"],\"url\":\"https:\\\/\\\/laregionnoticia.com\\\/?author=1\"}]}<\/script>\n<!-- \/ Yoast SEO plugin. -->","yoast_head_json":{"title":"\ud83c\uddfa\ud83c\uddf8 En Video: Disparos cerca de evento con Donald Trump desatan alarma en Washington durante la cena de corresponsales - La Regi\u00f3n Noticia","robots":{"index":"index","follow":"follow","max-snippet":"max-snippet:-1","max-image-preview":"max-image-preview:large","max-video-preview":"max-video-preview:-1"},"canonical":"https:\/\/laregionnoticia.com\/?p=3757","og_locale":"es_ES","og_type":"article","og_title":"\ud83c\uddfa\ud83c\uddf8 En Video: Disparos cerca de evento con Donald Trump desatan alarma en Washington durante la cena de corresponsales - La Regi\u00f3n Noticia","og_description":"Incidente armado durante la cena de corresponsales genera evacuaci\u00f3n, un sospechoso detenido y abre interrogantes sobre seguridad en eventos de alto perfil Un evento emblem\u00e1tico que termin\u00f3 en emergencia de&hellip;","og_url":"https:\/\/laregionnoticia.com\/?p=3757","og_site_name":"La Regi\u00f3n Noticia","article_publisher":"https:\/\/www.facebook.com\/profile.php?id=61566329187948&mibextid=ZbWKwL","article_published_time":"2026-04-26T04:16:25+00:00","author":"Redacci\u00f3n Digital La Regi\u00f3n","twitter_card":"summary_large_image","twitter_misc":{"Escrito por":"Redacci\u00f3n Digital La Regi\u00f3n","Tiempo de lectura":"6 minutos"},"schema":{"@context":"https:\/\/schema.org","@graph":[{"@type":"Article","@id":"https:\/\/laregionnoticia.com\/?p=3757#article","isPartOf":{"@id":"https:\/\/laregionnoticia.com\/?p=3757"},"author":{"name":"Redacci\u00f3n Digital La Regi\u00f3n","@id":"https:\/\/laregionnoticia.com\/#\/schema\/person\/5586c3a3653961e30e847de6e9b4db0c"},"headline":"\ud83c\uddfa\ud83c\uddf8 En Video: Disparos cerca de evento con Donald Trump desatan alarma en Washington durante la cena de corresponsales","datePublished":"2026-04-26T04:16:25+00:00","mainEntityOfPage":{"@id":"https:\/\/laregionnoticia.com\/?p=3757"},"wordCount":1126,"publisher":{"@id":"https:\/\/laregionnoticia.com\/#organization"},"image":{"@id":"https:\/\/laregionnoticia.com\/?p=3757#primaryimage"},"thumbnailUrl":"https:\/\/laregionnoticia.com\/wp-content\/uploads\/2026\/04\/trmp-cena-1.avif","articleSection":["Internacional"],"inLanguage":"es-CO"},{"@type":"WebPage","@id":"https:\/\/laregionnoticia.com\/?p=3757","url":"https:\/\/laregionnoticia.com\/?p=3757","name":"\ud83c\uddfa\ud83c\uddf8 En Video: Disparos cerca de evento con Donald Trump desatan alarma en Washington durante la cena de corresponsales - La Regi\u00f3n Noticia","isPartOf":{"@id":"https:\/\/laregionnoticia.com\/#website"},"primaryImageOfPage":{"@id":"https:\/\/laregionnoticia.com\/?p=3757#primaryimage"},"image":{"@id":"https:\/\/laregionnoticia.com\/?p=3757#primaryimage"},"thumbnailUrl":"https:\/\/laregionnoticia.com\/wp-content\/uploads\/2026\/04\/trmp-cena-1.avif","datePublished":"2026-04-26T04:16:25+00:00","breadcrumb":{"@id":"https:\/\/laregionnoticia.com\/?p=3757#breadcrumb"},"inLanguage":"es-CO","potentialAction":[{"@type":"ReadAction","target":["https:\/\/laregionnoticia.com\/?p=3757"]}]},{"@type":"ImageObject","inLanguage":"es-CO","@id":"https:\/\/laregionnoticia.com\/?p=3757#primaryimage","url":"https:\/\/laregionnoticia.com\/wp-content\/uploads\/2026\/04\/trmp-cena-1.avif","contentUrl":"https:\/\/laregionnoticia.com\/wp-content\/uploads\/2026\/04\/trmp-cena-1.avif","width":1200,"height":800},{"@type":"BreadcrumbList","@id":"https:\/\/laregionnoticia.com\/?p=3757#breadcrumb","itemListElement":[{"@type":"ListItem","position":1,"name":"Inicio","item":"https:\/\/laregionnoticia.com\/"},{"@type":"ListItem","position":2,"name":"\ud83c\uddfa\ud83c\uddf8 En Video: Disparos cerca de evento con Donald Trump desatan alarma en Washington durante la cena de corresponsales"}]},{"@type":"WebSite","@id":"https:\/\/laregionnoticia.com\/#website","url":"https:\/\/laregionnoticia.com\/","name":"La Regi\u00f3n Noticia","description":"Porque nuestro compromiso es la informaci\u00f3n veraz y oportuna","publisher":{"@id":"https:\/\/laregionnoticia.com\/#organization"},"potentialAction":[{"@type":"SearchAction","target":{"@type":"EntryPoint","urlTemplate":"https:\/\/laregionnoticia.com\/?s={search_term_string}"},"query-input":{"@type":"PropertyValueSpecification","valueRequired":true,"valueName":"search_term_string"}}],"inLanguage":"es-CO"},{"@type":"Organization","@id":"https:\/\/laregionnoticia.com\/#organization","name":"La Regi\u00f3n Noticia","url":"https:\/\/laregionnoticia.com\/","logo":{"@type":"ImageObject","inLanguage":"es-CO","@id":"https:\/\/laregionnoticia.com\/#\/schema\/logo\/image\/","url":"https:\/\/laregionnoticia.com\/wp-content\/uploads\/2026\/04\/logo-nuevo-LRN.jpeg","contentUrl":"https:\/\/laregionnoticia.com\/wp-content\/uploads\/2026\/04\/logo-nuevo-LRN.jpeg","width":1024,"height":1024,"caption":"La Regi\u00f3n Noticia"},"image":{"@id":"https:\/\/laregionnoticia.com\/#\/schema\/logo\/image\/"},"sameAs":["https:\/\/www.facebook.com\/profile.php?id=61566329187948&mibextid=ZbWKwL"]},{"@type":"Person","@id":"https:\/\/laregionnoticia.com\/#\/schema\/person\/5586c3a3653961e30e847de6e9b4db0c","name":"Redacci\u00f3n Digital La Regi\u00f3n","image":{"@type":"ImageObject","inLanguage":"es-CO","@id":"https:\/\/secure.gravatar.com\/avatar\/9b5f9df140c465a9462bbbe6f15e20d3c36ce881a9632c520e1a0c34017037a0?s=96&d=mm&r=g","url":"https:\/\/secure.gravatar.com\/avatar\/9b5f9df140c465a9462bbbe6f15e20d3c36ce881a9632c520e1a0c34017037a0?s=96&d=mm&r=g","contentUrl":"https:\/\/secure.gravatar.com\/avatar\/9b5f9df140c465a9462bbbe6f15e20d3c36ce881a9632c520e1a0c34017037a0?s=96&d=mm&r=g","caption":"Redacci\u00f3n Digital La Regi\u00f3n"},"sameAs":["http:\/\/laregionnoticia.com"],"url":"https:\/\/laregionnoticia.com\/?author=1"}]}},"_links":{"self":[{"href":"https:\/\/laregionnoticia.com\/index.php?rest_route=\/wp\/v2\/posts\/3757","targetHints":{"allow":["GET"]}}],"collection":[{"href":"https:\/\/laregionnoticia.com\/index.php?rest_route=\/wp\/v2\/posts"}],"about":[{"href":"https:\/\/laregionnoticia.com\/index.php?rest_route=\/wp\/v2\/types\/post"}],"author":[{"embeddable":true,"href":"https:\/\/laregionnoticia.com\/index.php?rest_route=\/wp\/v2\/users\/1"}],"replies":[{"embeddable":true,"href":"https:\/\/laregionnoticia.com\/index.php?rest_route=%2Fwp%2Fv2%2Fcomments&post=3757"}],"version-history":[{"count":1,"href":"https:\/\/laregionnoticia.com\/index.php?rest_route=\/wp\/v2\/posts\/3757\/revisions"}],"predecessor-version":[{"id":3761,"href":"https:\/\/laregionnoticia.com\/index.php?rest_route=\/wp\/v2\/posts\/3757\/revisions\/3761"}],"wp:featuredmedia":[{"embeddable":true,"href":"https:\/\/laregionnoticia.com\/index.php?rest_route=\/wp\/v2\/media\/3758"}],"wp:attachment":[{"href":"https:\/\/laregionnoticia.com\/index.php?rest_route=%2Fwp%2Fv2%2Fmedia&parent=3757"}],"wp:term":[{"taxonomy":"category","embeddable":true,"href":"https:\/\/laregionnoticia.com\/index.php?rest_route=%2Fwp%2Fv2%2Fcategories&post=3757"},{"taxonomy":"post_tag","embeddable":true,"href":"https:\/\/laregionnoticia.com\/index.php?rest_route=%2Fwp%2Fv2%2Ftags&post=3757"}],"curies":[{"name":"wp","href":"https:\/\/api.w.org\/{rel}","templated":true}]}}