{"id":3762,"date":"2026-04-26T16:20:00","date_gmt":"2026-04-26T21:20:00","guid":{"rendered":"https:\/\/laregionnoticia.com\/?p=3762"},"modified":"2026-04-26T16:20:00","modified_gmt":"2026-04-26T21:20:00","slug":"%f0%9f%87%aa%f0%9f%87%a8-ecuador-la-descuartizadora-de-sauces-el-crimen-de-su-madre-que-destapo-otro-asesinato-y-estremecio-a-guayaquil","status":"publish","type":"post","link":"https:\/\/laregionnoticia.com\/?p=3762","title":{"rendered":"\ud83c\uddea\ud83c\udde8 Ecuador | \u201cLa descuartizadora de Sauces\u201d: el crimen de su madre que destap\u00f3 otro asesinato y estremeci\u00f3 a Guayaquil"},"content":{"rendered":"\n<h2 class=\"wp-block-heading\">Una investigaci\u00f3n que comenz\u00f3 con un hallazgo dom\u00e9stico y termin\u00f3 destapando un posible patr\u00f3n de violencia extrema en Ecuador, la condena ejemplar a esta psic\u00f3pata<\/h2>\n\n\n\n<figure class=\"wp-block-image size-full is-resized\"><img loading=\"lazy\" decoding=\"async\" width=\"400\" height=\"400\" src=\"https:\/\/laregionnoticia.com\/wp-content\/uploads\/2026\/04\/andreina-2.png\" alt=\"\" class=\"wp-image-3764\" style=\"width:840px;height:auto\" srcset=\"https:\/\/laregionnoticia.com\/wp-content\/uploads\/2026\/04\/andreina-2.png 400w, https:\/\/laregionnoticia.com\/wp-content\/uploads\/2026\/04\/andreina-2-300x300.png 300w, https:\/\/laregionnoticia.com\/wp-content\/uploads\/2026\/04\/andreina-2-150x150.png 150w\" sizes=\"auto, (max-width: 400px) 100vw, 400px\" \/><\/figure>\n\n\n\n<h3 class=\"wp-block-heading\">Un hallazgo en un apartamento que desencaden\u00f3 una investigaci\u00f3n de alto impacto<\/h3>\n\n\n\n<p>El caso que hoy conmociona a Ecuador comenz\u00f3 con una escena que, por su crudeza, marc\u00f3 un punto de quiebre en la percepci\u00f3n p\u00fablica de la violencia en entornos dom\u00e9sticos. En octubre de 2025, tras varios d\u00edas de incertidumbre por la desaparici\u00f3n de una mujer en Guayaquil, familiares alertaron a las autoridades ante comportamientos inusuales dentro de su vivienda. Lo que inicialmente parec\u00eda un caso de ausencia sin explicaci\u00f3n tom\u00f3 un giro radical cuando agentes ingresaron al apartamento y encontraron el cuerpo de Martha Cecilia Sol\u00eds Cruz en condiciones que evidenciaban no solo un homicidio, sino un intento sistem\u00e1tico de ocultamiento. El hallazgo, dentro de un electrodom\u00e9stico, no solo gener\u00f3 impacto por su naturaleza, sino que tambi\u00e9n abri\u00f3 interrogantes inmediatos sobre lo ocurrido en ese espacio y el tiempo que el crimen permaneci\u00f3 oculto.<\/p>\n\n\n\n<h3 class=\"wp-block-heading\">La reconstrucci\u00f3n de los hechos y las primeras evidencias de manipulaci\u00f3n<\/h3>\n\n\n\n<p>A medida que avanz\u00f3 la inspecci\u00f3n t\u00e9cnica del lugar, las autoridades comenzaron a reconstruir una escena que suger\u00eda un nivel de intervenci\u00f3n posterior al crimen poco com\u00fan en casos de este tipo. Elementos encontrados en el apartamento indicaban que el cuerpo hab\u00eda sido manipulado y que exist\u00eda una intenci\u00f3n clara de evitar su descubrimiento. La presencia de herramientas, residuos y posibles sustancias utilizadas para contener el olor reforz\u00f3 la hip\u00f3tesis de que no se trataba de un hecho impulsivo, sino de una acci\u00f3n que incluy\u00f3 fases posteriores orientadas al ocultamiento. Este tipo de evidencia, sumado a la configuraci\u00f3n del espacio, permiti\u00f3 a los investigadores establecer una l\u00ednea de tiempo preliminar sobre c\u00f3mo pudo haberse desarrollado el crimen dentro del inmueble.<\/p>\n\n\n\n<h3 class=\"wp-block-heading\">El foco de la investigaci\u00f3n se centra en el entorno m\u00e1s cercano<\/h3>\n\n\n\n<p>Desde las primeras horas, la atenci\u00f3n de las autoridades se dirigi\u00f3 hacia el entorno inmediato de la v\u00edctima, en particular hacia su hija, Andre\u00edna Lamota, quien se encontraba vinculada directamente al lugar de los hechos. Reportes iniciales se\u00f1alaron comportamientos que despertaron sospechas, como la restricci\u00f3n de acceso al apartamento y respuestas inconsistentes frente a la ausencia de la v\u00edctima. Estos elementos, aunque inicialmente circunstanciales, cobraron mayor relevancia a medida que se consolidaban las pruebas f\u00edsicas dentro de la vivienda. La investigaci\u00f3n avanz\u00f3 r\u00e1pidamente hacia una hip\u00f3tesis central que situaba a la hija como principal sospechosa del homicidio.<\/p>\n\n\n\n<h3 class=\"wp-block-heading\">Indicios de planificaci\u00f3n y conducta posterior al crimen<\/h3>\n\n\n\n<p>Uno de los aspectos que m\u00e1s peso tuvo en el proceso investigativo fue la posible existencia de planificaci\u00f3n. Las autoridades identificaron indicios que suger\u00edan que la sospechosa habr\u00eda buscado informaci\u00f3n relacionada con la eliminaci\u00f3n de cuerpos y m\u00e9todos para evitar su detecci\u00f3n. Este elemento, sumado a la forma en que el cuerpo fue manipulado y ocultado, permiti\u00f3 construir una narrativa en la que el crimen no solo fue ejecutado, sino tambi\u00e9n seguido de una serie de acciones destinadas a retrasar su descubrimiento. Asimismo, se conocieron versiones seg\u00fan las cuales la sospechosa habr\u00eda intentado suplantar la identidad de la v\u00edctima tras su muerte, lo que a\u00f1ade una dimensi\u00f3n adicional al an\u00e1lisis del comportamiento posterior al hecho.<\/p>\n\n\n\n<h3 class=\"wp-block-heading\">Del crimen dom\u00e9stico a una condena judicial<\/h3>\n\n\n\n<p>Con el avance de las pruebas y la consolidaci\u00f3n del caso, las autoridades procedieron a la detenci\u00f3n de Andre\u00edna Lamota. El proceso judicial se desarroll\u00f3 con base en la evidencia recopilada en el lugar, as\u00ed como en los an\u00e1lisis forenses que confirmaban la responsabilidad en el homicidio. La contundencia de los hallazgos permiti\u00f3 que el caso avanzara con rapidez dentro del sistema judicial ecuatoriano, culminando en una condena de 40 a\u00f1os de prisi\u00f3n. Esta sentencia no solo respondi\u00f3 a la gravedad del crimen, sino tambi\u00e9n a la forma en que fue ejecutado y ocultado, elementos que fueron determinantes en la valoraci\u00f3n del caso por parte de las autoridades.<\/p>\n\n\n\n<h3 class=\"wp-block-heading\">Un giro inesperado que ampl\u00eda el alcance del caso<\/h3>\n\n\n\n<p>Cuando el proceso parec\u00eda centrarse exclusivamente en el asesinato de la madre, la investigaci\u00f3n tom\u00f3 un rumbo inesperado. Nuevas l\u00edneas de indagaci\u00f3n comenzaron a vincular el caso con la desaparici\u00f3n de una joven ocurrida a\u00f1os antes, lo que transform\u00f3 completamente la dimensi\u00f3n del expediente. Este giro no solo ampli\u00f3 el alcance de la investigaci\u00f3n, sino que tambi\u00e9n plante\u00f3 la posibilidad de que el crimen reciente no fuera un hecho aislado, sino parte de una conducta repetida en el tiempo.<\/p>\n\n\n\n<h3 class=\"wp-block-heading\">La desaparici\u00f3n de Jeniffer Banguera y su conexi\u00f3n con el caso<\/h3>\n\n\n\n<p>La nueva l\u00ednea de investigaci\u00f3n condujo a la revisi\u00f3n de un caso de desaparici\u00f3n registrado en 2022, correspondiente a Jeniffer Banguera, una joven que hab\u00eda sido vista por \u00faltima vez tras visitar el mismo domicilio donde a\u00f1os despu\u00e9s se descubrir\u00eda el cuerpo de la madre. Durante a\u00f1os, su desaparici\u00f3n permaneci\u00f3 sin una resoluci\u00f3n clara, convirti\u00e9ndose en uno de los casos pendientes dentro de los registros de personas desaparecidas. Sin embargo, la coincidencia de ubicaciones y v\u00ednculos personales llev\u00f3 a los investigadores a profundizar en una posible conexi\u00f3n entre ambos hechos.<\/p>\n\n\n\n<h3 class=\"wp-block-heading\">El hallazgo previo de restos humanos y su relevancia en la investigaci\u00f3n<\/h3>\n\n\n\n<p>En el marco de esa revisi\u00f3n, se retom\u00f3 un hallazgo ocurrido a\u00f1os atr\u00e1s: restos humanos encontrados dentro de una maleta en una zona cercana al entorno de la sospechosa. En su momento, estos restos no pudieron ser identificados, lo que dej\u00f3 el caso abierto y sin resoluci\u00f3n definitiva. La reactivaci\u00f3n de este expediente fue clave para establecer una posible relaci\u00f3n con la desaparici\u00f3n de Jeniffer Banguera y, por extensi\u00f3n, con el caso m\u00e1s reciente.<\/p>\n\n\n\n<h3 class=\"wp-block-heading\">La ciencia forense como pieza clave para cerrar el c\u00edrculo<\/h3>\n\n\n\n<p>Fue gracias a los avances en an\u00e1lisis gen\u00e9tico que se logr\u00f3 establecer una conexi\u00f3n definitiva entre ambos casos. Las pruebas de ADN permitieron confirmar que los restos encontrados a\u00f1os antes correspond\u00edan a la joven desaparecida, cerrando as\u00ed un cap\u00edtulo que hab\u00eda permanecido sin respuesta durante largo tiempo. Este hallazgo no solo resolvi\u00f3 una desaparici\u00f3n, sino que tambi\u00e9n vincul\u00f3 directamente a la misma persona con dos cr\u00edmenes de caracter\u00edsticas similares.<\/p>\n\n\n\n<h3 class=\"wp-block-heading\">La identificaci\u00f3n de un patr\u00f3n y sus implicaciones<\/h3>\n\n\n\n<p>La repetici\u00f3n de elementos en ambos casos \u2014desde la forma en que los cuerpos fueron manipulados hasta los m\u00e9todos de ocultamiento\u2014 llev\u00f3 a las autoridades a considerar la existencia de un patr\u00f3n. Este elemento fue determinante para elevar la gravedad del caso y situarlo dentro de una categor\u00eda que trasciende el crimen aislado. La posibilidad de una conducta reiterada introduce nuevas variables en el an\u00e1lisis judicial y criminol\u00f3gico, as\u00ed como en la percepci\u00f3n p\u00fablica del caso.<\/p>\n\n\n\n<h3 class=\"wp-block-heading\">Perfil y comportamiento analizado por investigadores<\/h3>\n\n\n\n<p>A lo largo del proceso, distintos reportes han se\u00f1alado caracter\u00edsticas en el comportamiento de la acusada que han sido objeto de an\u00e1lisis por parte de especialistas. Entre ellos, se menciona una aparente frialdad frente a los hechos y una ausencia de se\u00f1ales de arrepentimiento, aspectos que, aunque no determinan por s\u00ed solos la culpabilidad, s\u00ed forman parte del contexto en el que se eval\u00faa el caso.<\/p>\n\n\n\n<h3 class=\"wp-block-heading\">Reacci\u00f3n social y debate p\u00fablico en Ecuador<\/h3>\n\n\n\n<p>El impacto del caso ha trascendido el \u00e1mbito judicial, generando un amplio debate en la sociedad ecuatoriana. La combinaci\u00f3n de violencia extrema, cercan\u00eda entre v\u00edctima y victimaria, y la posibilidad de un segundo crimen no detectado durante a\u00f1os ha provocado cuestionamientos sobre los sistemas de alerta, investigaci\u00f3n y seguimiento de casos de desaparici\u00f3n. La opini\u00f3n p\u00fablica ha reaccionado con preocupaci\u00f3n ante la posibilidad de que hechos de esta naturaleza puedan pasar desapercibidos durante tanto tiempo.<\/p>\n\n\n\n<h3 class=\"wp-block-heading\">Implicaciones judiciales futuras y procesos en curso<\/h3>\n\n\n\n<p>Aunque ya existe una condena por el asesinato de la madre, la confirmaci\u00f3n del v\u00ednculo con el caso de la amiga abre la puerta a nuevas acciones judiciales. Las autoridades contin\u00faan trabajando en la consolidaci\u00f3n de pruebas para avanzar en este segundo proceso, que podr\u00eda derivar en nuevas imputaciones y sentencias.<\/p>\n\n\n\n<h3 class=\"wp-block-heading\">La importancia de la tecnolog\u00eda forense en casos complejos<\/h3>\n\n\n\n<p>Este caso pone de relieve el papel fundamental de la ciencia forense en la resoluci\u00f3n de cr\u00edmenes complejos. La posibilidad de identificar restos a\u00f1os despu\u00e9s de su hallazgo demuestra c\u00f3mo la tecnolog\u00eda puede ser determinante para cerrar casos que, en su momento, parec\u00edan no tener soluci\u00f3n.<\/p>\n\n\n\n<h3 class=\"wp-block-heading\">Situaci\u00f3n actual y seguimiento del caso<\/h3>\n\n\n\n<p>En la actualidad, Andre\u00edna Lamota permanece recluida en un centro de m\u00e1xima seguridad, mientras contin\u00faan las investigaciones relacionadas con el segundo caso. Las autoridades han se\u00f1alado que el proceso sigue abierto y que no se descartan nuevas revelaciones a medida que avanza el an\u00e1lisis de la evidencia.<\/p>\n\n\n\n<h3 class=\"wp-block-heading\">Un caso que marca un precedente en la regi\u00f3n<\/h3>\n\n\n\n<p>M\u00e1s all\u00e1 de sus implicaciones individuales, este caso se ha convertido en un referente dentro del an\u00e1lisis de la violencia extrema en la regi\u00f3n. Su desarrollo ha evidenciado tanto las limitaciones como las capacidades del sistema de justicia y de investigaci\u00f3n, dejando lecciones que podr\u00edan influir en la forma en que se abordan casos similares en el futuro.<\/p>\n\n\n\n<h3 class=\"wp-block-heading\">Condena de 40 a\u00f1os de prisi\u00f3n: el punto clave que marca el caso<\/h3>\n\n\n\n<p>Uno de los elementos m\u00e1s determinantes en este caso es que <strong>Andre\u00edna Lamota ya fue condenada a 40 a\u00f1os de prisi\u00f3n por el asesinato de su madre<\/strong>, una de las penas m\u00e1s altas contempladas en la legislaci\u00f3n ecuatoriana. La sentencia se dio tras un proceso judicial en el que las autoridades presentaron pruebas contundentes sobre lo ocurrido dentro del apartamento, incluyendo evidencias forenses y los intentos de ocultamiento del crimen. Este fallo no solo confirma la responsabilidad en el homicidio, sino que tambi\u00e9n se convierte en el eje central del caso, ya que ahora sirve como base para profundizar en la investigaci\u00f3n del segundo crimen vinculado a la desaparici\u00f3n de su amiga a\u00f1os atr\u00e1s. La condena, en ese sentido, no cierra la historia, sino que abre una nueva etapa judicial que podr\u00eda agravar a\u00fan m\u00e1s su situaci\u00f3n legal.<\/p>\n\n\n\n<h3 class=\"wp-block-heading\">\u201cLa descuartizadora de Sauces\u201d: el apodo que marc\u00f3 el caso en Ecuador<\/h3>\n\n\n\n<p>El caso dio un giro a\u00fan m\u00e1s impactante cuando en Ecuador comenz\u00f3 a ser conocida como <strong>\u201cla descuartizadora de Sauces\u201d<\/strong>, un apodo que r\u00e1pidamente se viraliz\u00f3 en medios y redes por la brutalidad de los hechos ocurridos en ese sector de Guayaquil. Seg\u00fan informaci\u00f3n difundida por GamaNoticias Ecuador, las autoridades tambi\u00e9n identificaron que Andre\u00edna Lamota Sol\u00eds ten\u00eda una <strong>fascinaci\u00f3n por asesinos en serie<\/strong>, lo que ha sido incorporado dentro del an\u00e1lisis de su perfil. Este elemento, sumado a la repetici\u00f3n de patrones en los cr\u00edmenes investigados, ha reforzado la percepci\u00f3n p\u00fablica de que no se trata de un hecho aislado, sino de un caso mucho m\u00e1s complejo que sigue generando impacto en el pa\u00eds.<\/p>\n\n\n\n<h3 class=\"wp-block-heading\">Una fascinaci\u00f3n inquietante que a\u00f1ade otra dimensi\u00f3n al caso<\/h3>\n\n\n\n<p>En medio de la investigaci\u00f3n, surgieron elementos que han generado a\u00fan m\u00e1s preocupaci\u00f3n en torno al perfil de Andre\u00edna Lamota. Seg\u00fan informaci\u00f3n difundida por GamaNoticias Ecuador, las autoridades identificaron que la acusada presentaba una <strong>profunda fascinaci\u00f3n por asesinos en serie<\/strong>, incluyendo figuras como Ted Bundy y Jeffrey Dahmer. Este dato, que forma parte del an\u00e1lisis del comportamiento y entorno de la implicada, ha sido considerado relevante dentro del contexto general del caso, ya que podr\u00eda aportar elementos para entender la posible construcci\u00f3n de patrones de conducta y la gravedad de los hechos investigados.<\/p>\n\n\n\n<figure class=\"wp-block-embed is-type-rich is-provider-twitter wp-block-embed-twitter\"><div class=\"wp-block-embed__wrapper\">\n<blockquote class=\"twitter-tweet\" data-width=\"550\" data-dnt=\"true\"><p lang=\"es\" dir=\"ltr\">Giro perturbador en uno de los casos criminales m\u00e1s impactantes registrados en <a href=\"https:\/\/twitter.com\/hashtag\/Guayaquil?src=hash&amp;ref_src=twsrc%5Etfw\">#Guayaquil<\/a>. Las autoridades confirmaron que Andre\u00edna Lamota Sol\u00eds, conocida como la &#39;<a href=\"https:\/\/twitter.com\/hashtag\/descuartizadoradeSauces?src=hash&amp;ref_src=twsrc%5Etfw\">#descuartizadoradeSauces<\/a>&#39;, presentaba una profunda fascinaci\u00f3n por asesinos en serie como Ted Bundy y Jeffrey\u2026 <a href=\"https:\/\/t.co\/H3hsR1y7Qe\">pic.twitter.com\/H3hsR1y7Qe<\/a><\/p>&mdash; GamaNoticias Ecuador (@GamaNoticiasEc) <a href=\"https:\/\/twitter.com\/GamaNoticiasEc\/status\/2047662340632621087?ref_src=twsrc%5Etfw\">April 24, 2026<\/a><\/blockquote><script async src=\"https:\/\/platform.twitter.com\/widgets.js\" charset=\"utf-8\"><\/script>\n<\/div><\/figure>\n","protected":false},"excerpt":{"rendered":"<p>Una investigaci\u00f3n que comenz\u00f3 con un hallazgo dom\u00e9stico y termin\u00f3 destapando un posible patr\u00f3n de violencia extrema en Ecuador, la condena ejemplar a esta psic\u00f3pata Un hallazgo en un apartamento&hellip; <\/p>\n","protected":false},"author":1,"featured_media":3763,"comment_status":"closed","ping_status":"open","sticky":false,"template":"","format":"standard","meta":{"footnotes":""},"categories":[1],"tags":[],"class_list":["post-3762","post","type-post","status-publish","format-standard","has-post-thumbnail","hentry","category-internacional"],"yoast_head":"<!-- This site is optimized with the Yoast SEO plugin v27.4 - https:\/\/yoast.com\/product\/yoast-seo-wordpress\/ -->\n<title>\ud83c\uddea\ud83c\udde8 Ecuador | \u201cLa descuartizadora de Sauces\u201d: el crimen de su madre que destap\u00f3 otro asesinato y estremeci\u00f3 a Guayaquil - La Regi\u00f3n Noticia<\/title>\n<meta name=\"robots\" content=\"index, follow, max-snippet:-1, max-image-preview:large, max-video-preview:-1\" \/>\n<link rel=\"canonical\" href=\"https:\/\/laregionnoticia.com\/?p=3762\" \/>\n<meta property=\"og:locale\" content=\"es_ES\" \/>\n<meta property=\"og:type\" content=\"article\" \/>\n<meta property=\"og:title\" content=\"\ud83c\uddea\ud83c\udde8 Ecuador | \u201cLa descuartizadora de Sauces\u201d: el crimen de su madre que destap\u00f3 otro asesinato y estremeci\u00f3 a Guayaquil - La Regi\u00f3n Noticia\" \/>\n<meta property=\"og:description\" content=\"Una investigaci\u00f3n que comenz\u00f3 con un hallazgo dom\u00e9stico y termin\u00f3 destapando un posible patr\u00f3n de violencia extrema en Ecuador, la condena ejemplar a esta psic\u00f3pata Un hallazgo en un apartamento&hellip;\" \/>\n<meta property=\"og:url\" content=\"https:\/\/laregionnoticia.com\/?p=3762\" \/>\n<meta property=\"og:site_name\" content=\"La Regi\u00f3n Noticia\" \/>\n<meta property=\"article:publisher\" content=\"https:\/\/www.facebook.com\/profile.php?id=61566329187948&amp;mibextid=ZbWKwL\" \/>\n<meta property=\"article:published_time\" content=\"2026-04-26T21:20:00+00:00\" \/>\n<meta property=\"og:image\" content=\"https:\/\/laregionnoticia.com\/wp-content\/uploads\/2026\/04\/andreina-lamota.jpg\" \/>\n\t<meta property=\"og:image:width\" content=\"679\" \/>\n\t<meta property=\"og:image:height\" content=\"383\" \/>\n\t<meta property=\"og:image:type\" content=\"image\/jpeg\" \/>\n<meta name=\"author\" content=\"Redacci\u00f3n Digital La Regi\u00f3n\" \/>\n<meta name=\"twitter:card\" content=\"summary_large_image\" \/>\n<meta name=\"twitter:label1\" content=\"Escrito por\" \/>\n\t<meta name=\"twitter:data1\" content=\"Redacci\u00f3n Digital La Regi\u00f3n\" \/>\n\t<meta name=\"twitter:label2\" content=\"Tiempo de lectura\" \/>\n\t<meta name=\"twitter:data2\" content=\"9 minutos\" \/>\n<script type=\"application\/ld+json\" class=\"yoast-schema-graph\">{\"@context\":\"https:\\\/\\\/schema.org\",\"@graph\":[{\"@type\":\"Article\",\"@id\":\"https:\\\/\\\/laregionnoticia.com\\\/?p=3762#article\",\"isPartOf\":{\"@id\":\"https:\\\/\\\/laregionnoticia.com\\\/?p=3762\"},\"author\":{\"name\":\"Redacci\u00f3n Digital La Regi\u00f3n\",\"@id\":\"https:\\\/\\\/laregionnoticia.com\\\/#\\\/schema\\\/person\\\/5586c3a3653961e30e847de6e9b4db0c\"},\"headline\":\"\ud83c\uddea\ud83c\udde8 Ecuador | \u201cLa descuartizadora de Sauces\u201d: el crimen de su madre que destap\u00f3 otro asesinato y estremeci\u00f3 a Guayaquil\",\"datePublished\":\"2026-04-26T21:20:00+00:00\",\"mainEntityOfPage\":{\"@id\":\"https:\\\/\\\/laregionnoticia.com\\\/?p=3762\"},\"wordCount\":2088,\"publisher\":{\"@id\":\"https:\\\/\\\/laregionnoticia.com\\\/#organization\"},\"image\":{\"@id\":\"https:\\\/\\\/laregionnoticia.com\\\/?p=3762#primaryimage\"},\"thumbnailUrl\":\"https:\\\/\\\/laregionnoticia.com\\\/wp-content\\\/uploads\\\/2026\\\/04\\\/andreina-lamota.jpg\",\"articleSection\":[\"Internacional\"],\"inLanguage\":\"es-CO\"},{\"@type\":\"WebPage\",\"@id\":\"https:\\\/\\\/laregionnoticia.com\\\/?p=3762\",\"url\":\"https:\\\/\\\/laregionnoticia.com\\\/?p=3762\",\"name\":\"\ud83c\uddea\ud83c\udde8 Ecuador | \u201cLa descuartizadora de Sauces\u201d: el crimen de su madre que destap\u00f3 otro asesinato y estremeci\u00f3 a Guayaquil - La Regi\u00f3n Noticia\",\"isPartOf\":{\"@id\":\"https:\\\/\\\/laregionnoticia.com\\\/#website\"},\"primaryImageOfPage\":{\"@id\":\"https:\\\/\\\/laregionnoticia.com\\\/?p=3762#primaryimage\"},\"image\":{\"@id\":\"https:\\\/\\\/laregionnoticia.com\\\/?p=3762#primaryimage\"},\"thumbnailUrl\":\"https:\\\/\\\/laregionnoticia.com\\\/wp-content\\\/uploads\\\/2026\\\/04\\\/andreina-lamota.jpg\",\"datePublished\":\"2026-04-26T21:20:00+00:00\",\"breadcrumb\":{\"@id\":\"https:\\\/\\\/laregionnoticia.com\\\/?p=3762#breadcrumb\"},\"inLanguage\":\"es-CO\",\"potentialAction\":[{\"@type\":\"ReadAction\",\"target\":[\"https:\\\/\\\/laregionnoticia.com\\\/?p=3762\"]}]},{\"@type\":\"ImageObject\",\"inLanguage\":\"es-CO\",\"@id\":\"https:\\\/\\\/laregionnoticia.com\\\/?p=3762#primaryimage\",\"url\":\"https:\\\/\\\/laregionnoticia.com\\\/wp-content\\\/uploads\\\/2026\\\/04\\\/andreina-lamota.jpg\",\"contentUrl\":\"https:\\\/\\\/laregionnoticia.com\\\/wp-content\\\/uploads\\\/2026\\\/04\\\/andreina-lamota.jpg\",\"width\":679,\"height\":383},{\"@type\":\"BreadcrumbList\",\"@id\":\"https:\\\/\\\/laregionnoticia.com\\\/?p=3762#breadcrumb\",\"itemListElement\":[{\"@type\":\"ListItem\",\"position\":1,\"name\":\"Inicio\",\"item\":\"https:\\\/\\\/laregionnoticia.com\\\/\"},{\"@type\":\"ListItem\",\"position\":2,\"name\":\"\ud83c\uddea\ud83c\udde8 Ecuador | \u201cLa descuartizadora de Sauces\u201d: el crimen de su madre que destap\u00f3 otro asesinato y estremeci\u00f3 a Guayaquil\"}]},{\"@type\":\"WebSite\",\"@id\":\"https:\\\/\\\/laregionnoticia.com\\\/#website\",\"url\":\"https:\\\/\\\/laregionnoticia.com\\\/\",\"name\":\"La Regi\u00f3n Noticia\",\"description\":\"Porque nuestro compromiso es la informaci\u00f3n veraz y oportuna\",\"publisher\":{\"@id\":\"https:\\\/\\\/laregionnoticia.com\\\/#organization\"},\"potentialAction\":[{\"@type\":\"SearchAction\",\"target\":{\"@type\":\"EntryPoint\",\"urlTemplate\":\"https:\\\/\\\/laregionnoticia.com\\\/?s={search_term_string}\"},\"query-input\":{\"@type\":\"PropertyValueSpecification\",\"valueRequired\":true,\"valueName\":\"search_term_string\"}}],\"inLanguage\":\"es-CO\"},{\"@type\":\"Organization\",\"@id\":\"https:\\\/\\\/laregionnoticia.com\\\/#organization\",\"name\":\"La Regi\u00f3n Noticia\",\"url\":\"https:\\\/\\\/laregionnoticia.com\\\/\",\"logo\":{\"@type\":\"ImageObject\",\"inLanguage\":\"es-CO\",\"@id\":\"https:\\\/\\\/laregionnoticia.com\\\/#\\\/schema\\\/logo\\\/image\\\/\",\"url\":\"https:\\\/\\\/laregionnoticia.com\\\/wp-content\\\/uploads\\\/2026\\\/04\\\/logo-nuevo-LRN.jpeg\",\"contentUrl\":\"https:\\\/\\\/laregionnoticia.com\\\/wp-content\\\/uploads\\\/2026\\\/04\\\/logo-nuevo-LRN.jpeg\",\"width\":1024,\"height\":1024,\"caption\":\"La Regi\u00f3n Noticia\"},\"image\":{\"@id\":\"https:\\\/\\\/laregionnoticia.com\\\/#\\\/schema\\\/logo\\\/image\\\/\"},\"sameAs\":[\"https:\\\/\\\/www.facebook.com\\\/profile.php?id=61566329187948&mibextid=ZbWKwL\"]},{\"@type\":\"Person\",\"@id\":\"https:\\\/\\\/laregionnoticia.com\\\/#\\\/schema\\\/person\\\/5586c3a3653961e30e847de6e9b4db0c\",\"name\":\"Redacci\u00f3n Digital La Regi\u00f3n\",\"image\":{\"@type\":\"ImageObject\",\"inLanguage\":\"es-CO\",\"@id\":\"https:\\\/\\\/secure.gravatar.com\\\/avatar\\\/9b5f9df140c465a9462bbbe6f15e20d3c36ce881a9632c520e1a0c34017037a0?s=96&d=mm&r=g\",\"url\":\"https:\\\/\\\/secure.gravatar.com\\\/avatar\\\/9b5f9df140c465a9462bbbe6f15e20d3c36ce881a9632c520e1a0c34017037a0?s=96&d=mm&r=g\",\"contentUrl\":\"https:\\\/\\\/secure.gravatar.com\\\/avatar\\\/9b5f9df140c465a9462bbbe6f15e20d3c36ce881a9632c520e1a0c34017037a0?s=96&d=mm&r=g\",\"caption\":\"Redacci\u00f3n Digital La Regi\u00f3n\"},\"sameAs\":[\"http:\\\/\\\/laregionnoticia.com\"],\"url\":\"https:\\\/\\\/laregionnoticia.com\\\/?author=1\"}]}<\/script>\n<!-- \/ Yoast SEO plugin. -->","yoast_head_json":{"title":"\ud83c\uddea\ud83c\udde8 Ecuador | \u201cLa descuartizadora de Sauces\u201d: el crimen de su madre que destap\u00f3 otro asesinato y estremeci\u00f3 a Guayaquil - La Regi\u00f3n Noticia","robots":{"index":"index","follow":"follow","max-snippet":"max-snippet:-1","max-image-preview":"max-image-preview:large","max-video-preview":"max-video-preview:-1"},"canonical":"https:\/\/laregionnoticia.com\/?p=3762","og_locale":"es_ES","og_type":"article","og_title":"\ud83c\uddea\ud83c\udde8 Ecuador | \u201cLa descuartizadora de Sauces\u201d: el crimen de su madre que destap\u00f3 otro asesinato y estremeci\u00f3 a Guayaquil - La Regi\u00f3n Noticia","og_description":"Una investigaci\u00f3n que comenz\u00f3 con un hallazgo dom\u00e9stico y termin\u00f3 destapando un posible patr\u00f3n de violencia extrema en Ecuador, la condena ejemplar a esta psic\u00f3pata Un hallazgo en un apartamento&hellip;","og_url":"https:\/\/laregionnoticia.com\/?p=3762","og_site_name":"La Regi\u00f3n Noticia","article_publisher":"https:\/\/www.facebook.com\/profile.php?id=61566329187948&mibextid=ZbWKwL","article_published_time":"2026-04-26T21:20:00+00:00","og_image":[{"width":679,"height":383,"url":"https:\/\/laregionnoticia.com\/wp-content\/uploads\/2026\/04\/andreina-lamota.jpg","type":"image\/jpeg"}],"author":"Redacci\u00f3n Digital La Regi\u00f3n","twitter_card":"summary_large_image","twitter_misc":{"Escrito por":"Redacci\u00f3n Digital La Regi\u00f3n","Tiempo de lectura":"9 minutos"},"schema":{"@context":"https:\/\/schema.org","@graph":[{"@type":"Article","@id":"https:\/\/laregionnoticia.com\/?p=3762#article","isPartOf":{"@id":"https:\/\/laregionnoticia.com\/?p=3762"},"author":{"name":"Redacci\u00f3n Digital La Regi\u00f3n","@id":"https:\/\/laregionnoticia.com\/#\/schema\/person\/5586c3a3653961e30e847de6e9b4db0c"},"headline":"\ud83c\uddea\ud83c\udde8 Ecuador | \u201cLa descuartizadora de Sauces\u201d: el crimen de su madre que destap\u00f3 otro asesinato y estremeci\u00f3 a Guayaquil","datePublished":"2026-04-26T21:20:00+00:00","mainEntityOfPage":{"@id":"https:\/\/laregionnoticia.com\/?p=3762"},"wordCount":2088,"publisher":{"@id":"https:\/\/laregionnoticia.com\/#organization"},"image":{"@id":"https:\/\/laregionnoticia.com\/?p=3762#primaryimage"},"thumbnailUrl":"https:\/\/laregionnoticia.com\/wp-content\/uploads\/2026\/04\/andreina-lamota.jpg","articleSection":["Internacional"],"inLanguage":"es-CO"},{"@type":"WebPage","@id":"https:\/\/laregionnoticia.com\/?p=3762","url":"https:\/\/laregionnoticia.com\/?p=3762","name":"\ud83c\uddea\ud83c\udde8 Ecuador | \u201cLa descuartizadora de Sauces\u201d: el crimen de su madre que destap\u00f3 otro asesinato y estremeci\u00f3 a Guayaquil - La Regi\u00f3n Noticia","isPartOf":{"@id":"https:\/\/laregionnoticia.com\/#website"},"primaryImageOfPage":{"@id":"https:\/\/laregionnoticia.com\/?p=3762#primaryimage"},"image":{"@id":"https:\/\/laregionnoticia.com\/?p=3762#primaryimage"},"thumbnailUrl":"https:\/\/laregionnoticia.com\/wp-content\/uploads\/2026\/04\/andreina-lamota.jpg","datePublished":"2026-04-26T21:20:00+00:00","breadcrumb":{"@id":"https:\/\/laregionnoticia.com\/?p=3762#breadcrumb"},"inLanguage":"es-CO","potentialAction":[{"@type":"ReadAction","target":["https:\/\/laregionnoticia.com\/?p=3762"]}]},{"@type":"ImageObject","inLanguage":"es-CO","@id":"https:\/\/laregionnoticia.com\/?p=3762#primaryimage","url":"https:\/\/laregionnoticia.com\/wp-content\/uploads\/2026\/04\/andreina-lamota.jpg","contentUrl":"https:\/\/laregionnoticia.com\/wp-content\/uploads\/2026\/04\/andreina-lamota.jpg","width":679,"height":383},{"@type":"BreadcrumbList","@id":"https:\/\/laregionnoticia.com\/?p=3762#breadcrumb","itemListElement":[{"@type":"ListItem","position":1,"name":"Inicio","item":"https:\/\/laregionnoticia.com\/"},{"@type":"ListItem","position":2,"name":"\ud83c\uddea\ud83c\udde8 Ecuador | \u201cLa descuartizadora de Sauces\u201d: el crimen de su madre que destap\u00f3 otro asesinato y estremeci\u00f3 a Guayaquil"}]},{"@type":"WebSite","@id":"https:\/\/laregionnoticia.com\/#website","url":"https:\/\/laregionnoticia.com\/","name":"La Regi\u00f3n Noticia","description":"Porque nuestro compromiso es la informaci\u00f3n veraz y oportuna","publisher":{"@id":"https:\/\/laregionnoticia.com\/#organization"},"potentialAction":[{"@type":"SearchAction","target":{"@type":"EntryPoint","urlTemplate":"https:\/\/laregionnoticia.com\/?s={search_term_string}"},"query-input":{"@type":"PropertyValueSpecification","valueRequired":true,"valueName":"search_term_string"}}],"inLanguage":"es-CO"},{"@type":"Organization","@id":"https:\/\/laregionnoticia.com\/#organization","name":"La Regi\u00f3n Noticia","url":"https:\/\/laregionnoticia.com\/","logo":{"@type":"ImageObject","inLanguage":"es-CO","@id":"https:\/\/laregionnoticia.com\/#\/schema\/logo\/image\/","url":"https:\/\/laregionnoticia.com\/wp-content\/uploads\/2026\/04\/logo-nuevo-LRN.jpeg","contentUrl":"https:\/\/laregionnoticia.com\/wp-content\/uploads\/2026\/04\/logo-nuevo-LRN.jpeg","width":1024,"height":1024,"caption":"La Regi\u00f3n Noticia"},"image":{"@id":"https:\/\/laregionnoticia.com\/#\/schema\/logo\/image\/"},"sameAs":["https:\/\/www.facebook.com\/profile.php?id=61566329187948&mibextid=ZbWKwL"]},{"@type":"Person","@id":"https:\/\/laregionnoticia.com\/#\/schema\/person\/5586c3a3653961e30e847de6e9b4db0c","name":"Redacci\u00f3n Digital La Regi\u00f3n","image":{"@type":"ImageObject","inLanguage":"es-CO","@id":"https:\/\/secure.gravatar.com\/avatar\/9b5f9df140c465a9462bbbe6f15e20d3c36ce881a9632c520e1a0c34017037a0?s=96&d=mm&r=g","url":"https:\/\/secure.gravatar.com\/avatar\/9b5f9df140c465a9462bbbe6f15e20d3c36ce881a9632c520e1a0c34017037a0?s=96&d=mm&r=g","contentUrl":"https:\/\/secure.gravatar.com\/avatar\/9b5f9df140c465a9462bbbe6f15e20d3c36ce881a9632c520e1a0c34017037a0?s=96&d=mm&r=g","caption":"Redacci\u00f3n Digital La Regi\u00f3n"},"sameAs":["http:\/\/laregionnoticia.com"],"url":"https:\/\/laregionnoticia.com\/?author=1"}]}},"_links":{"self":[{"href":"https:\/\/laregionnoticia.com\/index.php?rest_route=\/wp\/v2\/posts\/3762","targetHints":{"allow":["GET"]}}],"collection":[{"href":"https:\/\/laregionnoticia.com\/index.php?rest_route=\/wp\/v2\/posts"}],"about":[{"href":"https:\/\/laregionnoticia.com\/index.php?rest_route=\/wp\/v2\/types\/post"}],"author":[{"embeddable":true,"href":"https:\/\/laregionnoticia.com\/index.php?rest_route=\/wp\/v2\/users\/1"}],"replies":[{"embeddable":true,"href":"https:\/\/laregionnoticia.com\/index.php?rest_route=%2Fwp%2Fv2%2Fcomments&post=3762"}],"version-history":[{"count":1,"href":"https:\/\/laregionnoticia.com\/index.php?rest_route=\/wp\/v2\/posts\/3762\/revisions"}],"predecessor-version":[{"id":3765,"href":"https:\/\/laregionnoticia.com\/index.php?rest_route=\/wp\/v2\/posts\/3762\/revisions\/3765"}],"wp:featuredmedia":[{"embeddable":true,"href":"https:\/\/laregionnoticia.com\/index.php?rest_route=\/wp\/v2\/media\/3763"}],"wp:attachment":[{"href":"https:\/\/laregionnoticia.com\/index.php?rest_route=%2Fwp%2Fv2%2Fmedia&parent=3762"}],"wp:term":[{"taxonomy":"category","embeddable":true,"href":"https:\/\/laregionnoticia.com\/index.php?rest_route=%2Fwp%2Fv2%2Fcategories&post=3762"},{"taxonomy":"post_tag","embeddable":true,"href":"https:\/\/laregionnoticia.com\/index.php?rest_route=%2Fwp%2Fv2%2Ftags&post=3762"}],"curies":[{"name":"wp","href":"https:\/\/api.w.org\/{rel}","templated":true}]}}