{"id":3766,"date":"2026-04-27T12:59:31","date_gmt":"2026-04-27T17:59:31","guid":{"rendered":"https:\/\/laregionnoticia.com\/?p=3766"},"modified":"2026-04-27T13:02:32","modified_gmt":"2026-04-27T18:02:32","slug":"%f0%9f%87%ba%f0%9f%87%b8-ee-uu-trump-arremete-contra-jimmy-kimmel-tras-polemico-comentario-y-lo-vincula-con-incidente-de-seguridad-en-washington","status":"publish","type":"post","link":"https:\/\/laregionnoticia.com\/?p=3766","title":{"rendered":"\ud83c\uddfa\ud83c\uddf8 EE. UU. | Trump arremete contra Jimmy Kimmel tras pol\u00e9mico comentario y lo vincula con incidente de seguridad en Washington"},"content":{"rendered":"\n<figure class=\"wp-block-image size-large\"><img loading=\"lazy\" decoding=\"async\" width=\"1024\" height=\"681\" src=\"https:\/\/laregionnoticia.com\/wp-content\/uploads\/2026\/04\/jimmy-kimmel-live-abc-1024x681.jpg\" alt=\"\" class=\"wp-image-3767\" srcset=\"https:\/\/laregionnoticia.com\/wp-content\/uploads\/2026\/04\/jimmy-kimmel-live-abc-1024x681.jpg 1024w, https:\/\/laregionnoticia.com\/wp-content\/uploads\/2026\/04\/jimmy-kimmel-live-abc-300x199.jpg 300w, https:\/\/laregionnoticia.com\/wp-content\/uploads\/2026\/04\/jimmy-kimmel-live-abc-768x511.jpg 768w, https:\/\/laregionnoticia.com\/wp-content\/uploads\/2026\/04\/jimmy-kimmel-live-abc.jpg 1504w\" sizes=\"auto, (max-width: 1024px) 100vw, 1024px\" \/><\/figure>\n\n\n\n<h2 class=\"wp-block-heading\">El presidente acusa al presentador de cruzar la l\u00ednea del humor pol\u00edtico y sugiere una conexi\u00f3n con el intento de ataque durante la cena de corresponsales<\/h2>\n\n\n\n<h3 class=\"wp-block-heading\">Un nuevo choque entre pol\u00edtica y entretenimiento en Estados Unidos<\/h3>\n\n\n\n<p>La tensi\u00f3n entre la pol\u00edtica y el entretenimiento en Estados Unidos volvi\u00f3 a escalar tras una fuerte declaraci\u00f3n de Donald Trump contra el presentador de televisi\u00f3n Jimmy Kimmel. El conflicto se origin\u00f3 a ra\u00edz de un segmento emitido en el programa Jimmy Kimmel Live!, donde se realizaron comentarios sat\u00edricos sobre la familia del presidente, lo que desencaden\u00f3 una reacci\u00f3n inmediata y contundente desde el \u00e1mbito pol\u00edtico.<\/p>\n\n\n\n<h3 class=\"wp-block-heading\">El contenido del programa que desat\u00f3 la pol\u00e9mica<\/h3>\n\n\n\n<p>De acuerdo con lo que ha circulado p\u00fablicamente, el segmento incluy\u00f3 un montaje humor\u00edstico en el que aparec\u00edan Melania Trump y Barron Trump, presentado como si estuvieran en el estudio del programa. Este tipo de recursos forma parte habitual del formato de s\u00e1tira pol\u00edtica en la televisi\u00f3n estadounidense, donde se utilizan ediciones y guiones ir\u00f3nicos para generar contenido cr\u00edtico y humor\u00edstico. Sin embargo, el punto m\u00e1s controversial fue un comentario en el que Kimmel describi\u00f3 a la Primera Dama con una frase que fue interpretada por sectores pol\u00edticos como ofensiva y de mal gusto, lo que r\u00e1pidamente amplific\u00f3 la reacci\u00f3n en redes sociales y medios.<\/p>\n\n\n\n<figure class=\"wp-block-embed is-type-rich is-provider-twitter wp-block-embed-twitter\"><div class=\"wp-block-embed__wrapper\">\n<blockquote class=\"twitter-tweet\" data-width=\"550\" data-dnt=\"true\"><p lang=\"es\" dir=\"ltr\">\ud83c\uddfa\ud83c\uddf8 | Jimmy Kimmel: &quot;Nuestra Primera Dama est\u00e1 aqu\u00ed. Sra. Trump\u2026 tiene un brillo como el de una viuda a la que le espera una herencia.&quot; <a href=\"https:\/\/t.co\/D1F8wPpQYJ\">pic.twitter.com\/D1F8wPpQYJ<\/a><\/p>&mdash; Alerta News 24 (@AlertaNews24) <a href=\"https:\/\/twitter.com\/AlertaNews24\/status\/2048633488954302569?ref_src=twsrc%5Etfw\">April 27, 2026<\/a><\/blockquote><script async src=\"https:\/\/platform.twitter.com\/widgets.js\" charset=\"utf-8\"><\/script>\n<\/div><\/figure>\n\n\n\n<h3 class=\"wp-block-heading\">La respuesta de Trump y la acusaci\u00f3n de \u201ccruzar la l\u00ednea\u201d<\/h3>\n\n\n\n<p>La reacci\u00f3n de Donald Trump no se hizo esperar. A trav\u00e9s de su red social, el mandatario calific\u00f3 a Kimmel como un presentador \u201csin gracia\u201d y critic\u00f3 sus niveles de audiencia, pero fue m\u00e1s all\u00e1 al acusarlo de haber realizado un comentario que, en su opini\u00f3n, constituye un \u201cllamado a la violencia\u201d. En su publicaci\u00f3n, Trump tambi\u00e9n exigi\u00f3 que el presentador fuera despedido por Disney y ABC, elevando el tono del conflicto a un nivel institucional.<\/p>\n\n\n\n<figure class=\"wp-block-image size-large\"><img loading=\"lazy\" decoding=\"async\" width=\"765\" height=\"1024\" src=\"https:\/\/laregionnoticia.com\/wp-content\/uploads\/2026\/04\/trut-trump-765x1024.jpg\" alt=\"\" class=\"wp-image-3768\" srcset=\"https:\/\/laregionnoticia.com\/wp-content\/uploads\/2026\/04\/trut-trump-765x1024.jpg 765w, https:\/\/laregionnoticia.com\/wp-content\/uploads\/2026\/04\/trut-trump-224x300.jpg 224w, https:\/\/laregionnoticia.com\/wp-content\/uploads\/2026\/04\/trut-trump-768x1027.jpg 768w, https:\/\/laregionnoticia.com\/wp-content\/uploads\/2026\/04\/trut-trump-1148x1536.jpg 1148w, https:\/\/laregionnoticia.com\/wp-content\/uploads\/2026\/04\/trut-trump.jpg 1320w\" sizes=\"auto, (max-width: 765px) 100vw, 765px\" \/><\/figure>\n\n\n\n<h3 class=\"wp-block-heading\">El elemento m\u00e1s delicado: la conexi\u00f3n con un incidente de seguridad<\/h3>\n\n\n\n<p>Lo que convierte este episodio en un asunto de mayor gravedad es que Trump vincul\u00f3 directamente el comentario de Kimmel con un hecho reciente: el intento de ingreso armado durante la cena de corresponsales en Washington. Seg\u00fan el mandatario, el atacante habr\u00eda actuado con una \u201craz\u00f3n obvia y siniestra\u201d, sugiriendo que el clima generado por este tipo de contenido medi\u00e1tico podr\u00eda haber influido en el incidente. Esta afirmaci\u00f3n, sin embargo, no ha sido respaldada por evidencia oficial hasta el momento.<\/p>\n\n\n\n<h3 class=\"wp-block-heading\">El ataque durante la cena de corresponsales y el contexto de seguridad<\/h3>\n\n\n\n<p>El incidente al que hace referencia el presidente ocurri\u00f3 en el marco de la cena de corresponsales, un evento de alto perfil que re\u00fane a figuras pol\u00edticas, periodistas y celebridades. Durante la noche, un individuo armado intent\u00f3 acercarse al per\u00edmetro de seguridad, lo que activ\u00f3 la respuesta inmediata del Servicio Secreto. El atacante fue reducido y detenido en el lugar, mientras que el presidente fue evacuado sin sufrir da\u00f1os. Aunque el hecho gener\u00f3 alarma, las autoridades no han confirmado una motivaci\u00f3n pol\u00edtica directa ni una conexi\u00f3n con contenido medi\u00e1tico espec\u00edfico.<\/p>\n\n\n\n<h3 class=\"wp-block-heading\">S\u00e1tira pol\u00edtica y libertad de expresi\u00f3n: un debate recurrente<\/h3>\n\n\n\n<p>El caso reabre un debate de larga data en Estados Unidos: los l\u00edmites del humor pol\u00edtico. Programas como el de Jimmy Kimmel forman parte de una tradici\u00f3n en la que la s\u00e1tira act\u00faa como herramienta de cr\u00edtica al poder. Sin embargo, cuando el contenido involucra a figuras familiares o utiliza lenguaje considerado ofensivo, las reacciones suelen intensificarse, especialmente en un contexto pol\u00edtico polarizado.<\/p>\n\n\n\n<h3 class=\"wp-block-heading\">La reacci\u00f3n p\u00fablica y la polarizaci\u00f3n del debate<\/h3>\n\n\n\n<p>Tras la publicaci\u00f3n de Trump, las reacciones no tardaron en dividirse. Por un lado, sectores afines al mandatario respaldaron sus declaraciones, argumentando que el comentario cruz\u00f3 l\u00edmites \u00e9ticos y personales. Por otro, defensores de la libertad de expresi\u00f3n se\u00f1alaron que el contenido forma parte del ejercicio sat\u00edrico protegido dentro del marco democr\u00e1tico. Esta divisi\u00f3n refleja una polarizaci\u00f3n m\u00e1s amplia que atraviesa tanto el \u00e1mbito pol\u00edtico como el medi\u00e1tico en Estados Unidos.<\/p>\n\n\n\n<h3 class=\"wp-block-heading\">El papel de las grandes cadenas en la controversia<\/h3>\n\n\n\n<p>La solicitud de Trump de que Disney y ABC tomen medidas contra Kimmel introduce otro elemento en el conflicto: la responsabilidad de las plataformas que emiten este tipo de contenido. Aunque hasta ahora no se ha anunciado ninguna acci\u00f3n oficial por parte de las compa\u00f1\u00edas, el se\u00f1alamiento directo coloca presi\u00f3n sobre las decisiones editoriales y corporativas en un contexto altamente sensible.<\/p>\n\n\n\n<h3 class=\"wp-block-heading\">\u00bfExiste una relaci\u00f3n real entre el contenido y el ataque?<\/h3>\n\n\n\n<p>Uno de los puntos m\u00e1s cr\u00edticos del debate es la posible relaci\u00f3n entre el comentario del programa y el intento de ataque. Hasta el momento, no existe evidencia confirmada por las autoridades que respalde esta conexi\u00f3n. Las investigaciones sobre el atacante contin\u00faan en curso, y los reportes preliminares apuntan a un individuo que habr\u00eda actuado de manera independiente, sin v\u00ednculos claros con actores pol\u00edticos o medi\u00e1ticos.<\/p>\n\n\n\n<h3 class=\"wp-block-heading\">La narrativa pol\u00edtica y el uso de los medios<\/h3>\n\n\n\n<p>El episodio tambi\u00e9n pone de relieve c\u00f3mo los actores pol\u00edticos utilizan los medios y las redes sociales para construir narrativas. En este caso, la declaraci\u00f3n de Trump no solo responde a un contenido espec\u00edfico, sino que tambi\u00e9n posiciona un argumento m\u00e1s amplio sobre el papel de los medios en la generaci\u00f3n de clima social y pol\u00edtico.<\/p>\n\n\n\n<h3 class=\"wp-block-heading\">Antecedentes de enfrentamientos entre Trump y presentadores de televisi\u00f3n<\/h3>\n\n\n\n<p>No es la primera vez que Donald Trump mantiene enfrentamientos con figuras del entretenimiento. A lo largo de los a\u00f1os, varios presentadores de programas nocturnos han sido objeto de cr\u00edticas similares por parte del mandatario, lo que evidencia una relaci\u00f3n hist\u00f3ricamente tensa entre el poder pol\u00edtico y la s\u00e1tira televisiva.<\/p>\n\n\n\n<h3 class=\"wp-block-heading\">Impacto en la agenda medi\u00e1tica y pol\u00edtica<\/h3>\n\n\n\n<p>El cruce entre Trump y Kimmel ha logrado posicionarse r\u00e1pidamente en la agenda medi\u00e1tica, desplazando otros temas y generando un nuevo foco de atenci\u00f3n p\u00fablica. Este tipo de controversias suelen tener un efecto amplificador, donde la reacci\u00f3n pol\u00edtica contribuye a aumentar la visibilidad del contenido original.<\/p>\n\n\n\n<h3 class=\"wp-block-heading\">El rol de las redes sociales en la escalada del conflicto<\/h3>\n\n\n\n<p>La publicaci\u00f3n del presidente en su red social fue clave para amplificar el conflicto. En la actualidad, estas plataformas funcionan como canales directos de comunicaci\u00f3n pol\u00edtica, permitiendo que mensajes de alto impacto se difundan de manera inmediata y sin intermediaci\u00f3n.<\/p>\n\n\n\n<h3 class=\"wp-block-heading\">Un caso que refleja tensiones estructurales<\/h3>\n\n\n\n<p>M\u00e1s all\u00e1 del episodio puntual, este caso refleja tensiones estructurales en la sociedad estadounidense: la relaci\u00f3n entre poder y cr\u00edtica, los l\u00edmites del discurso p\u00fablico y el papel de los medios en la formaci\u00f3n de opini\u00f3n. La convergencia de estos elementos en un solo evento explica la magnitud del debate generado.<\/p>\n\n\n\n<h3 class=\"wp-block-heading\">Situaci\u00f3n actual y desarrollo en curso<\/h3>\n\n\n\n<p>Por ahora, no se han anunciado acciones concretas contra el presentador ni se ha confirmado la relaci\u00f3n entre el contenido del programa y el incidente de seguridad. Sin embargo, el caso contin\u00faa evolucionando y es probable que siga generando reacciones en los pr\u00f3ximos d\u00edas, tanto en el \u00e1mbito pol\u00edtico como en el medi\u00e1tico.<\/p>\n","protected":false},"excerpt":{"rendered":"<p>El presidente acusa al presentador de cruzar la l\u00ednea del humor pol\u00edtico y sugiere una conexi\u00f3n con el intento de ataque durante la cena de corresponsales Un nuevo choque entre&hellip; <\/p>\n","protected":false},"author":1,"featured_media":3447,"comment_status":"closed","ping_status":"open","sticky":false,"template":"","format":"standard","meta":{"footnotes":""},"categories":[1],"tags":[],"class_list":["post-3766","post","type-post","status-publish","format-standard","has-post-thumbnail","hentry","category-internacional"],"yoast_head":"<!-- This site is optimized with the Yoast SEO plugin v27.4 - https:\/\/yoast.com\/product\/yoast-seo-wordpress\/ -->\n<title>\ud83c\uddfa\ud83c\uddf8 EE. UU. | Trump arremete contra Jimmy Kimmel tras pol\u00e9mico comentario y lo vincula con incidente de seguridad en Washington - La Regi\u00f3n Noticia<\/title>\n<meta name=\"description\" content=\"Donald Trump arremete contra Jimmy Kimmel tras un pol\u00e9mico comentario en su programa y lo vincula con un incidente armado en Washington.\" \/>\n<meta name=\"robots\" content=\"index, follow, max-snippet:-1, max-image-preview:large, max-video-preview:-1\" \/>\n<link rel=\"canonical\" href=\"https:\/\/laregionnoticia.com\/?p=3766\" \/>\n<meta property=\"og:locale\" content=\"es_ES\" \/>\n<meta property=\"og:type\" content=\"article\" \/>\n<meta property=\"og:title\" content=\"\ud83c\uddfa\ud83c\uddf8 EE. UU. | Trump arremete contra Jimmy Kimmel tras pol\u00e9mico comentario y lo vincula con incidente de seguridad en Washington - La Regi\u00f3n Noticia\" \/>\n<meta property=\"og:description\" content=\"Donald Trump arremete contra Jimmy Kimmel tras un pol\u00e9mico comentario en su programa y lo vincula con un incidente armado en Washington.\" \/>\n<meta property=\"og:url\" content=\"https:\/\/laregionnoticia.com\/?p=3766\" \/>\n<meta property=\"og:site_name\" content=\"La Regi\u00f3n Noticia\" \/>\n<meta property=\"article:publisher\" content=\"https:\/\/www.facebook.com\/profile.php?id=61566329187948&amp;mibextid=ZbWKwL\" \/>\n<meta property=\"article:published_time\" content=\"2026-04-27T17:59:31+00:00\" \/>\n<meta property=\"article:modified_time\" content=\"2026-04-27T18:02:32+00:00\" \/>\n<meta property=\"og:image\" content=\"https:\/\/laregionnoticia.com\/wp-content\/uploads\/2026\/04\/trmp-hablo-2.webp\" \/>\n\t<meta property=\"og:image:width\" content=\"800\" \/>\n\t<meta property=\"og:image:height\" content=\"450\" \/>\n\t<meta property=\"og:image:type\" content=\"image\/webp\" \/>\n<meta name=\"author\" content=\"Redacci\u00f3n Digital La Regi\u00f3n\" \/>\n<meta name=\"twitter:card\" content=\"summary_large_image\" \/>\n<meta name=\"twitter:label1\" content=\"Escrito por\" \/>\n\t<meta name=\"twitter:data1\" content=\"Redacci\u00f3n Digital La Regi\u00f3n\" \/>\n\t<meta name=\"twitter:label2\" content=\"Tiempo de lectura\" \/>\n\t<meta name=\"twitter:data2\" content=\"6 minutos\" \/>\n<script type=\"application\/ld+json\" class=\"yoast-schema-graph\">{\"@context\":\"https:\\\/\\\/schema.org\",\"@graph\":[{\"@type\":\"Article\",\"@id\":\"https:\\\/\\\/laregionnoticia.com\\\/?p=3766#article\",\"isPartOf\":{\"@id\":\"https:\\\/\\\/laregionnoticia.com\\\/?p=3766\"},\"author\":{\"name\":\"Redacci\u00f3n Digital La Regi\u00f3n\",\"@id\":\"https:\\\/\\\/laregionnoticia.com\\\/#\\\/schema\\\/person\\\/5586c3a3653961e30e847de6e9b4db0c\"},\"headline\":\"\ud83c\uddfa\ud83c\uddf8 EE. UU. | Trump arremete contra Jimmy Kimmel tras pol\u00e9mico comentario y lo vincula con incidente de seguridad en Washington\",\"datePublished\":\"2026-04-27T17:59:31+00:00\",\"dateModified\":\"2026-04-27T18:02:32+00:00\",\"mainEntityOfPage\":{\"@id\":\"https:\\\/\\\/laregionnoticia.com\\\/?p=3766\"},\"wordCount\":1294,\"publisher\":{\"@id\":\"https:\\\/\\\/laregionnoticia.com\\\/#organization\"},\"image\":{\"@id\":\"https:\\\/\\\/laregionnoticia.com\\\/?p=3766#primaryimage\"},\"thumbnailUrl\":\"https:\\\/\\\/laregionnoticia.com\\\/wp-content\\\/uploads\\\/2026\\\/04\\\/trmp-hablo-2.webp\",\"articleSection\":[\"Internacional\"],\"inLanguage\":\"es-CO\"},{\"@type\":\"WebPage\",\"@id\":\"https:\\\/\\\/laregionnoticia.com\\\/?p=3766\",\"url\":\"https:\\\/\\\/laregionnoticia.com\\\/?p=3766\",\"name\":\"\ud83c\uddfa\ud83c\uddf8 EE. UU. | Trump arremete contra Jimmy Kimmel tras pol\u00e9mico comentario y lo vincula con incidente de seguridad en Washington - La Regi\u00f3n Noticia\",\"isPartOf\":{\"@id\":\"https:\\\/\\\/laregionnoticia.com\\\/#website\"},\"primaryImageOfPage\":{\"@id\":\"https:\\\/\\\/laregionnoticia.com\\\/?p=3766#primaryimage\"},\"image\":{\"@id\":\"https:\\\/\\\/laregionnoticia.com\\\/?p=3766#primaryimage\"},\"thumbnailUrl\":\"https:\\\/\\\/laregionnoticia.com\\\/wp-content\\\/uploads\\\/2026\\\/04\\\/trmp-hablo-2.webp\",\"datePublished\":\"2026-04-27T17:59:31+00:00\",\"dateModified\":\"2026-04-27T18:02:32+00:00\",\"description\":\"Donald Trump arremete contra Jimmy Kimmel tras un pol\u00e9mico comentario en su programa y lo vincula con un incidente armado en Washington.\",\"breadcrumb\":{\"@id\":\"https:\\\/\\\/laregionnoticia.com\\\/?p=3766#breadcrumb\"},\"inLanguage\":\"es-CO\",\"potentialAction\":[{\"@type\":\"ReadAction\",\"target\":[\"https:\\\/\\\/laregionnoticia.com\\\/?p=3766\"]}]},{\"@type\":\"ImageObject\",\"inLanguage\":\"es-CO\",\"@id\":\"https:\\\/\\\/laregionnoticia.com\\\/?p=3766#primaryimage\",\"url\":\"https:\\\/\\\/laregionnoticia.com\\\/wp-content\\\/uploads\\\/2026\\\/04\\\/trmp-hablo-2.webp\",\"contentUrl\":\"https:\\\/\\\/laregionnoticia.com\\\/wp-content\\\/uploads\\\/2026\\\/04\\\/trmp-hablo-2.webp\",\"width\":800,\"height\":450},{\"@type\":\"BreadcrumbList\",\"@id\":\"https:\\\/\\\/laregionnoticia.com\\\/?p=3766#breadcrumb\",\"itemListElement\":[{\"@type\":\"ListItem\",\"position\":1,\"name\":\"Inicio\",\"item\":\"https:\\\/\\\/laregionnoticia.com\\\/\"},{\"@type\":\"ListItem\",\"position\":2,\"name\":\"\ud83c\uddfa\ud83c\uddf8 EE. UU. | Trump arremete contra Jimmy Kimmel tras pol\u00e9mico comentario y lo vincula con incidente de seguridad en Washington\"}]},{\"@type\":\"WebSite\",\"@id\":\"https:\\\/\\\/laregionnoticia.com\\\/#website\",\"url\":\"https:\\\/\\\/laregionnoticia.com\\\/\",\"name\":\"La Regi\u00f3n Noticia\",\"description\":\"Porque nuestro compromiso es la informaci\u00f3n veraz y oportuna\",\"publisher\":{\"@id\":\"https:\\\/\\\/laregionnoticia.com\\\/#organization\"},\"potentialAction\":[{\"@type\":\"SearchAction\",\"target\":{\"@type\":\"EntryPoint\",\"urlTemplate\":\"https:\\\/\\\/laregionnoticia.com\\\/?s={search_term_string}\"},\"query-input\":{\"@type\":\"PropertyValueSpecification\",\"valueRequired\":true,\"valueName\":\"search_term_string\"}}],\"inLanguage\":\"es-CO\"},{\"@type\":\"Organization\",\"@id\":\"https:\\\/\\\/laregionnoticia.com\\\/#organization\",\"name\":\"La Regi\u00f3n Noticia\",\"url\":\"https:\\\/\\\/laregionnoticia.com\\\/\",\"logo\":{\"@type\":\"ImageObject\",\"inLanguage\":\"es-CO\",\"@id\":\"https:\\\/\\\/laregionnoticia.com\\\/#\\\/schema\\\/logo\\\/image\\\/\",\"url\":\"https:\\\/\\\/laregionnoticia.com\\\/wp-content\\\/uploads\\\/2026\\\/04\\\/logo-nuevo-LRN.jpeg\",\"contentUrl\":\"https:\\\/\\\/laregionnoticia.com\\\/wp-content\\\/uploads\\\/2026\\\/04\\\/logo-nuevo-LRN.jpeg\",\"width\":1024,\"height\":1024,\"caption\":\"La Regi\u00f3n Noticia\"},\"image\":{\"@id\":\"https:\\\/\\\/laregionnoticia.com\\\/#\\\/schema\\\/logo\\\/image\\\/\"},\"sameAs\":[\"https:\\\/\\\/www.facebook.com\\\/profile.php?id=61566329187948&mibextid=ZbWKwL\"]},{\"@type\":\"Person\",\"@id\":\"https:\\\/\\\/laregionnoticia.com\\\/#\\\/schema\\\/person\\\/5586c3a3653961e30e847de6e9b4db0c\",\"name\":\"Redacci\u00f3n Digital La Regi\u00f3n\",\"image\":{\"@type\":\"ImageObject\",\"inLanguage\":\"es-CO\",\"@id\":\"https:\\\/\\\/secure.gravatar.com\\\/avatar\\\/9b5f9df140c465a9462bbbe6f15e20d3c36ce881a9632c520e1a0c34017037a0?s=96&d=mm&r=g\",\"url\":\"https:\\\/\\\/secure.gravatar.com\\\/avatar\\\/9b5f9df140c465a9462bbbe6f15e20d3c36ce881a9632c520e1a0c34017037a0?s=96&d=mm&r=g\",\"contentUrl\":\"https:\\\/\\\/secure.gravatar.com\\\/avatar\\\/9b5f9df140c465a9462bbbe6f15e20d3c36ce881a9632c520e1a0c34017037a0?s=96&d=mm&r=g\",\"caption\":\"Redacci\u00f3n Digital La Regi\u00f3n\"},\"sameAs\":[\"http:\\\/\\\/laregionnoticia.com\"],\"url\":\"https:\\\/\\\/laregionnoticia.com\\\/?author=1\"}]}<\/script>\n<!-- \/ Yoast SEO plugin. -->","yoast_head_json":{"title":"\ud83c\uddfa\ud83c\uddf8 EE. UU. | Trump arremete contra Jimmy Kimmel tras pol\u00e9mico comentario y lo vincula con incidente de seguridad en Washington - La Regi\u00f3n Noticia","description":"Donald Trump arremete contra Jimmy Kimmel tras un pol\u00e9mico comentario en su programa y lo vincula con un incidente armado en Washington.","robots":{"index":"index","follow":"follow","max-snippet":"max-snippet:-1","max-image-preview":"max-image-preview:large","max-video-preview":"max-video-preview:-1"},"canonical":"https:\/\/laregionnoticia.com\/?p=3766","og_locale":"es_ES","og_type":"article","og_title":"\ud83c\uddfa\ud83c\uddf8 EE. UU. | Trump arremete contra Jimmy Kimmel tras pol\u00e9mico comentario y lo vincula con incidente de seguridad en Washington - La Regi\u00f3n Noticia","og_description":"Donald Trump arremete contra Jimmy Kimmel tras un pol\u00e9mico comentario en su programa y lo vincula con un incidente armado en Washington.","og_url":"https:\/\/laregionnoticia.com\/?p=3766","og_site_name":"La Regi\u00f3n Noticia","article_publisher":"https:\/\/www.facebook.com\/profile.php?id=61566329187948&mibextid=ZbWKwL","article_published_time":"2026-04-27T17:59:31+00:00","article_modified_time":"2026-04-27T18:02:32+00:00","og_image":[{"width":800,"height":450,"url":"https:\/\/laregionnoticia.com\/wp-content\/uploads\/2026\/04\/trmp-hablo-2.webp","type":"image\/webp"}],"author":"Redacci\u00f3n Digital La Regi\u00f3n","twitter_card":"summary_large_image","twitter_misc":{"Escrito por":"Redacci\u00f3n Digital La Regi\u00f3n","Tiempo de lectura":"6 minutos"},"schema":{"@context":"https:\/\/schema.org","@graph":[{"@type":"Article","@id":"https:\/\/laregionnoticia.com\/?p=3766#article","isPartOf":{"@id":"https:\/\/laregionnoticia.com\/?p=3766"},"author":{"name":"Redacci\u00f3n Digital La Regi\u00f3n","@id":"https:\/\/laregionnoticia.com\/#\/schema\/person\/5586c3a3653961e30e847de6e9b4db0c"},"headline":"\ud83c\uddfa\ud83c\uddf8 EE. UU. | Trump arremete contra Jimmy Kimmel tras pol\u00e9mico comentario y lo vincula con incidente de seguridad en Washington","datePublished":"2026-04-27T17:59:31+00:00","dateModified":"2026-04-27T18:02:32+00:00","mainEntityOfPage":{"@id":"https:\/\/laregionnoticia.com\/?p=3766"},"wordCount":1294,"publisher":{"@id":"https:\/\/laregionnoticia.com\/#organization"},"image":{"@id":"https:\/\/laregionnoticia.com\/?p=3766#primaryimage"},"thumbnailUrl":"https:\/\/laregionnoticia.com\/wp-content\/uploads\/2026\/04\/trmp-hablo-2.webp","articleSection":["Internacional"],"inLanguage":"es-CO"},{"@type":"WebPage","@id":"https:\/\/laregionnoticia.com\/?p=3766","url":"https:\/\/laregionnoticia.com\/?p=3766","name":"\ud83c\uddfa\ud83c\uddf8 EE. UU. | Trump arremete contra Jimmy Kimmel tras pol\u00e9mico comentario y lo vincula con incidente de seguridad en Washington - La Regi\u00f3n Noticia","isPartOf":{"@id":"https:\/\/laregionnoticia.com\/#website"},"primaryImageOfPage":{"@id":"https:\/\/laregionnoticia.com\/?p=3766#primaryimage"},"image":{"@id":"https:\/\/laregionnoticia.com\/?p=3766#primaryimage"},"thumbnailUrl":"https:\/\/laregionnoticia.com\/wp-content\/uploads\/2026\/04\/trmp-hablo-2.webp","datePublished":"2026-04-27T17:59:31+00:00","dateModified":"2026-04-27T18:02:32+00:00","description":"Donald Trump arremete contra Jimmy Kimmel tras un pol\u00e9mico comentario en su programa y lo vincula con un incidente armado en Washington.","breadcrumb":{"@id":"https:\/\/laregionnoticia.com\/?p=3766#breadcrumb"},"inLanguage":"es-CO","potentialAction":[{"@type":"ReadAction","target":["https:\/\/laregionnoticia.com\/?p=3766"]}]},{"@type":"ImageObject","inLanguage":"es-CO","@id":"https:\/\/laregionnoticia.com\/?p=3766#primaryimage","url":"https:\/\/laregionnoticia.com\/wp-content\/uploads\/2026\/04\/trmp-hablo-2.webp","contentUrl":"https:\/\/laregionnoticia.com\/wp-content\/uploads\/2026\/04\/trmp-hablo-2.webp","width":800,"height":450},{"@type":"BreadcrumbList","@id":"https:\/\/laregionnoticia.com\/?p=3766#breadcrumb","itemListElement":[{"@type":"ListItem","position":1,"name":"Inicio","item":"https:\/\/laregionnoticia.com\/"},{"@type":"ListItem","position":2,"name":"\ud83c\uddfa\ud83c\uddf8 EE. UU. | Trump arremete contra Jimmy Kimmel tras pol\u00e9mico comentario y lo vincula con incidente de seguridad en Washington"}]},{"@type":"WebSite","@id":"https:\/\/laregionnoticia.com\/#website","url":"https:\/\/laregionnoticia.com\/","name":"La Regi\u00f3n Noticia","description":"Porque nuestro compromiso es la informaci\u00f3n veraz y oportuna","publisher":{"@id":"https:\/\/laregionnoticia.com\/#organization"},"potentialAction":[{"@type":"SearchAction","target":{"@type":"EntryPoint","urlTemplate":"https:\/\/laregionnoticia.com\/?s={search_term_string}"},"query-input":{"@type":"PropertyValueSpecification","valueRequired":true,"valueName":"search_term_string"}}],"inLanguage":"es-CO"},{"@type":"Organization","@id":"https:\/\/laregionnoticia.com\/#organization","name":"La Regi\u00f3n Noticia","url":"https:\/\/laregionnoticia.com\/","logo":{"@type":"ImageObject","inLanguage":"es-CO","@id":"https:\/\/laregionnoticia.com\/#\/schema\/logo\/image\/","url":"https:\/\/laregionnoticia.com\/wp-content\/uploads\/2026\/04\/logo-nuevo-LRN.jpeg","contentUrl":"https:\/\/laregionnoticia.com\/wp-content\/uploads\/2026\/04\/logo-nuevo-LRN.jpeg","width":1024,"height":1024,"caption":"La Regi\u00f3n Noticia"},"image":{"@id":"https:\/\/laregionnoticia.com\/#\/schema\/logo\/image\/"},"sameAs":["https:\/\/www.facebook.com\/profile.php?id=61566329187948&mibextid=ZbWKwL"]},{"@type":"Person","@id":"https:\/\/laregionnoticia.com\/#\/schema\/person\/5586c3a3653961e30e847de6e9b4db0c","name":"Redacci\u00f3n Digital La Regi\u00f3n","image":{"@type":"ImageObject","inLanguage":"es-CO","@id":"https:\/\/secure.gravatar.com\/avatar\/9b5f9df140c465a9462bbbe6f15e20d3c36ce881a9632c520e1a0c34017037a0?s=96&d=mm&r=g","url":"https:\/\/secure.gravatar.com\/avatar\/9b5f9df140c465a9462bbbe6f15e20d3c36ce881a9632c520e1a0c34017037a0?s=96&d=mm&r=g","contentUrl":"https:\/\/secure.gravatar.com\/avatar\/9b5f9df140c465a9462bbbe6f15e20d3c36ce881a9632c520e1a0c34017037a0?s=96&d=mm&r=g","caption":"Redacci\u00f3n Digital La Regi\u00f3n"},"sameAs":["http:\/\/laregionnoticia.com"],"url":"https:\/\/laregionnoticia.com\/?author=1"}]}},"_links":{"self":[{"href":"https:\/\/laregionnoticia.com\/index.php?rest_route=\/wp\/v2\/posts\/3766","targetHints":{"allow":["GET"]}}],"collection":[{"href":"https:\/\/laregionnoticia.com\/index.php?rest_route=\/wp\/v2\/posts"}],"about":[{"href":"https:\/\/laregionnoticia.com\/index.php?rest_route=\/wp\/v2\/types\/post"}],"author":[{"embeddable":true,"href":"https:\/\/laregionnoticia.com\/index.php?rest_route=\/wp\/v2\/users\/1"}],"replies":[{"embeddable":true,"href":"https:\/\/laregionnoticia.com\/index.php?rest_route=%2Fwp%2Fv2%2Fcomments&post=3766"}],"version-history":[{"count":1,"href":"https:\/\/laregionnoticia.com\/index.php?rest_route=\/wp\/v2\/posts\/3766\/revisions"}],"predecessor-version":[{"id":3769,"href":"https:\/\/laregionnoticia.com\/index.php?rest_route=\/wp\/v2\/posts\/3766\/revisions\/3769"}],"wp:featuredmedia":[{"embeddable":true,"href":"https:\/\/laregionnoticia.com\/index.php?rest_route=\/wp\/v2\/media\/3447"}],"wp:attachment":[{"href":"https:\/\/laregionnoticia.com\/index.php?rest_route=%2Fwp%2Fv2%2Fmedia&parent=3766"}],"wp:term":[{"taxonomy":"category","embeddable":true,"href":"https:\/\/laregionnoticia.com\/index.php?rest_route=%2Fwp%2Fv2%2Fcategories&post=3766"},{"taxonomy":"post_tag","embeddable":true,"href":"https:\/\/laregionnoticia.com\/index.php?rest_route=%2Fwp%2Fv2%2Ftags&post=3766"}],"curies":[{"name":"wp","href":"https:\/\/api.w.org\/{rel}","templated":true}]}}