{"id":3770,"date":"2026-04-27T14:08:28","date_gmt":"2026-04-27T19:08:28","guid":{"rendered":"https:\/\/laregionnoticia.com\/?p=3770"},"modified":"2026-04-27T14:08:28","modified_gmt":"2026-04-27T19:08:28","slug":"%f0%9f%87%a8%f0%9f%87%b4-encuesta-invamer-colombia-2026-ivan-cepeda-lidera-la-intencion-de-voto-en-un-escenario-politico-marcado-por-alta-polarizacion","status":"publish","type":"post","link":"https:\/\/laregionnoticia.com\/?p=3770","title":{"rendered":"\ud83c\udde8\ud83c\uddf4 Encuesta Invamer Colombia 2026: Iv\u00e1n Cepeda lidera la intenci\u00f3n de voto en un escenario pol\u00edtico marcado por alta polarizaci\u00f3n"},"content":{"rendered":"\n<h2 class=\"wp-block-heading\">Panorama general de la Encuesta Invamer Colombia 2026 y su impacto en la contienda presidencial<\/h2>\n\n\n\n<figure class=\"wp-block-image size-full\"><img loading=\"lazy\" decoding=\"async\" width=\"800\" height=\"450\" src=\"https:\/\/laregionnoticia.com\/wp-content\/uploads\/2026\/04\/Encuesta-Invamer-1.jpg\" alt=\"\" class=\"wp-image-3777\" srcset=\"https:\/\/laregionnoticia.com\/wp-content\/uploads\/2026\/04\/Encuesta-Invamer-1.jpg 800w, https:\/\/laregionnoticia.com\/wp-content\/uploads\/2026\/04\/Encuesta-Invamer-1-300x169.jpg 300w, https:\/\/laregionnoticia.com\/wp-content\/uploads\/2026\/04\/Encuesta-Invamer-1-768x432.jpg 768w\" sizes=\"auto, (max-width: 800px) 100vw, 800px\" \/><\/figure>\n\n\n\n<h3 class=\"wp-block-heading\">Un reordenamiento profundo del mapa pol\u00edtico colombiano en 2026<\/h3>\n\n\n\n<p>La Encuesta Invamer Colombia 2026 representa uno de los movimientos m\u00e1s significativos dentro del panorama electoral reciente en Colombia, no solo por los porcentajes que revela, sino por la forma en que reconfigura las percepciones sobre la competencia presidencial. El estudio refleja un pa\u00eds en transformaci\u00f3n pol\u00edtica, donde las lealtades tradicionales parecen debilitarse y el electorado empieza a concentrarse alrededor de nuevas figuras con mayor capacidad de movilizaci\u00f3n.<\/p>\n\n\n\n<p>Este tipo de mediciones no solo capturan preferencias moment\u00e1neas, sino que tambi\u00e9n exponen tensiones estructurales dentro del sistema pol\u00edtico colombiano. La polarizaci\u00f3n ideol\u00f3gica, el desgaste de algunos liderazgos tradicionales y la aparici\u00f3n de discursos m\u00e1s contundentes en materia social y econ\u00f3mica est\u00e1n influyendo directamente en la forma en que los ciudadanos expresan su intenci\u00f3n de voto.<\/p>\n\n\n\n<h3 class=\"wp-block-heading\">Iv\u00e1n Cepeda y el liderazgo con 44,3% en la intenci\u00f3n de voto nacional<\/h3>\n\n\n\n<p>En el centro del an\u00e1lisis de la Encuesta Invamer Colombia 2026 aparece Iv\u00e1n Cepeda, quien alcanza un 44,3% de intenci\u00f3n de voto en primera vuelta, posicion\u00e1ndose como el candidato m\u00e1s fuerte en esta etapa del proceso electoral. Este resultado no solo lo ubica en la primera posici\u00f3n, sino que adem\u00e1s establece una diferencia significativa frente a sus competidores directos.<\/p>\n\n\n\n<p>El respaldo reflejado en la encuesta sugiere una consolidaci\u00f3n del bloque pol\u00edtico que lo acompa\u00f1a, especialmente en sectores que han mostrado afinidad con propuestas de transformaci\u00f3n social, reformas institucionales y continuidad de ciertas pol\u00edticas p\u00fablicas. Sin embargo, el escenario electoral colombiano hist\u00f3ricamente ha sido din\u00e1mico, y las tendencias pueden modificarse con rapidez a medida que avanza la campa\u00f1a, se intensifican los debates y emergen nuevos factores pol\u00edticos o econ\u00f3micos.<\/p>\n\n\n\n<h3 class=\"wp-block-heading\">Abelardo De La Espriella y la consolidaci\u00f3n de una oposici\u00f3n con 21,5%<\/h3>\n\n\n\n<p>Abelardo De La Espriella aparece en la segunda posici\u00f3n con un 21,5% de intenci\u00f3n de voto, consolid\u00e1ndose como una de las principales figuras del espectro opositor. Su presencia en la encuesta refleja el crecimiento de un sector del electorado que prioriza discursos centrados en el orden institucional, la seguridad ciudadana y una postura cr\u00edtica frente al actual rumbo pol\u00edtico del pa\u00eds.<\/p>\n\n\n\n<p>Este resultado tambi\u00e9n evidencia que existe una base electoral significativa que a\u00fan no se ha consolidado en torno a una sola figura de oposici\u00f3n, lo que abre un escenario de competencia interna dentro de este bloque. El desaf\u00edo para su campa\u00f1a ser\u00e1 convertir este porcentaje en una estructura m\u00e1s amplia capaz de competir en igualdad de condiciones en etapas posteriores del proceso electoral.<\/p>\n\n\n\n<h3 class=\"wp-block-heading\">Paloma Valencia y la persistencia de un bloque tradicional con 19,8%<\/h3>\n\n\n\n<p>Paloma Valencia registra un 19,8% de intenci\u00f3n de voto, manteni\u00e9ndose como una de las voces m\u00e1s representativas del sector pol\u00edtico tradicional en Colombia. Su resultado refleja la continuidad de un electorado que a\u00fan mantiene afinidad con estructuras partidistas hist\u00f3ricas, aunque con dificultades para expandirse en un contexto de alta competencia y fragmentaci\u00f3n.<\/p>\n\n\n\n<p>El desempe\u00f1o de Valencia en la encuesta tambi\u00e9n muestra c\u00f3mo el voto opositor no se concentra en una sola figura, sino que se distribuye entre varias opciones, lo que reduce la capacidad de este bloque para consolidar una alternativa \u00fanica frente al liderazgo actual.<\/p>\n\n\n\n<h3 class=\"wp-block-heading\">Fragmentaci\u00f3n del escenario pol\u00edtico y ausencia de mayor\u00edas consolidadas<\/h3>\n\n\n\n<p>Uno de los elementos m\u00e1s relevantes que deja la Encuesta Invamer Colombia 2026 es la evidente fragmentaci\u00f3n del escenario pol\u00edtico nacional. Aunque existe un candidato claramente l\u00edder en la medici\u00f3n, el resto del electorado se dispersa entre varias opciones que no logran consolidar una segunda fuerza dominante.<\/p>\n\n\n\n<p>Este fen\u00f3meno refleja una din\u00e1mica electoral en la que no existen mayor\u00edas absolutas claras en la oposici\u00f3n, lo que abre la posibilidad de reconfiguraciones importantes a medida que se acerque la primera vuelta presidencial. La fragmentaci\u00f3n tambi\u00e9n incrementa la incertidumbre pol\u00edtica, ya que peque\u00f1as variaciones en la intenci\u00f3n de voto podr\u00edan modificar significativamente el equilibrio de fuerzas.<\/p>\n\n\n\n<h3 class=\"wp-block-heading\">El voto de opini\u00f3n como factor determinante en la intenci\u00f3n electoral<\/h3>\n\n\n\n<p>La Encuesta Invamer Colombia 2026 tambi\u00e9n evidencia el peso creciente del voto de opini\u00f3n dentro del comportamiento electoral colombiano. Este tipo de voto, menos estructurado y m\u00e1s influenciado por percepciones p\u00fablicas, redes sociales y debates medi\u00e1ticos, est\u00e1 adquiriendo un protagonismo cada vez mayor en la definici\u00f3n de las tendencias pol\u00edticas.<\/p>\n\n\n\n<p>Este fen\u00f3meno implica que los candidatos ya no dependen \u00fanicamente de estructuras partidistas tradicionales, sino tambi\u00e9n de su capacidad para conectar con la opini\u00f3n p\u00fablica en tiempo real, especialmente en espacios digitales donde la informaci\u00f3n circula con alta velocidad y gran impacto emocional.<\/p>\n\n\n\n<h3 class=\"wp-block-heading\">Influencia del contexto econ\u00f3mico, social y de seguridad en la encuesta<\/h3>\n\n\n\n<p>El comportamiento reflejado en la Encuesta Invamer Colombia 2026 no puede analizarse de forma aislada del contexto econ\u00f3mico y social del pa\u00eds. Factores como el costo de vida, la percepci\u00f3n de seguridad, el desempleo y las reformas estructurales influyen directamente en la forma en que los ciudadanos eval\u00faan a los candidatos.<\/p>\n\n\n\n<p>Estos elementos se convierten en variables decisivas dentro del an\u00e1lisis electoral, ya que moldean la percepci\u00f3n ciudadana sobre la gesti\u00f3n actual y las expectativas hacia el futuro gobierno. En este sentido, la intenci\u00f3n de voto no solo refleja afinidades pol\u00edticas, sino tambi\u00e9n expectativas sobre estabilidad y mejora de condiciones de vida.<\/p>\n\n\n\n<h3 class=\"wp-block-heading\">Reacciones pol\u00edticas tras la publicaci\u00f3n de la Encuesta Invamer<\/h3>\n\n\n\n<p>La publicaci\u00f3n de los resultados gener\u00f3 una r\u00e1pida respuesta por parte de distintos sectores pol\u00edticos, que interpretan la encuesta desde perspectivas contrastantes. Mientras algunos actores destacan el liderazgo claro del primer lugar como una se\u00f1al de consolidaci\u00f3n pol\u00edtica, otros advierten que el escenario sigue siendo altamente vol\u00e1til y susceptible a cambios.<\/p>\n\n\n\n<p>Estas reacciones forman parte del debate p\u00fablico que rodea las encuestas electorales en Colombia, donde cada medici\u00f3n se convierte en un insumo estrat\u00e9gico para la narrativa pol\u00edtica de los diferentes actores.<\/p>\n\n\n\n<h3 class=\"wp-block-heading\">Ajustes estrat\u00e9gicos en las campa\u00f1as presidenciales<\/h3>\n\n\n\n<p>Tras conocerse los resultados de la Encuesta Invamer Colombia 2026, los equipos de campa\u00f1a han comenzado a ajustar sus estrategias, enfoc\u00e1ndose en reforzar presencia territorial, mejorar la comunicaci\u00f3n digital y consolidar alianzas pol\u00edticas que permitan ampliar su base electoral.<\/p>\n\n\n\n<p>Este tipo de mediciones funcionan como una herramienta de diagn\u00f3stico pol\u00edtico que orienta decisiones t\u00e1cticas en tiempo real, especialmente en escenarios donde la competencia es altamente din\u00e1mica.<\/p>\n\n\n\n<h3 class=\"wp-block-heading\">Comparaci\u00f3n con escenarios electorales anteriores en Colombia<\/h3>\n\n\n\n<p>En comparaci\u00f3n con procesos electorales anteriores, el escenario actual muestra una tendencia hacia la concentraci\u00f3n del liderazgo en una figura principal, mientras la oposici\u00f3n se mantiene dividida entre varias candidaturas.<\/p>\n\n\n\n<p>Este comportamiento refleja una din\u00e1mica recurrente en la pol\u00edtica colombiana, aunque en el contexto actual adquiere una mayor relevancia debido al nivel de polarizaci\u00f3n y a la influencia creciente de los medios digitales.<\/p>\n\n\n\n<h3 class=\"wp-block-heading\">El rol de los medios de comunicaci\u00f3n en la interpretaci\u00f3n de la encuesta<\/h3>\n\n\n\n<p>Los medios de comunicaci\u00f3n desempe\u00f1an un papel fundamental en la difusi\u00f3n y an\u00e1lisis de los resultados de la Encuesta Invamer Colombia 2026, ya que no solo informan sobre los datos, sino que tambi\u00e9n contribuyen a su interpretaci\u00f3n p\u00fablica.<\/p>\n\n\n\n<p>La forma en que se presentan estas cifras puede influir en la percepci\u00f3n del electorado, amplificando determinadas narrativas pol\u00edticas y generando debate en la opini\u00f3n p\u00fablica.<\/p>\n\n\n\n<h3 class=\"wp-block-heading\">Redes sociales como espacio central del debate electoral<\/h3>\n\n\n\n<p>Las redes sociales se han convertido en un escenario clave dentro del proceso electoral colombiano, donde los resultados de la encuesta son discutidos, reinterpretados y difundidos de manera constante.<\/p>\n\n\n\n<p>Este espacio digital intensifica la polarizaci\u00f3n pol\u00edtica y permite la circulaci\u00f3n r\u00e1pida de interpretaciones que influyen en la percepci\u00f3n ciudadana del proceso electoral.<\/p>\n\n\n\n<h3 class=\"wp-block-heading\">Incertidumbre hacia la primera vuelta presidencial<\/h3>\n\n\n\n<p>A pesar del liderazgo mostrado en la Encuesta Invamer Colombia 2026, el panorama electoral sigue siendo incierto debido a la posibilidad de cambios en las alianzas pol\u00edticas, eventos inesperados en el escenario nacional y variaciones en la opini\u00f3n p\u00fablica.<\/p>\n\n\n\n<p>La historia electoral del pa\u00eds demuestra que las tendencias pueden modificarse de manera significativa en las etapas finales del proceso.<\/p>\n\n\n\n<h3 class=\"wp-block-heading\">Lectura general del escenario pol\u00edtico colombiano en 2026<\/h3>\n\n\n\n<p>La Encuesta Invamer Colombia 2026 refleja un pa\u00eds profundamente dividido pol\u00edticamente, donde coexisten m\u00faltiples visiones sobre el futuro del Estado, la econom\u00eda y las reformas sociales.<\/p>\n\n\n\n<p>El liderazgo actual, la fragmentaci\u00f3n de la oposici\u00f3n y el peso del voto de opini\u00f3n configuran un escenario electoral altamente competitivo, din\u00e1mico y a\u00fan abierto a cambios significativos en los pr\u00f3ximos meses.<\/p>\n","protected":false},"excerpt":{"rendered":"<p>Panorama general de la Encuesta Invamer Colombia 2026 y su impacto en la contienda presidencial Un reordenamiento profundo del mapa pol\u00edtico colombiano en 2026 La Encuesta Invamer Colombia 2026 representa&hellip; <\/p>\n","protected":false},"author":1,"featured_media":3774,"comment_status":"closed","ping_status":"open","sticky":false,"template":"","format":"standard","meta":{"footnotes":""},"categories":[3],"tags":[],"class_list":["post-3770","post","type-post","status-publish","format-standard","has-post-thumbnail","hentry","category-nacional"],"yoast_head":"<!-- This site is optimized with the Yoast SEO plugin v27.4 - https:\/\/yoast.com\/product\/yoast-seo-wordpress\/ -->\n<title>\ud83c\udde8\ud83c\uddf4 Encuesta Invamer Colombia 2026: Iv\u00e1n Cepeda lidera la intenci\u00f3n de voto en un escenario pol\u00edtico marcado por alta polarizaci\u00f3n - La Regi\u00f3n Noticia<\/title>\n<meta name=\"description\" content=\"Iv\u00e1n Cepeda lidera la Encuesta Invamer Colombia 2026 con 44,3% en primera vuelta, seguido de una oposici\u00f3n fragmentada.\" \/>\n<meta name=\"robots\" content=\"index, follow, max-snippet:-1, max-image-preview:large, max-video-preview:-1\" \/>\n<link rel=\"canonical\" href=\"https:\/\/laregionnoticia.com\/?p=3770\" \/>\n<meta property=\"og:locale\" content=\"es_ES\" \/>\n<meta property=\"og:type\" content=\"article\" \/>\n<meta property=\"og:title\" content=\"\ud83c\udde8\ud83c\uddf4 Encuesta Invamer Colombia 2026: Iv\u00e1n Cepeda lidera la intenci\u00f3n de voto en un escenario pol\u00edtico marcado por alta polarizaci\u00f3n - La Regi\u00f3n Noticia\" \/>\n<meta property=\"og:description\" content=\"Iv\u00e1n Cepeda lidera la Encuesta Invamer Colombia 2026 con 44,3% en primera vuelta, seguido de una oposici\u00f3n fragmentada.\" \/>\n<meta property=\"og:url\" content=\"https:\/\/laregionnoticia.com\/?p=3770\" \/>\n<meta property=\"og:site_name\" content=\"La Regi\u00f3n Noticia\" \/>\n<meta property=\"article:publisher\" content=\"https:\/\/www.facebook.com\/profile.php?id=61566329187948&amp;mibextid=ZbWKwL\" \/>\n<meta property=\"article:published_time\" content=\"2026-04-27T19:08:28+00:00\" \/>\n<meta property=\"og:image\" content=\"https:\/\/laregionnoticia.com\/wp-content\/uploads\/2026\/04\/candidatos.jpg\" \/>\n\t<meta property=\"og:image:width\" content=\"1200\" \/>\n\t<meta property=\"og:image:height\" content=\"600\" \/>\n\t<meta property=\"og:image:type\" content=\"image\/jpeg\" \/>\n<meta name=\"author\" content=\"Redacci\u00f3n Digital La Regi\u00f3n\" \/>\n<meta name=\"twitter:card\" content=\"summary_large_image\" \/>\n<meta name=\"twitter:label1\" content=\"Escrito por\" \/>\n\t<meta name=\"twitter:data1\" content=\"Redacci\u00f3n Digital La Regi\u00f3n\" \/>\n\t<meta name=\"twitter:label2\" content=\"Tiempo de lectura\" \/>\n\t<meta name=\"twitter:data2\" content=\"7 minutos\" \/>\n<script type=\"application\/ld+json\" class=\"yoast-schema-graph\">{\"@context\":\"https:\\\/\\\/schema.org\",\"@graph\":[{\"@type\":\"Article\",\"@id\":\"https:\\\/\\\/laregionnoticia.com\\\/?p=3770#article\",\"isPartOf\":{\"@id\":\"https:\\\/\\\/laregionnoticia.com\\\/?p=3770\"},\"author\":{\"name\":\"Redacci\u00f3n Digital La Regi\u00f3n\",\"@id\":\"https:\\\/\\\/laregionnoticia.com\\\/#\\\/schema\\\/person\\\/5586c3a3653961e30e847de6e9b4db0c\"},\"headline\":\"\ud83c\udde8\ud83c\uddf4 Encuesta Invamer Colombia 2026: Iv\u00e1n Cepeda lidera la intenci\u00f3n de voto en un escenario pol\u00edtico marcado por alta polarizaci\u00f3n\",\"datePublished\":\"2026-04-27T19:08:28+00:00\",\"mainEntityOfPage\":{\"@id\":\"https:\\\/\\\/laregionnoticia.com\\\/?p=3770\"},\"wordCount\":1533,\"publisher\":{\"@id\":\"https:\\\/\\\/laregionnoticia.com\\\/#organization\"},\"image\":{\"@id\":\"https:\\\/\\\/laregionnoticia.com\\\/?p=3770#primaryimage\"},\"thumbnailUrl\":\"https:\\\/\\\/laregionnoticia.com\\\/wp-content\\\/uploads\\\/2026\\\/04\\\/candidatos.jpg\",\"articleSection\":[\"Nacional\"],\"inLanguage\":\"es-CO\"},{\"@type\":\"WebPage\",\"@id\":\"https:\\\/\\\/laregionnoticia.com\\\/?p=3770\",\"url\":\"https:\\\/\\\/laregionnoticia.com\\\/?p=3770\",\"name\":\"\ud83c\udde8\ud83c\uddf4 Encuesta Invamer Colombia 2026: Iv\u00e1n Cepeda lidera la intenci\u00f3n de voto en un escenario pol\u00edtico marcado por alta polarizaci\u00f3n - La Regi\u00f3n Noticia\",\"isPartOf\":{\"@id\":\"https:\\\/\\\/laregionnoticia.com\\\/#website\"},\"primaryImageOfPage\":{\"@id\":\"https:\\\/\\\/laregionnoticia.com\\\/?p=3770#primaryimage\"},\"image\":{\"@id\":\"https:\\\/\\\/laregionnoticia.com\\\/?p=3770#primaryimage\"},\"thumbnailUrl\":\"https:\\\/\\\/laregionnoticia.com\\\/wp-content\\\/uploads\\\/2026\\\/04\\\/candidatos.jpg\",\"datePublished\":\"2026-04-27T19:08:28+00:00\",\"description\":\"Iv\u00e1n Cepeda lidera la Encuesta Invamer Colombia 2026 con 44,3% en primera vuelta, seguido de una oposici\u00f3n fragmentada.\",\"breadcrumb\":{\"@id\":\"https:\\\/\\\/laregionnoticia.com\\\/?p=3770#breadcrumb\"},\"inLanguage\":\"es-CO\",\"potentialAction\":[{\"@type\":\"ReadAction\",\"target\":[\"https:\\\/\\\/laregionnoticia.com\\\/?p=3770\"]}]},{\"@type\":\"ImageObject\",\"inLanguage\":\"es-CO\",\"@id\":\"https:\\\/\\\/laregionnoticia.com\\\/?p=3770#primaryimage\",\"url\":\"https:\\\/\\\/laregionnoticia.com\\\/wp-content\\\/uploads\\\/2026\\\/04\\\/candidatos.jpg\",\"contentUrl\":\"https:\\\/\\\/laregionnoticia.com\\\/wp-content\\\/uploads\\\/2026\\\/04\\\/candidatos.jpg\",\"width\":1200,\"height\":600},{\"@type\":\"BreadcrumbList\",\"@id\":\"https:\\\/\\\/laregionnoticia.com\\\/?p=3770#breadcrumb\",\"itemListElement\":[{\"@type\":\"ListItem\",\"position\":1,\"name\":\"Inicio\",\"item\":\"https:\\\/\\\/laregionnoticia.com\\\/\"},{\"@type\":\"ListItem\",\"position\":2,\"name\":\"\ud83c\udde8\ud83c\uddf4 Encuesta Invamer Colombia 2026: Iv\u00e1n Cepeda lidera la intenci\u00f3n de voto en un escenario pol\u00edtico marcado por alta polarizaci\u00f3n\"}]},{\"@type\":\"WebSite\",\"@id\":\"https:\\\/\\\/laregionnoticia.com\\\/#website\",\"url\":\"https:\\\/\\\/laregionnoticia.com\\\/\",\"name\":\"La Regi\u00f3n Noticia\",\"description\":\"Porque nuestro compromiso es la informaci\u00f3n veraz y oportuna\",\"publisher\":{\"@id\":\"https:\\\/\\\/laregionnoticia.com\\\/#organization\"},\"potentialAction\":[{\"@type\":\"SearchAction\",\"target\":{\"@type\":\"EntryPoint\",\"urlTemplate\":\"https:\\\/\\\/laregionnoticia.com\\\/?s={search_term_string}\"},\"query-input\":{\"@type\":\"PropertyValueSpecification\",\"valueRequired\":true,\"valueName\":\"search_term_string\"}}],\"inLanguage\":\"es-CO\"},{\"@type\":\"Organization\",\"@id\":\"https:\\\/\\\/laregionnoticia.com\\\/#organization\",\"name\":\"La Regi\u00f3n Noticia\",\"url\":\"https:\\\/\\\/laregionnoticia.com\\\/\",\"logo\":{\"@type\":\"ImageObject\",\"inLanguage\":\"es-CO\",\"@id\":\"https:\\\/\\\/laregionnoticia.com\\\/#\\\/schema\\\/logo\\\/image\\\/\",\"url\":\"https:\\\/\\\/laregionnoticia.com\\\/wp-content\\\/uploads\\\/2026\\\/04\\\/logo-nuevo-LRN.jpeg\",\"contentUrl\":\"https:\\\/\\\/laregionnoticia.com\\\/wp-content\\\/uploads\\\/2026\\\/04\\\/logo-nuevo-LRN.jpeg\",\"width\":1024,\"height\":1024,\"caption\":\"La Regi\u00f3n Noticia\"},\"image\":{\"@id\":\"https:\\\/\\\/laregionnoticia.com\\\/#\\\/schema\\\/logo\\\/image\\\/\"},\"sameAs\":[\"https:\\\/\\\/www.facebook.com\\\/profile.php?id=61566329187948&mibextid=ZbWKwL\"]},{\"@type\":\"Person\",\"@id\":\"https:\\\/\\\/laregionnoticia.com\\\/#\\\/schema\\\/person\\\/5586c3a3653961e30e847de6e9b4db0c\",\"name\":\"Redacci\u00f3n Digital La Regi\u00f3n\",\"image\":{\"@type\":\"ImageObject\",\"inLanguage\":\"es-CO\",\"@id\":\"https:\\\/\\\/secure.gravatar.com\\\/avatar\\\/9b5f9df140c465a9462bbbe6f15e20d3c36ce881a9632c520e1a0c34017037a0?s=96&d=mm&r=g\",\"url\":\"https:\\\/\\\/secure.gravatar.com\\\/avatar\\\/9b5f9df140c465a9462bbbe6f15e20d3c36ce881a9632c520e1a0c34017037a0?s=96&d=mm&r=g\",\"contentUrl\":\"https:\\\/\\\/secure.gravatar.com\\\/avatar\\\/9b5f9df140c465a9462bbbe6f15e20d3c36ce881a9632c520e1a0c34017037a0?s=96&d=mm&r=g\",\"caption\":\"Redacci\u00f3n Digital La Regi\u00f3n\"},\"sameAs\":[\"http:\\\/\\\/laregionnoticia.com\"],\"url\":\"https:\\\/\\\/laregionnoticia.com\\\/?author=1\"}]}<\/script>\n<!-- \/ Yoast SEO plugin. -->","yoast_head_json":{"title":"\ud83c\udde8\ud83c\uddf4 Encuesta Invamer Colombia 2026: Iv\u00e1n Cepeda lidera la intenci\u00f3n de voto en un escenario pol\u00edtico marcado por alta polarizaci\u00f3n - La Regi\u00f3n Noticia","description":"Iv\u00e1n Cepeda lidera la Encuesta Invamer Colombia 2026 con 44,3% en primera vuelta, seguido de una oposici\u00f3n fragmentada.","robots":{"index":"index","follow":"follow","max-snippet":"max-snippet:-1","max-image-preview":"max-image-preview:large","max-video-preview":"max-video-preview:-1"},"canonical":"https:\/\/laregionnoticia.com\/?p=3770","og_locale":"es_ES","og_type":"article","og_title":"\ud83c\udde8\ud83c\uddf4 Encuesta Invamer Colombia 2026: Iv\u00e1n Cepeda lidera la intenci\u00f3n de voto en un escenario pol\u00edtico marcado por alta polarizaci\u00f3n - La Regi\u00f3n Noticia","og_description":"Iv\u00e1n Cepeda lidera la Encuesta Invamer Colombia 2026 con 44,3% en primera vuelta, seguido de una oposici\u00f3n fragmentada.","og_url":"https:\/\/laregionnoticia.com\/?p=3770","og_site_name":"La Regi\u00f3n Noticia","article_publisher":"https:\/\/www.facebook.com\/profile.php?id=61566329187948&mibextid=ZbWKwL","article_published_time":"2026-04-27T19:08:28+00:00","og_image":[{"width":1200,"height":600,"url":"https:\/\/laregionnoticia.com\/wp-content\/uploads\/2026\/04\/candidatos.jpg","type":"image\/jpeg"}],"author":"Redacci\u00f3n Digital La Regi\u00f3n","twitter_card":"summary_large_image","twitter_misc":{"Escrito por":"Redacci\u00f3n Digital La Regi\u00f3n","Tiempo de lectura":"7 minutos"},"schema":{"@context":"https:\/\/schema.org","@graph":[{"@type":"Article","@id":"https:\/\/laregionnoticia.com\/?p=3770#article","isPartOf":{"@id":"https:\/\/laregionnoticia.com\/?p=3770"},"author":{"name":"Redacci\u00f3n Digital La Regi\u00f3n","@id":"https:\/\/laregionnoticia.com\/#\/schema\/person\/5586c3a3653961e30e847de6e9b4db0c"},"headline":"\ud83c\udde8\ud83c\uddf4 Encuesta Invamer Colombia 2026: Iv\u00e1n Cepeda lidera la intenci\u00f3n de voto en un escenario pol\u00edtico marcado por alta polarizaci\u00f3n","datePublished":"2026-04-27T19:08:28+00:00","mainEntityOfPage":{"@id":"https:\/\/laregionnoticia.com\/?p=3770"},"wordCount":1533,"publisher":{"@id":"https:\/\/laregionnoticia.com\/#organization"},"image":{"@id":"https:\/\/laregionnoticia.com\/?p=3770#primaryimage"},"thumbnailUrl":"https:\/\/laregionnoticia.com\/wp-content\/uploads\/2026\/04\/candidatos.jpg","articleSection":["Nacional"],"inLanguage":"es-CO"},{"@type":"WebPage","@id":"https:\/\/laregionnoticia.com\/?p=3770","url":"https:\/\/laregionnoticia.com\/?p=3770","name":"\ud83c\udde8\ud83c\uddf4 Encuesta Invamer Colombia 2026: Iv\u00e1n Cepeda lidera la intenci\u00f3n de voto en un escenario pol\u00edtico marcado por alta polarizaci\u00f3n - La Regi\u00f3n Noticia","isPartOf":{"@id":"https:\/\/laregionnoticia.com\/#website"},"primaryImageOfPage":{"@id":"https:\/\/laregionnoticia.com\/?p=3770#primaryimage"},"image":{"@id":"https:\/\/laregionnoticia.com\/?p=3770#primaryimage"},"thumbnailUrl":"https:\/\/laregionnoticia.com\/wp-content\/uploads\/2026\/04\/candidatos.jpg","datePublished":"2026-04-27T19:08:28+00:00","description":"Iv\u00e1n Cepeda lidera la Encuesta Invamer Colombia 2026 con 44,3% en primera vuelta, seguido de una oposici\u00f3n fragmentada.","breadcrumb":{"@id":"https:\/\/laregionnoticia.com\/?p=3770#breadcrumb"},"inLanguage":"es-CO","potentialAction":[{"@type":"ReadAction","target":["https:\/\/laregionnoticia.com\/?p=3770"]}]},{"@type":"ImageObject","inLanguage":"es-CO","@id":"https:\/\/laregionnoticia.com\/?p=3770#primaryimage","url":"https:\/\/laregionnoticia.com\/wp-content\/uploads\/2026\/04\/candidatos.jpg","contentUrl":"https:\/\/laregionnoticia.com\/wp-content\/uploads\/2026\/04\/candidatos.jpg","width":1200,"height":600},{"@type":"BreadcrumbList","@id":"https:\/\/laregionnoticia.com\/?p=3770#breadcrumb","itemListElement":[{"@type":"ListItem","position":1,"name":"Inicio","item":"https:\/\/laregionnoticia.com\/"},{"@type":"ListItem","position":2,"name":"\ud83c\udde8\ud83c\uddf4 Encuesta Invamer Colombia 2026: Iv\u00e1n Cepeda lidera la intenci\u00f3n de voto en un escenario pol\u00edtico marcado por alta polarizaci\u00f3n"}]},{"@type":"WebSite","@id":"https:\/\/laregionnoticia.com\/#website","url":"https:\/\/laregionnoticia.com\/","name":"La Regi\u00f3n Noticia","description":"Porque nuestro compromiso es la informaci\u00f3n veraz y oportuna","publisher":{"@id":"https:\/\/laregionnoticia.com\/#organization"},"potentialAction":[{"@type":"SearchAction","target":{"@type":"EntryPoint","urlTemplate":"https:\/\/laregionnoticia.com\/?s={search_term_string}"},"query-input":{"@type":"PropertyValueSpecification","valueRequired":true,"valueName":"search_term_string"}}],"inLanguage":"es-CO"},{"@type":"Organization","@id":"https:\/\/laregionnoticia.com\/#organization","name":"La Regi\u00f3n Noticia","url":"https:\/\/laregionnoticia.com\/","logo":{"@type":"ImageObject","inLanguage":"es-CO","@id":"https:\/\/laregionnoticia.com\/#\/schema\/logo\/image\/","url":"https:\/\/laregionnoticia.com\/wp-content\/uploads\/2026\/04\/logo-nuevo-LRN.jpeg","contentUrl":"https:\/\/laregionnoticia.com\/wp-content\/uploads\/2026\/04\/logo-nuevo-LRN.jpeg","width":1024,"height":1024,"caption":"La Regi\u00f3n Noticia"},"image":{"@id":"https:\/\/laregionnoticia.com\/#\/schema\/logo\/image\/"},"sameAs":["https:\/\/www.facebook.com\/profile.php?id=61566329187948&mibextid=ZbWKwL"]},{"@type":"Person","@id":"https:\/\/laregionnoticia.com\/#\/schema\/person\/5586c3a3653961e30e847de6e9b4db0c","name":"Redacci\u00f3n Digital La Regi\u00f3n","image":{"@type":"ImageObject","inLanguage":"es-CO","@id":"https:\/\/secure.gravatar.com\/avatar\/9b5f9df140c465a9462bbbe6f15e20d3c36ce881a9632c520e1a0c34017037a0?s=96&d=mm&r=g","url":"https:\/\/secure.gravatar.com\/avatar\/9b5f9df140c465a9462bbbe6f15e20d3c36ce881a9632c520e1a0c34017037a0?s=96&d=mm&r=g","contentUrl":"https:\/\/secure.gravatar.com\/avatar\/9b5f9df140c465a9462bbbe6f15e20d3c36ce881a9632c520e1a0c34017037a0?s=96&d=mm&r=g","caption":"Redacci\u00f3n Digital La Regi\u00f3n"},"sameAs":["http:\/\/laregionnoticia.com"],"url":"https:\/\/laregionnoticia.com\/?author=1"}]}},"_links":{"self":[{"href":"https:\/\/laregionnoticia.com\/index.php?rest_route=\/wp\/v2\/posts\/3770","targetHints":{"allow":["GET"]}}],"collection":[{"href":"https:\/\/laregionnoticia.com\/index.php?rest_route=\/wp\/v2\/posts"}],"about":[{"href":"https:\/\/laregionnoticia.com\/index.php?rest_route=\/wp\/v2\/types\/post"}],"author":[{"embeddable":true,"href":"https:\/\/laregionnoticia.com\/index.php?rest_route=\/wp\/v2\/users\/1"}],"replies":[{"embeddable":true,"href":"https:\/\/laregionnoticia.com\/index.php?rest_route=%2Fwp%2Fv2%2Fcomments&post=3770"}],"version-history":[{"count":1,"href":"https:\/\/laregionnoticia.com\/index.php?rest_route=\/wp\/v2\/posts\/3770\/revisions"}],"predecessor-version":[{"id":3778,"href":"https:\/\/laregionnoticia.com\/index.php?rest_route=\/wp\/v2\/posts\/3770\/revisions\/3778"}],"wp:featuredmedia":[{"embeddable":true,"href":"https:\/\/laregionnoticia.com\/index.php?rest_route=\/wp\/v2\/media\/3774"}],"wp:attachment":[{"href":"https:\/\/laregionnoticia.com\/index.php?rest_route=%2Fwp%2Fv2%2Fmedia&parent=3770"}],"wp:term":[{"taxonomy":"category","embeddable":true,"href":"https:\/\/laregionnoticia.com\/index.php?rest_route=%2Fwp%2Fv2%2Fcategories&post=3770"},{"taxonomy":"post_tag","embeddable":true,"href":"https:\/\/laregionnoticia.com\/index.php?rest_route=%2Fwp%2Fv2%2Ftags&post=3770"}],"curies":[{"name":"wp","href":"https:\/\/api.w.org\/{rel}","templated":true}]}}