{"id":3779,"date":"2026-04-28T12:45:59","date_gmt":"2026-04-28T17:45:59","guid":{"rendered":"https:\/\/laregionnoticia.com\/?p=3779"},"modified":"2026-04-28T13:46:48","modified_gmt":"2026-04-28T18:46:48","slug":"luis-diaz-colombia-champions-semifinal","status":"publish","type":"post","link":"https:\/\/laregionnoticia.com\/?p=3779","title":{"rendered":"\ud83c\udde8\ud83c\uddf4 Hoy no juega solo Lucho: juega Colombia entera en la Champions"},"content":{"rendered":"\n<p class=\"has-vivid-red-color has-text-color has-link-color wp-elements-14e867607a9d0a692471cc1b46d6f98e\">Por: El Mathius<\/p>\n\n\n\n<h2 class=\"wp-block-heading\">El partido que pone a Colombia en el centro de Europa<\/h2>\n\n\n\n<figure class=\"wp-block-image size-large\"><img loading=\"lazy\" decoding=\"async\" width=\"1024\" height=\"1024\" src=\"https:\/\/laregionnoticia.com\/wp-content\/uploads\/2026\/04\/lucho-3-1024x1024.jpg\" alt=\"\" class=\"wp-image-3781\" srcset=\"https:\/\/laregionnoticia.com\/wp-content\/uploads\/2026\/04\/lucho-3-1024x1024.jpg 1024w, https:\/\/laregionnoticia.com\/wp-content\/uploads\/2026\/04\/lucho-3-300x300.jpg 300w, https:\/\/laregionnoticia.com\/wp-content\/uploads\/2026\/04\/lucho-3-150x150.jpg 150w, https:\/\/laregionnoticia.com\/wp-content\/uploads\/2026\/04\/lucho-3-768x768.jpg 768w, https:\/\/laregionnoticia.com\/wp-content\/uploads\/2026\/04\/lucho-3.jpg 1280w\" sizes=\"auto, (max-width: 1024px) 100vw, 1024px\" \/><\/figure>\n\n\n\n<h3 class=\"wp-block-heading\">Una semifinal que trasciende el f\u00fatbol y conecta con un pa\u00eds entero<\/h3>\n\n\n\n<p>El duelo entre Bayern y PSG por la semifinal de la Champions League no es solo un enfrentamiento entre dos gigantes del f\u00fatbol europeo. Para Colombia, este partido adquiere una dimensi\u00f3n distinta, cargada de emoci\u00f3n, orgullo y sentido de pertenencia. En el centro de esa historia aparece Luis D\u00edaz, el futbolista que ha logrado convertirse en s\u00edmbolo de una generaci\u00f3n y en motivo de uni\u00f3n para millones de colombianos que hoy miran hacia Europa con el coraz\u00f3n en la cancha.<\/p>\n\n\n\n<p>No se trata \u00fanicamente de un partido, sino de la posibilidad de ver reflejado el esfuerzo de a\u00f1os, la disciplina silenciosa y la perseverancia de un jugador que sali\u00f3 desde lo m\u00e1s profundo del f\u00fatbol colombiano para llegar a los escenarios m\u00e1s exigentes del mundo. En cada jugada, en cada desborde, hay una historia que conecta directamente con su pa\u00eds.<\/p>\n\n\n\n<h3 class=\"wp-block-heading\">Luis D\u00edaz y su impacto en el Bayern en la temporada actual<\/h3>\n\n\n\n<p>Desde su llegada al Bayern, Luis D\u00edaz ha sido una pieza determinante dentro del esquema del equipo. Su velocidad, capacidad de desborde y agresividad ofensiva han aportado una dimensi\u00f3n distinta al ataque del conjunto alem\u00e1n. En la temporada actual, sus n\u00fameros reflejan no solo regularidad, sino tambi\u00e9n protagonismo en momentos clave.<\/p>\n\n\n\n<p>M\u00e1s all\u00e1 de las estad\u00edsticas, lo que ha marcado la diferencia es su capacidad para aparecer en partidos importantes, asumir responsabilidades y responder bajo presi\u00f3n. En una competici\u00f3n como la Champions League, donde cada detalle cuenta, ese tipo de jugadores se vuelve fundamental.<\/p>\n\n\n\n<p>Su adaptaci\u00f3n al f\u00fatbol alem\u00e1n ha sido r\u00e1pida, demostrando que su talento no depende de un contexto espec\u00edfico, sino que puede imponerse en cualquier escenario.<\/p>\n\n\n\n<h3 class=\"wp-block-heading\">Los n\u00fameros de Luis D\u00edaz en Europa que respaldan su crecimiento<\/h3>\n\n\n\n<p>El recorrido de Luis D\u00edaz en el f\u00fatbol europeo ha estado acompa\u00f1ado por cifras que evidencian su evoluci\u00f3n como futbolista. Desde sus primeros pasos hasta su consolidaci\u00f3n en equipos de \u00e9lite, sus registros en goles, asistencias y participaci\u00f3n ofensiva han ido en constante crecimiento.<\/p>\n\n\n\n<p>En competiciones europeas, D\u00edaz ha demostrado ser un jugador decisivo, capaz de marcar diferencias en partidos de alto nivel. Sus goles no solo han sido importantes en cantidad, sino en momentos clave, lo que eleva su valor dentro de cualquier equipo.<\/p>\n\n\n\n<p>Estos n\u00fameros no son producto del azar, sino de un proceso de desarrollo que lo ha llevado a convertirse en uno de los jugadores m\u00e1s influyentes del continente.<\/p>\n\n\n\n<h3 class=\"wp-block-heading\">De Colombia a la \u00e9lite: la trayectoria de Luis D\u00edaz en el f\u00fatbol europeo<\/h3>\n\n\n\n<p>El camino de Luis D\u00edaz hacia la \u00e9lite del f\u00fatbol europeo es una historia de esfuerzo y superaci\u00f3n. Desde sus inicios en Colombia hasta su llegada a Europa, su carrera ha estado marcada por decisiones acertadas y un crecimiento progresivo.<\/p>\n\n\n\n<p>Su paso por ligas competitivas le permiti\u00f3 adaptarse a diferentes estilos de juego, fortalecer su capacidad f\u00edsica y mejorar su lectura t\u00e1ctica. Cada etapa fue clave para construir el jugador que hoy compite en la Champions League.<\/p>\n\n\n\n<p>En Europa, logr\u00f3 consolidarse como un extremo desequilibrante, capaz de romper defensas y generar peligro constante, lo que le abri\u00f3 las puertas de los clubes m\u00e1s importantes del continente.<\/p>\n\n\n\n<h3 class=\"wp-block-heading\">Los t\u00edtulos que ha conquistado Luis D\u00edaz en el f\u00fatbol europeo<\/h3>\n\n\n\n<p>A lo largo de su carrera en Europa, Luis D\u00edaz ha sumado t\u00edtulos que respaldan su impacto en los equipos en los que ha jugado. Estos logros no solo reflejan el \u00e9xito colectivo, sino tambi\u00e9n su aporte individual dentro de cada proyecto deportivo.<\/p>\n\n\n\n<p>Cada trofeo representa un paso m\u00e1s en su consolidaci\u00f3n como futbolista de \u00e9lite, demostrando que su presencia en los equipos no es circunstancial, sino determinante.<\/p>\n\n\n\n<p>Su participaci\u00f3n en campa\u00f1as exitosas ha sido clave para posicionarlo como uno de los referentes colombianos en el f\u00fatbol internacional.<\/p>\n\n\n\n<h3 class=\"wp-block-heading\">Los goles de Luis D\u00edaz en Europa y su importancia en partidos clave<\/h3>\n\n\n\n<p>Uno de los aspectos m\u00e1s destacados de la carrera de Luis D\u00edaz en Europa es su capacidad goleadora en momentos decisivos. Sus anotaciones han llegado en partidos importantes, marcando diferencias en competiciones de alto nivel.<\/p>\n\n\n\n<p>M\u00e1s all\u00e1 de la cantidad, lo que resalta es la calidad y el contexto de sus goles, muchos de ellos en escenarios de m\u00e1xima exigencia. Este tipo de rendimiento es el que define a los jugadores de \u00e9lite.<\/p>\n\n\n\n<p>Su capacidad para aparecer cuando el equipo lo necesita lo convierte en una pieza fundamental en cualquier esquema ofensivo.<\/p>\n\n\n\n<h3 class=\"wp-block-heading\">El significado de esta semifinal para Colombia<\/h3>\n\n\n\n<p>La presencia de Luis D\u00edaz en una semifinal de Champions League tiene un significado especial para Colombia. No es solo un logro individual, sino un motivo de orgullo nacional que une a millones de personas alrededor de un mismo sentimiento.<\/p>\n\n\n\n<p>En un pa\u00eds donde el f\u00fatbol es una de las principales formas de identidad colectiva, ver a uno de los suyos competir al m\u00e1s alto nivel genera una conexi\u00f3n emocional profunda.<\/p>\n\n\n\n<p>Este tipo de momentos trascienden lo deportivo y se convierten en parte de la memoria colectiva.<\/p>\n\n\n\n<h3 class=\"wp-block-heading\">Un pa\u00eds que se detiene para ver a Luis D\u00edaz<\/h3>\n\n\n\n<p>En d\u00edas como este, Colombia se detiene. Las conversaciones giran en torno al partido, las redes sociales se llenan de mensajes de apoyo y la expectativa crece con el paso de las horas.<\/p>\n\n\n\n<p>Luis D\u00edaz no solo representa a su equipo, sino a todo un pa\u00eds que ve en \u00e9l una extensi\u00f3n de sus sue\u00f1os. Cada jugada es seguida con atenci\u00f3n, cada acci\u00f3n genera emoci\u00f3n.<\/p>\n\n\n\n<p>Este tipo de conexi\u00f3n entre un jugador y su pa\u00eds es lo que hace del f\u00fatbol algo \u00fanico.<\/p>\n\n\n\n<h3 class=\"wp-block-heading\">La presi\u00f3n de jugar una semifinal de Champions League<\/h3>\n\n\n\n<p>Disputar una semifinal de Champions League implica una presi\u00f3n enorme, donde cada error puede ser determinante. En este tipo de escenarios, la experiencia, la mentalidad y la capacidad de adaptaci\u00f3n juegan un papel fundamental.<\/p>\n\n\n\n<p>Luis D\u00edaz llega a este partido con la responsabilidad de responder en uno de los momentos m\u00e1s importantes de su carrera, enfrentando a un rival de alto nivel como el PSG.<\/p>\n\n\n\n<h3 class=\"wp-block-heading\">Bayern vs PSG: un duelo de gigantes del f\u00fatbol europeo<\/h3>\n\n\n\n<p>El enfrentamiento entre Bayern y PSG representa un choque entre dos estilos, dos proyectos y dos ambiciones claras: llegar a la final de la Champions League.<\/p>\n\n\n\n<p>Ambos equipos cuentan con plantillas de alto nivel, lo que convierte este partido en uno de los m\u00e1s esperados del calendario futbol\u00edstico.<\/p>\n\n\n\n<h3 class=\"wp-block-heading\">El rol de Luis D\u00edaz en un partido de alta exigencia<\/h3>\n\n\n\n<p>Dentro de este contexto, el papel de Luis D\u00edaz ser\u00e1 clave. Su capacidad para desequilibrar en el uno contra uno, generar espacios y aportar en fase ofensiva puede marcar la diferencia.<\/p>\n\n\n\n<p>En partidos de este nivel, los detalles son determinantes, y jugadores como \u00e9l suelen ser los encargados de definirlos.<\/p>\n\n\n\n<h3 class=\"wp-block-heading\">La evoluci\u00f3n del jugador colombiano en Europa<\/h3>\n\n\n\n<p>El crecimiento de Luis D\u00edaz es tambi\u00e9n reflejo de la evoluci\u00f3n del futbolista colombiano en el exterior. Cada vez son m\u00e1s los jugadores que logran consolidarse en ligas europeas, elevando el nivel de representaci\u00f3n del pa\u00eds.<\/p>\n\n\n\n<h3 class=\"wp-block-heading\">El impacto medi\u00e1tico de Luis D\u00edaz en el f\u00fatbol internacional<\/h3>\n\n\n\n<p>Su presencia en escenarios como la Champions League ha incrementado su visibilidad a nivel global, posicion\u00e1ndolo como uno de los referentes del f\u00fatbol colombiano.<\/p>\n\n\n\n<h3 class=\"wp-block-heading\">La ilusi\u00f3n de una final de Champions para un colombiano<\/h3>\n\n\n\n<p>La posibilidad de que Luis D\u00edaz llegue a una final de Champions League representa un sue\u00f1o para el f\u00fatbol colombiano, que hist\u00f3ricamente ha tenido pocos representantes en estas instancias.<\/p>\n\n\n\n<h3 class=\"wp-block-heading\">Colombia unida por un mismo objetivo<\/h3>\n\n\n\n<p>Hoy, m\u00e1s all\u00e1 de los colores del club, hay un sentimiento com\u00fan que recorre el pa\u00eds. La idea de ver a un colombiano triunfar en uno de los escenarios m\u00e1s importantes del mundo genera una uni\u00f3n pocas veces vista.<\/p>\n\n\n\n<p>Este fue el ultimo gol de Lucho que significa otra final.<\/p>\n\n\n\n<figure class=\"wp-block-embed is-type-rich is-provider-twitter wp-block-embed-twitter\"><div class=\"wp-block-embed__wrapper\">\n<blockquote class=\"twitter-tweet\" data-width=\"550\" data-dnt=\"true\"><p lang=\"es\" dir=\"ltr\">\u00a1GOOOOOOOOOOOOOOOOOOOOOOOOOOOOOOOOOOL de Lucho D\u00edaz!<br><br>El VAR revis\u00f3 y convalid\u00f3 este GOLAZO del Guajiro<br><br>\u00a1Y Bayern a la final!<br><br>\u25b6\ufe0f Mira la \ud83c\udde9\ud83c\uddea <a href=\"https:\/\/twitter.com\/hashtag\/DFBPokal?src=hash&amp;ref_src=twsrc%5Etfw\">#DFBPokal<\/a> en el Plan Premium de <a href=\"https:\/\/twitter.com\/hashtag\/DisneyPlus?src=hash&amp;ref_src=twsrc%5Etfw\">#DisneyPlus<\/a>. <a href=\"https:\/\/t.co\/MFmmJaKoGh\">pic.twitter.com\/MFmmJaKoGh<\/a><\/p>&mdash; ESPN Colombia (@ESPNColombia) <a href=\"https:\/\/twitter.com\/ESPNColombia\/status\/2047054278066339963?ref_src=twsrc%5Etfw\">April 22, 2026<\/a><\/blockquote><script async src=\"https:\/\/platform.twitter.com\/widgets.js\" charset=\"utf-8\"><\/script>\n<\/div><\/figure>\n\n\n\n<p>S\u00edguenos en nuestra pagina de Facebook para mas noticias dale clik&nbsp;<a href=\"https:\/\/www.facebook.com\/profile.php?id=61569739743679\" target=\"_blank\" rel=\"noreferrer noopener\">aca<\/a><\/p>\n\n\n\n<p class=\"has-vivid-red-color has-text-color has-link-color wp-elements-56ddd9f9edd5510460e34cf9863dd156\"><strong>\u00a1LA REGION NOTICIA INFORMACION COMO DEBE SER!<\/strong><\/p>\n","protected":false},"excerpt":{"rendered":"<p>Por: El Mathius El partido que pone a Colombia en el centro de Europa Una semifinal que trasciende el f\u00fatbol y conecta con un pa\u00eds entero El duelo entre Bayern&hellip; <\/p>\n","protected":false},"author":1,"featured_media":3780,"comment_status":"closed","ping_status":"open","sticky":false,"template":"","format":"standard","meta":{"footnotes":""},"categories":[5],"tags":[],"class_list":["post-3779","post","type-post","status-publish","format-standard","has-post-thumbnail","hentry","category-deportes"],"yoast_head":"<!-- This site is optimized with the Yoast SEO plugin v27.4 - https:\/\/yoast.com\/product\/yoast-seo-wordpress\/ -->\n<title>\ud83c\udde8\ud83c\uddf4 Hoy no juega solo Lucho: juega Colombia entera en la Champions - La Regi\u00f3n Noticia<\/title>\n<meta name=\"description\" content=\"Luis D\u00edaz disputa la semifinal de Champions League con el Bayern y despierta el orgullo de Colombia en un partido que une a todo un pa\u00eds.\" \/>\n<meta name=\"robots\" content=\"index, follow, max-snippet:-1, max-image-preview:large, max-video-preview:-1\" \/>\n<link rel=\"canonical\" href=\"https:\/\/laregionnoticia.com\/?p=3779\" \/>\n<meta property=\"og:locale\" content=\"es_ES\" \/>\n<meta property=\"og:type\" content=\"article\" \/>\n<meta property=\"og:title\" content=\"\ud83c\udde8\ud83c\uddf4 Hoy no juega solo Lucho: juega Colombia entera en la Champions - La Regi\u00f3n Noticia\" \/>\n<meta property=\"og:description\" content=\"Luis D\u00edaz disputa la semifinal de Champions League con el Bayern y despierta el orgullo de Colombia en un partido que une a todo un pa\u00eds.\" \/>\n<meta property=\"og:url\" content=\"https:\/\/laregionnoticia.com\/?p=3779\" \/>\n<meta property=\"og:site_name\" content=\"La Regi\u00f3n Noticia\" \/>\n<meta property=\"article:publisher\" content=\"https:\/\/www.facebook.com\/profile.php?id=61566329187948&amp;mibextid=ZbWKwL\" \/>\n<meta property=\"article:published_time\" content=\"2026-04-28T17:45:59+00:00\" \/>\n<meta property=\"article:modified_time\" content=\"2026-04-28T18:46:48+00:00\" \/>\n<meta property=\"og:image\" content=\"https:\/\/laregionnoticia.com\/wp-content\/uploads\/2026\/04\/lucho-2.jpg\" \/>\n\t<meta property=\"og:image:width\" content=\"1080\" \/>\n\t<meta property=\"og:image:height\" content=\"884\" \/>\n\t<meta property=\"og:image:type\" content=\"image\/jpeg\" \/>\n<meta name=\"author\" content=\"Redacci\u00f3n Digital La Regi\u00f3n\" \/>\n<meta name=\"twitter:card\" content=\"summary_large_image\" \/>\n<meta name=\"twitter:label1\" content=\"Escrito por\" \/>\n\t<meta name=\"twitter:data1\" content=\"Redacci\u00f3n Digital La Regi\u00f3n\" \/>\n\t<meta name=\"twitter:label2\" content=\"Tiempo de lectura\" \/>\n\t<meta name=\"twitter:data2\" content=\"7 minutos\" \/>\n<script type=\"application\/ld+json\" class=\"yoast-schema-graph\">{\"@context\":\"https:\\\/\\\/schema.org\",\"@graph\":[{\"@type\":\"Article\",\"@id\":\"https:\\\/\\\/laregionnoticia.com\\\/?p=3779#article\",\"isPartOf\":{\"@id\":\"https:\\\/\\\/laregionnoticia.com\\\/?p=3779\"},\"author\":{\"name\":\"Redacci\u00f3n Digital La Regi\u00f3n\",\"@id\":\"https:\\\/\\\/laregionnoticia.com\\\/#\\\/schema\\\/person\\\/5586c3a3653961e30e847de6e9b4db0c\"},\"headline\":\"\ud83c\udde8\ud83c\uddf4 Hoy no juega solo Lucho: juega Colombia entera en la Champions\",\"datePublished\":\"2026-04-28T17:45:59+00:00\",\"dateModified\":\"2026-04-28T18:46:48+00:00\",\"mainEntityOfPage\":{\"@id\":\"https:\\\/\\\/laregionnoticia.com\\\/?p=3779\"},\"wordCount\":1450,\"publisher\":{\"@id\":\"https:\\\/\\\/laregionnoticia.com\\\/#organization\"},\"image\":{\"@id\":\"https:\\\/\\\/laregionnoticia.com\\\/?p=3779#primaryimage\"},\"thumbnailUrl\":\"https:\\\/\\\/laregionnoticia.com\\\/wp-content\\\/uploads\\\/2026\\\/04\\\/lucho-2.jpg\",\"articleSection\":[\"Deportes\"],\"inLanguage\":\"es-CO\"},{\"@type\":\"WebPage\",\"@id\":\"https:\\\/\\\/laregionnoticia.com\\\/?p=3779\",\"url\":\"https:\\\/\\\/laregionnoticia.com\\\/?p=3779\",\"name\":\"\ud83c\udde8\ud83c\uddf4 Hoy no juega solo Lucho: juega Colombia entera en la Champions - La Regi\u00f3n Noticia\",\"isPartOf\":{\"@id\":\"https:\\\/\\\/laregionnoticia.com\\\/#website\"},\"primaryImageOfPage\":{\"@id\":\"https:\\\/\\\/laregionnoticia.com\\\/?p=3779#primaryimage\"},\"image\":{\"@id\":\"https:\\\/\\\/laregionnoticia.com\\\/?p=3779#primaryimage\"},\"thumbnailUrl\":\"https:\\\/\\\/laregionnoticia.com\\\/wp-content\\\/uploads\\\/2026\\\/04\\\/lucho-2.jpg\",\"datePublished\":\"2026-04-28T17:45:59+00:00\",\"dateModified\":\"2026-04-28T18:46:48+00:00\",\"description\":\"Luis D\u00edaz disputa la semifinal de Champions League con el Bayern y despierta el orgullo de Colombia en un partido que une a todo un pa\u00eds.\",\"breadcrumb\":{\"@id\":\"https:\\\/\\\/laregionnoticia.com\\\/?p=3779#breadcrumb\"},\"inLanguage\":\"es-CO\",\"potentialAction\":[{\"@type\":\"ReadAction\",\"target\":[\"https:\\\/\\\/laregionnoticia.com\\\/?p=3779\"]}]},{\"@type\":\"ImageObject\",\"inLanguage\":\"es-CO\",\"@id\":\"https:\\\/\\\/laregionnoticia.com\\\/?p=3779#primaryimage\",\"url\":\"https:\\\/\\\/laregionnoticia.com\\\/wp-content\\\/uploads\\\/2026\\\/04\\\/lucho-2.jpg\",\"contentUrl\":\"https:\\\/\\\/laregionnoticia.com\\\/wp-content\\\/uploads\\\/2026\\\/04\\\/lucho-2.jpg\",\"width\":1080,\"height\":884},{\"@type\":\"BreadcrumbList\",\"@id\":\"https:\\\/\\\/laregionnoticia.com\\\/?p=3779#breadcrumb\",\"itemListElement\":[{\"@type\":\"ListItem\",\"position\":1,\"name\":\"Inicio\",\"item\":\"https:\\\/\\\/laregionnoticia.com\\\/\"},{\"@type\":\"ListItem\",\"position\":2,\"name\":\"\ud83c\udde8\ud83c\uddf4 Hoy no juega solo Lucho: juega Colombia entera en la Champions\"}]},{\"@type\":\"WebSite\",\"@id\":\"https:\\\/\\\/laregionnoticia.com\\\/#website\",\"url\":\"https:\\\/\\\/laregionnoticia.com\\\/\",\"name\":\"La Regi\u00f3n Noticia\",\"description\":\"Porque nuestro compromiso es la informaci\u00f3n veraz y oportuna\",\"publisher\":{\"@id\":\"https:\\\/\\\/laregionnoticia.com\\\/#organization\"},\"potentialAction\":[{\"@type\":\"SearchAction\",\"target\":{\"@type\":\"EntryPoint\",\"urlTemplate\":\"https:\\\/\\\/laregionnoticia.com\\\/?s={search_term_string}\"},\"query-input\":{\"@type\":\"PropertyValueSpecification\",\"valueRequired\":true,\"valueName\":\"search_term_string\"}}],\"inLanguage\":\"es-CO\"},{\"@type\":\"Organization\",\"@id\":\"https:\\\/\\\/laregionnoticia.com\\\/#organization\",\"name\":\"La Regi\u00f3n Noticia\",\"url\":\"https:\\\/\\\/laregionnoticia.com\\\/\",\"logo\":{\"@type\":\"ImageObject\",\"inLanguage\":\"es-CO\",\"@id\":\"https:\\\/\\\/laregionnoticia.com\\\/#\\\/schema\\\/logo\\\/image\\\/\",\"url\":\"https:\\\/\\\/laregionnoticia.com\\\/wp-content\\\/uploads\\\/2026\\\/04\\\/logo-nuevo-LRN.jpeg\",\"contentUrl\":\"https:\\\/\\\/laregionnoticia.com\\\/wp-content\\\/uploads\\\/2026\\\/04\\\/logo-nuevo-LRN.jpeg\",\"width\":1024,\"height\":1024,\"caption\":\"La Regi\u00f3n Noticia\"},\"image\":{\"@id\":\"https:\\\/\\\/laregionnoticia.com\\\/#\\\/schema\\\/logo\\\/image\\\/\"},\"sameAs\":[\"https:\\\/\\\/www.facebook.com\\\/profile.php?id=61566329187948&mibextid=ZbWKwL\"]},{\"@type\":\"Person\",\"@id\":\"https:\\\/\\\/laregionnoticia.com\\\/#\\\/schema\\\/person\\\/5586c3a3653961e30e847de6e9b4db0c\",\"name\":\"Redacci\u00f3n Digital La Regi\u00f3n\",\"image\":{\"@type\":\"ImageObject\",\"inLanguage\":\"es-CO\",\"@id\":\"https:\\\/\\\/secure.gravatar.com\\\/avatar\\\/9b5f9df140c465a9462bbbe6f15e20d3c36ce881a9632c520e1a0c34017037a0?s=96&d=mm&r=g\",\"url\":\"https:\\\/\\\/secure.gravatar.com\\\/avatar\\\/9b5f9df140c465a9462bbbe6f15e20d3c36ce881a9632c520e1a0c34017037a0?s=96&d=mm&r=g\",\"contentUrl\":\"https:\\\/\\\/secure.gravatar.com\\\/avatar\\\/9b5f9df140c465a9462bbbe6f15e20d3c36ce881a9632c520e1a0c34017037a0?s=96&d=mm&r=g\",\"caption\":\"Redacci\u00f3n Digital La Regi\u00f3n\"},\"sameAs\":[\"http:\\\/\\\/laregionnoticia.com\"],\"url\":\"https:\\\/\\\/laregionnoticia.com\\\/?author=1\"}]}<\/script>\n<!-- \/ Yoast SEO plugin. -->","yoast_head_json":{"title":"\ud83c\udde8\ud83c\uddf4 Hoy no juega solo Lucho: juega Colombia entera en la Champions - La Regi\u00f3n Noticia","description":"Luis D\u00edaz disputa la semifinal de Champions League con el Bayern y despierta el orgullo de Colombia en un partido que une a todo un pa\u00eds.","robots":{"index":"index","follow":"follow","max-snippet":"max-snippet:-1","max-image-preview":"max-image-preview:large","max-video-preview":"max-video-preview:-1"},"canonical":"https:\/\/laregionnoticia.com\/?p=3779","og_locale":"es_ES","og_type":"article","og_title":"\ud83c\udde8\ud83c\uddf4 Hoy no juega solo Lucho: juega Colombia entera en la Champions - La Regi\u00f3n Noticia","og_description":"Luis D\u00edaz disputa la semifinal de Champions League con el Bayern y despierta el orgullo de Colombia en un partido que une a todo un pa\u00eds.","og_url":"https:\/\/laregionnoticia.com\/?p=3779","og_site_name":"La Regi\u00f3n Noticia","article_publisher":"https:\/\/www.facebook.com\/profile.php?id=61566329187948&mibextid=ZbWKwL","article_published_time":"2026-04-28T17:45:59+00:00","article_modified_time":"2026-04-28T18:46:48+00:00","og_image":[{"width":1080,"height":884,"url":"https:\/\/laregionnoticia.com\/wp-content\/uploads\/2026\/04\/lucho-2.jpg","type":"image\/jpeg"}],"author":"Redacci\u00f3n Digital La Regi\u00f3n","twitter_card":"summary_large_image","twitter_misc":{"Escrito por":"Redacci\u00f3n Digital La Regi\u00f3n","Tiempo de lectura":"7 minutos"},"schema":{"@context":"https:\/\/schema.org","@graph":[{"@type":"Article","@id":"https:\/\/laregionnoticia.com\/?p=3779#article","isPartOf":{"@id":"https:\/\/laregionnoticia.com\/?p=3779"},"author":{"name":"Redacci\u00f3n Digital La Regi\u00f3n","@id":"https:\/\/laregionnoticia.com\/#\/schema\/person\/5586c3a3653961e30e847de6e9b4db0c"},"headline":"\ud83c\udde8\ud83c\uddf4 Hoy no juega solo Lucho: juega Colombia entera en la Champions","datePublished":"2026-04-28T17:45:59+00:00","dateModified":"2026-04-28T18:46:48+00:00","mainEntityOfPage":{"@id":"https:\/\/laregionnoticia.com\/?p=3779"},"wordCount":1450,"publisher":{"@id":"https:\/\/laregionnoticia.com\/#organization"},"image":{"@id":"https:\/\/laregionnoticia.com\/?p=3779#primaryimage"},"thumbnailUrl":"https:\/\/laregionnoticia.com\/wp-content\/uploads\/2026\/04\/lucho-2.jpg","articleSection":["Deportes"],"inLanguage":"es-CO"},{"@type":"WebPage","@id":"https:\/\/laregionnoticia.com\/?p=3779","url":"https:\/\/laregionnoticia.com\/?p=3779","name":"\ud83c\udde8\ud83c\uddf4 Hoy no juega solo Lucho: juega Colombia entera en la Champions - La Regi\u00f3n Noticia","isPartOf":{"@id":"https:\/\/laregionnoticia.com\/#website"},"primaryImageOfPage":{"@id":"https:\/\/laregionnoticia.com\/?p=3779#primaryimage"},"image":{"@id":"https:\/\/laregionnoticia.com\/?p=3779#primaryimage"},"thumbnailUrl":"https:\/\/laregionnoticia.com\/wp-content\/uploads\/2026\/04\/lucho-2.jpg","datePublished":"2026-04-28T17:45:59+00:00","dateModified":"2026-04-28T18:46:48+00:00","description":"Luis D\u00edaz disputa la semifinal de Champions League con el Bayern y despierta el orgullo de Colombia en un partido que une a todo un pa\u00eds.","breadcrumb":{"@id":"https:\/\/laregionnoticia.com\/?p=3779#breadcrumb"},"inLanguage":"es-CO","potentialAction":[{"@type":"ReadAction","target":["https:\/\/laregionnoticia.com\/?p=3779"]}]},{"@type":"ImageObject","inLanguage":"es-CO","@id":"https:\/\/laregionnoticia.com\/?p=3779#primaryimage","url":"https:\/\/laregionnoticia.com\/wp-content\/uploads\/2026\/04\/lucho-2.jpg","contentUrl":"https:\/\/laregionnoticia.com\/wp-content\/uploads\/2026\/04\/lucho-2.jpg","width":1080,"height":884},{"@type":"BreadcrumbList","@id":"https:\/\/laregionnoticia.com\/?p=3779#breadcrumb","itemListElement":[{"@type":"ListItem","position":1,"name":"Inicio","item":"https:\/\/laregionnoticia.com\/"},{"@type":"ListItem","position":2,"name":"\ud83c\udde8\ud83c\uddf4 Hoy no juega solo Lucho: juega Colombia entera en la Champions"}]},{"@type":"WebSite","@id":"https:\/\/laregionnoticia.com\/#website","url":"https:\/\/laregionnoticia.com\/","name":"La Regi\u00f3n Noticia","description":"Porque nuestro compromiso es la informaci\u00f3n veraz y oportuna","publisher":{"@id":"https:\/\/laregionnoticia.com\/#organization"},"potentialAction":[{"@type":"SearchAction","target":{"@type":"EntryPoint","urlTemplate":"https:\/\/laregionnoticia.com\/?s={search_term_string}"},"query-input":{"@type":"PropertyValueSpecification","valueRequired":true,"valueName":"search_term_string"}}],"inLanguage":"es-CO"},{"@type":"Organization","@id":"https:\/\/laregionnoticia.com\/#organization","name":"La Regi\u00f3n Noticia","url":"https:\/\/laregionnoticia.com\/","logo":{"@type":"ImageObject","inLanguage":"es-CO","@id":"https:\/\/laregionnoticia.com\/#\/schema\/logo\/image\/","url":"https:\/\/laregionnoticia.com\/wp-content\/uploads\/2026\/04\/logo-nuevo-LRN.jpeg","contentUrl":"https:\/\/laregionnoticia.com\/wp-content\/uploads\/2026\/04\/logo-nuevo-LRN.jpeg","width":1024,"height":1024,"caption":"La Regi\u00f3n Noticia"},"image":{"@id":"https:\/\/laregionnoticia.com\/#\/schema\/logo\/image\/"},"sameAs":["https:\/\/www.facebook.com\/profile.php?id=61566329187948&mibextid=ZbWKwL"]},{"@type":"Person","@id":"https:\/\/laregionnoticia.com\/#\/schema\/person\/5586c3a3653961e30e847de6e9b4db0c","name":"Redacci\u00f3n Digital La Regi\u00f3n","image":{"@type":"ImageObject","inLanguage":"es-CO","@id":"https:\/\/secure.gravatar.com\/avatar\/9b5f9df140c465a9462bbbe6f15e20d3c36ce881a9632c520e1a0c34017037a0?s=96&d=mm&r=g","url":"https:\/\/secure.gravatar.com\/avatar\/9b5f9df140c465a9462bbbe6f15e20d3c36ce881a9632c520e1a0c34017037a0?s=96&d=mm&r=g","contentUrl":"https:\/\/secure.gravatar.com\/avatar\/9b5f9df140c465a9462bbbe6f15e20d3c36ce881a9632c520e1a0c34017037a0?s=96&d=mm&r=g","caption":"Redacci\u00f3n Digital La Regi\u00f3n"},"sameAs":["http:\/\/laregionnoticia.com"],"url":"https:\/\/laregionnoticia.com\/?author=1"}]}},"_links":{"self":[{"href":"https:\/\/laregionnoticia.com\/index.php?rest_route=\/wp\/v2\/posts\/3779","targetHints":{"allow":["GET"]}}],"collection":[{"href":"https:\/\/laregionnoticia.com\/index.php?rest_route=\/wp\/v2\/posts"}],"about":[{"href":"https:\/\/laregionnoticia.com\/index.php?rest_route=\/wp\/v2\/types\/post"}],"author":[{"embeddable":true,"href":"https:\/\/laregionnoticia.com\/index.php?rest_route=\/wp\/v2\/users\/1"}],"replies":[{"embeddable":true,"href":"https:\/\/laregionnoticia.com\/index.php?rest_route=%2Fwp%2Fv2%2Fcomments&post=3779"}],"version-history":[{"count":2,"href":"https:\/\/laregionnoticia.com\/index.php?rest_route=\/wp\/v2\/posts\/3779\/revisions"}],"predecessor-version":[{"id":3783,"href":"https:\/\/laregionnoticia.com\/index.php?rest_route=\/wp\/v2\/posts\/3779\/revisions\/3783"}],"wp:featuredmedia":[{"embeddable":true,"href":"https:\/\/laregionnoticia.com\/index.php?rest_route=\/wp\/v2\/media\/3780"}],"wp:attachment":[{"href":"https:\/\/laregionnoticia.com\/index.php?rest_route=%2Fwp%2Fv2%2Fmedia&parent=3779"}],"wp:term":[{"taxonomy":"category","embeddable":true,"href":"https:\/\/laregionnoticia.com\/index.php?rest_route=%2Fwp%2Fv2%2Fcategories&post=3779"},{"taxonomy":"post_tag","embeddable":true,"href":"https:\/\/laregionnoticia.com\/index.php?rest_route=%2Fwp%2Fv2%2Ftags&post=3779"}],"curies":[{"name":"wp","href":"https:\/\/api.w.org\/{rel}","templated":true}]}}