{"id":3784,"date":"2026-04-28T17:08:58","date_gmt":"2026-04-28T22:08:58","guid":{"rendered":"https:\/\/laregionnoticia.com\/?p=3784"},"modified":"2026-04-28T17:42:17","modified_gmt":"2026-04-28T22:42:17","slug":"%f0%9f%87%ab%f0%9f%87%b7-psg-vs-bayern-munich-una-semifinal-de-champions-league-que-ya-es-historia-pura-5-4-gano-el-psg","status":"publish","type":"post","link":"https:\/\/laregionnoticia.com\/?p=3784","title":{"rendered":"\ud83c\uddeb\ud83c\uddf7 PSG vs Bayern M\u00fanich: una semifinal de Champions League que ya es historia pura 5-4 gano el PSG"},"content":{"rendered":"\n<h2 class=\"wp-block-heading\">RESUMEN DE UNA NOCHE \u00c9PICA EN PAR\u00cdS<\/h2>\n\n\n\n<figure class=\"wp-block-image size-full is-resized\"><img loading=\"lazy\" decoding=\"async\" width=\"680\" height=\"383\" src=\"https:\/\/laregionnoticia.com\/wp-content\/uploads\/2026\/04\/psg-2.jpg\" alt=\"\" class=\"wp-image-3786\" style=\"width:840px;height:auto\" srcset=\"https:\/\/laregionnoticia.com\/wp-content\/uploads\/2026\/04\/psg-2.jpg 680w, https:\/\/laregionnoticia.com\/wp-content\/uploads\/2026\/04\/psg-2-300x169.jpg 300w\" sizes=\"auto, (max-width: 680px) 100vw, 680px\" \/><\/figure>\n\n\n\n<h3 class=\"wp-block-heading\">El escenario: un Parque de los Pr\u00edncipes encendido como nunca<\/h3>\n\n\n\n<p>En el Parque de los Pr\u00edncipes se vivi\u00f3 una de las noches m\u00e1s intensas que se recuerden en la UEFA Champions League. El estadio parisino fue testigo de un partido sin control, sin pausas y con un ritmo que super\u00f3 cualquier expectativa previa. Desde el inicio, el ambiente fue de final anticipada, con una afici\u00f3n completamente entregada a un duelo que promet\u00eda alto voltaje.<\/p>\n\n\n\n<h3 class=\"wp-block-heading\">Un primer tiempo que rompi\u00f3 cualquier guion t\u00e1ctico<\/h3>\n\n\n\n<p>Los primeros 45 minutos fueron una sucesi\u00f3n constante de golpes ofensivos. Tanto el Paris Saint-Germain como el Bayern Munich abandonaron cualquier enfoque conservador, priorizando el ataque por encima de la estructura defensiva. El resultado fue un intercambio de goles que dej\u00f3 sin respuestas a los esquemas t\u00e1cticos tradicionales.<\/p>\n\n\n\n<h3 class=\"wp-block-heading\">Un partido de 9 goles que desaf\u00eda la l\u00f3gica<\/h3>\n\n\n\n<p>El encuentro termin\u00f3 convirti\u00e9ndose en un festival ofensivo con 9 goles en total, una cifra que refleja el descontrol absoluto del partido. Cada llegada al \u00e1rea parec\u00eda terminar en peligro real, y los errores defensivos se transformaron en oportunidades letales. La semifinal dej\u00f3 de ser un duelo estrat\u00e9gico para convertirse en una batalla abierta.<\/p>\n\n\n\n<h3 class=\"wp-block-heading\">La figura decisiva de Luis D\u00edaz en el momento clave<\/h3>\n\n\n\n<p>El colombiano Luis D\u00edaz volvi\u00f3 a demostrar su impacto en escenarios de m\u00e1xima exigencia. Su gol, el tanto del 5-4, cambi\u00f3 por completo la narrativa del partido y encendi\u00f3 nuevamente la tensi\u00f3n en el marcador. Su capacidad de aparecer en momentos determinantes reafirma su peso en este tipo de encuentros.<\/p>\n\n\n\n<h3 class=\"wp-block-heading\">Bayern M\u00fanich y su respuesta constante bajo presi\u00f3n<\/h3>\n\n\n\n<p>El equipo alem\u00e1n no se descompuso a pesar del ritmo fren\u00e9tico. El Bayern Munich mantuvo su identidad competitiva, respondiendo cada golpe con car\u00e1cter y manteniendo viva la presi\u00f3n ofensiva durante todo el partido. Sin embargo, la fragilidad defensiva termin\u00f3 siendo un factor determinante.<\/p>\n\n\n\n<h3 class=\"wp-block-heading\">PSG y su eficacia en un duelo sin control<\/h3>\n\n\n\n<p>El Paris Saint-Germain supo capitalizar mejor los espacios que dej\u00f3 el partido. En un contexto ca\u00f3tico, su capacidad de definici\u00f3n fue clave para mantenerse por delante en el marcador, aunque sin lograr controlar completamente el desarrollo del juego.<\/p>\n\n\n\n<h3 class=\"wp-block-heading\">Un ritmo de partido sin precedentes en semifinales<\/h3>\n\n\n\n<p>La intensidad del encuentro super\u00f3 los est\u00e1ndares habituales de una semifinal de Champions League. No hubo fases de pausa ni momentos de control prolongado. Ambos equipos se vieron obligados a jugar a m\u00e1xima velocidad durante los 90 minutos, generando un desgaste f\u00edsico y mental extremo.<\/p>\n\n\n\n<h3 class=\"wp-block-heading\">Los errores defensivos como factor determinante<\/h3>\n\n\n\n<p>M\u00e1s all\u00e1 del brillo ofensivo, el partido estuvo marcado por errores defensivos en ambos lados. Las l\u00edneas defensivas no lograron sostener la presi\u00f3n constante y los espacios generados fueron aprovechados con eficacia por los atacantes.<\/p>\n\n\n\n<h3 class=\"wp-block-heading\">La batalla t\u00e1ctica que nunca se consolid\u00f3<\/h3>\n\n\n\n<p>Los entrenadores intentaron ajustar sistemas, pero el desarrollo del partido impidi\u00f3 cualquier estabilidad t\u00e1ctica. Cada ajuste era r\u00e1pidamente neutralizado por la din\u00e1mica ofensiva del rival, convirtiendo el duelo en un escenario impredecible.<\/p>\n\n\n\n<h3 class=\"wp-block-heading\">El impacto emocional en jugadores y aficionados<\/h3>\n\n\n\n<p>El nivel de tensi\u00f3n fue tal que tanto jugadores como aficionados vivieron un partido de alt\u00edsima carga emocional. Cada gol generaba una reacci\u00f3n inmediata en el estadio, transformando el ambiente en un estado permanente de euforia y nerviosismo.<\/p>\n\n\n\n<h3 class=\"wp-block-heading\">Un resultado que deja la eliminatoria abierta<\/h3>\n\n\n\n<p>Aunque el Paris Saint-Germain logr\u00f3 imponerse en el marcador, la eliminatoria sigue completamente abierta. El margen de un solo gol mantiene viva la tensi\u00f3n de cara al partido de vuelta, donde cualquier escenario sigue siendo posible.<\/p>\n\n\n\n<h3 class=\"wp-block-heading\">La semifinal que ya es candidata a hist\u00f3rica<\/h3>\n\n\n\n<p>Por su desarrollo, intensidad y cantidad de goles, este partido ya se perfila como una de las semifinales m\u00e1s recordadas de la era moderna de la Champions League. El nivel de espect\u00e1culo super\u00f3 cualquier expectativa previa.<\/p>\n\n\n\n<h3 class=\"wp-block-heading\">El papel del factor estadio en la intensidad del juego<\/h3>\n\n\n\n<p>El Parque de los Pr\u00edncipes volvi\u00f3 a demostrar su capacidad de influir en grandes noches europeas. El empuje del p\u00fablico fue constante y contribuy\u00f3 al ritmo vertiginoso del encuentro.<\/p>\n\n\n\n<h3 class=\"wp-block-heading\">Un partido que redefine el concepto de semifinal<\/h3>\n\n\n\n<p>Este duelo entre PSG y Bayern rompe con la idea tradicional de las semifinales europeas. La falta de control, la intensidad ofensiva y la cantidad de goles lo convierten en un caso at\u00edpico dentro de la historia reciente del torneo.<\/p>\n\n\n\n<h3 class=\"wp-block-heading\">Lo que se espera para el partido de vuelta<\/h3>\n\n\n\n<p>Con la serie a\u00fan abierta, el partido de vuelta promete un nivel de tensi\u00f3n a\u00fan mayor. Ambos equipos saben que cualquier error puede ser decisivo, y el margen de diferencia obliga a plantear un enfoque m\u00e1s equilibrado.<\/p>\n\n\n\n<h3 class=\"wp-block-heading\">El golazo de Luis D\u00edaz que cambi\u00f3 el ritmo del partido<\/h3>\n\n\n\n<p>En medio del caos ofensivo que dominaba la semifinal, el colombiano Luis D\u00edaz apareci\u00f3 en el momento m\u00e1s sensible del encuentro para marcar un gol que no solo sum\u00f3 en el marcador, sino que alter\u00f3 por completo la din\u00e1mica emocional del partido.<\/p>\n\n\n\n<p>Su anotaci\u00f3n, el <strong>5-4<\/strong>, lleg\u00f3 en un contexto donde el Paris Saint-Germain intentaba sostener la ventaja en un duelo completamente desbordado. Sin embargo, la acci\u00f3n del colombiano redujo la diferencia y reactiv\u00f3 la tensi\u00f3n de la eliminatoria, obligando al PSG a replantear su control del juego en un escenario donde cada error pod\u00eda ser decisivo.<\/p>\n\n\n\n<p>El gol no fue solo una definici\u00f3n t\u00e9cnica, sino una jugada que reflej\u00f3 la lectura de espacios en un partido roto t\u00e1cticamente. D\u00edaz aprovech\u00f3 la desconcentraci\u00f3n defensiva en un momento cr\u00edtico y ejecut\u00f3 con precisi\u00f3n, demostrando nuevamente su capacidad para aparecer en escenarios de m\u00e1xima presi\u00f3n.<\/p>\n\n\n\n<p>M\u00e1s all\u00e1 del impacto inmediato en el marcador, su anotaci\u00f3n tuvo un efecto psicol\u00f3gico evidente: el ritmo del partido se aceler\u00f3 a\u00fan m\u00e1s, el Bayern recuper\u00f3 impulso y el PSG perdi\u00f3 parte del control emocional que hab\u00eda construido durante fases del encuentro. En una semifinal marcada por la inestabilidad t\u00e1ctica, ese gol se convirti\u00f3 en un punto de inflexi\u00f3n.<\/p>\n\n\n\n<p>La acci\u00f3n del colombiano no solo aliment\u00f3 la narrativa de un partido hist\u00f3rico con 9 goles, sino que tambi\u00e9n reforz\u00f3 su perfil como un jugador determinante en noches europeas de alta exigencia, donde la presi\u00f3n y el contexto suelen separar a los protagonistas de los espectadores.<\/p>\n\n\n\n<figure class=\"wp-block-video\"><video height=\"1080\" style=\"aspect-ratio: 1920 \/ 1080;\" width=\"1920\" autoplay controls loop muted src=\"https:\/\/laregionnoticia.com\/wp-content\/uploads\/2026\/04\/Golazo-de-lucho-al-PSG.mp4\" playsinline><\/video><\/figure>\n\n\n\n<p>S\u00edguenos en nuestra pagina de Facebook para mas noticias dale clik&nbsp;<a href=\"https:\/\/www.facebook.com\/profile.php?id=61569739743679\" target=\"_blank\" rel=\"noreferrer noopener\">aca<\/a><\/p>\n\n\n\n<p class=\"has-text-align-center has-vivid-red-color has-text-color has-link-color wp-elements-98dc736d1115480823fa87554f210834\"><strong>\u00a1LA REGION NOTICIA INFORMACION COMO DEBE SER!<\/strong><\/p>\n","protected":false},"excerpt":{"rendered":"<p>RESUMEN DE UNA NOCHE \u00c9PICA EN PAR\u00cdS El escenario: un Parque de los Pr\u00edncipes encendido como nunca En el Parque de los Pr\u00edncipes se vivi\u00f3 una de las noches m\u00e1s&hellip; <\/p>\n","protected":false},"author":1,"featured_media":3785,"comment_status":"closed","ping_status":"open","sticky":false,"template":"","format":"standard","meta":{"footnotes":""},"categories":[5],"tags":[],"class_list":["post-3784","post","type-post","status-publish","format-standard","has-post-thumbnail","hentry","category-deportes"],"yoast_head":"<!-- This site is optimized with the Yoast SEO plugin v27.4 - https:\/\/yoast.com\/product\/yoast-seo-wordpress\/ -->\n<title>\ud83c\uddeb\ud83c\uddf7 PSG vs Bayern M\u00fanich: una semifinal de Champions League que ya es historia pura 5-4 gano el PSG - La Regi\u00f3n Noticia<\/title>\n<meta name=\"description\" content=\"PSG y Bayern jugaron una semifinal hist\u00f3rica de Champions con 9 goles. Luis D\u00edaz marc\u00f3 en un partido de locura que dej\u00f3 la serie abierta.\" \/>\n<meta name=\"robots\" content=\"index, follow, max-snippet:-1, max-image-preview:large, max-video-preview:-1\" \/>\n<link rel=\"canonical\" href=\"https:\/\/laregionnoticia.com\/?p=3784\" \/>\n<meta property=\"og:locale\" content=\"es_ES\" \/>\n<meta property=\"og:type\" content=\"article\" \/>\n<meta property=\"og:title\" content=\"\ud83c\uddeb\ud83c\uddf7 PSG vs Bayern M\u00fanich: una semifinal de Champions League que ya es historia pura 5-4 gano el PSG - La Regi\u00f3n Noticia\" \/>\n<meta property=\"og:description\" content=\"PSG y Bayern jugaron una semifinal hist\u00f3rica de Champions con 9 goles. Luis D\u00edaz marc\u00f3 en un partido de locura que dej\u00f3 la serie abierta.\" \/>\n<meta property=\"og:url\" content=\"https:\/\/laregionnoticia.com\/?p=3784\" \/>\n<meta property=\"og:site_name\" content=\"La Regi\u00f3n Noticia\" \/>\n<meta property=\"article:publisher\" content=\"https:\/\/www.facebook.com\/profile.php?id=61566329187948&amp;mibextid=ZbWKwL\" \/>\n<meta property=\"article:published_time\" content=\"2026-04-28T22:08:58+00:00\" \/>\n<meta property=\"article:modified_time\" content=\"2026-04-28T22:42:17+00:00\" \/>\n<meta property=\"og:image\" content=\"https:\/\/laregionnoticia.com\/wp-content\/uploads\/2026\/04\/psg-1.jpg\" \/>\n\t<meta property=\"og:image:width\" content=\"680\" \/>\n\t<meta property=\"og:image:height\" content=\"423\" \/>\n\t<meta property=\"og:image:type\" content=\"image\/jpeg\" \/>\n<meta name=\"author\" content=\"Redacci\u00f3n Digital La Regi\u00f3n\" \/>\n<meta name=\"twitter:card\" content=\"summary_large_image\" \/>\n<meta name=\"twitter:label1\" content=\"Escrito por\" \/>\n\t<meta name=\"twitter:data1\" content=\"Redacci\u00f3n Digital La Regi\u00f3n\" \/>\n\t<meta name=\"twitter:label2\" content=\"Tiempo de lectura\" \/>\n\t<meta name=\"twitter:data2\" content=\"6 minutos\" \/>\n<script type=\"application\/ld+json\" class=\"yoast-schema-graph\">{\"@context\":\"https:\\\/\\\/schema.org\",\"@graph\":[{\"@type\":\"Article\",\"@id\":\"https:\\\/\\\/laregionnoticia.com\\\/?p=3784#article\",\"isPartOf\":{\"@id\":\"https:\\\/\\\/laregionnoticia.com\\\/?p=3784\"},\"author\":{\"name\":\"Redacci\u00f3n Digital La Regi\u00f3n\",\"@id\":\"https:\\\/\\\/laregionnoticia.com\\\/#\\\/schema\\\/person\\\/5586c3a3653961e30e847de6e9b4db0c\"},\"headline\":\"\ud83c\uddeb\ud83c\uddf7 PSG vs Bayern M\u00fanich: una semifinal de Champions League que ya es historia pura 5-4 gano el PSG\",\"datePublished\":\"2026-04-28T22:08:58+00:00\",\"dateModified\":\"2026-04-28T22:42:17+00:00\",\"mainEntityOfPage\":{\"@id\":\"https:\\\/\\\/laregionnoticia.com\\\/?p=3784\"},\"wordCount\":1129,\"publisher\":{\"@id\":\"https:\\\/\\\/laregionnoticia.com\\\/#organization\"},\"image\":{\"@id\":\"https:\\\/\\\/laregionnoticia.com\\\/?p=3784#primaryimage\"},\"thumbnailUrl\":\"https:\\\/\\\/laregionnoticia.com\\\/wp-content\\\/uploads\\\/2026\\\/04\\\/psg-1.jpg\",\"articleSection\":[\"Deportes\"],\"inLanguage\":\"es-CO\"},{\"@type\":\"WebPage\",\"@id\":\"https:\\\/\\\/laregionnoticia.com\\\/?p=3784\",\"url\":\"https:\\\/\\\/laregionnoticia.com\\\/?p=3784\",\"name\":\"\ud83c\uddeb\ud83c\uddf7 PSG vs Bayern M\u00fanich: una semifinal de Champions League que ya es historia pura 5-4 gano el PSG - La Regi\u00f3n Noticia\",\"isPartOf\":{\"@id\":\"https:\\\/\\\/laregionnoticia.com\\\/#website\"},\"primaryImageOfPage\":{\"@id\":\"https:\\\/\\\/laregionnoticia.com\\\/?p=3784#primaryimage\"},\"image\":{\"@id\":\"https:\\\/\\\/laregionnoticia.com\\\/?p=3784#primaryimage\"},\"thumbnailUrl\":\"https:\\\/\\\/laregionnoticia.com\\\/wp-content\\\/uploads\\\/2026\\\/04\\\/psg-1.jpg\",\"datePublished\":\"2026-04-28T22:08:58+00:00\",\"dateModified\":\"2026-04-28T22:42:17+00:00\",\"description\":\"PSG y Bayern jugaron una semifinal hist\u00f3rica de Champions con 9 goles. Luis D\u00edaz marc\u00f3 en un partido de locura que dej\u00f3 la serie abierta.\",\"breadcrumb\":{\"@id\":\"https:\\\/\\\/laregionnoticia.com\\\/?p=3784#breadcrumb\"},\"inLanguage\":\"es-CO\",\"potentialAction\":[{\"@type\":\"ReadAction\",\"target\":[\"https:\\\/\\\/laregionnoticia.com\\\/?p=3784\"]}]},{\"@type\":\"ImageObject\",\"inLanguage\":\"es-CO\",\"@id\":\"https:\\\/\\\/laregionnoticia.com\\\/?p=3784#primaryimage\",\"url\":\"https:\\\/\\\/laregionnoticia.com\\\/wp-content\\\/uploads\\\/2026\\\/04\\\/psg-1.jpg\",\"contentUrl\":\"https:\\\/\\\/laregionnoticia.com\\\/wp-content\\\/uploads\\\/2026\\\/04\\\/psg-1.jpg\",\"width\":680,\"height\":423},{\"@type\":\"BreadcrumbList\",\"@id\":\"https:\\\/\\\/laregionnoticia.com\\\/?p=3784#breadcrumb\",\"itemListElement\":[{\"@type\":\"ListItem\",\"position\":1,\"name\":\"Inicio\",\"item\":\"https:\\\/\\\/laregionnoticia.com\\\/\"},{\"@type\":\"ListItem\",\"position\":2,\"name\":\"\ud83c\uddeb\ud83c\uddf7 PSG vs Bayern M\u00fanich: una semifinal de Champions League que ya es historia pura 5-4 gano el PSG\"}]},{\"@type\":\"WebSite\",\"@id\":\"https:\\\/\\\/laregionnoticia.com\\\/#website\",\"url\":\"https:\\\/\\\/laregionnoticia.com\\\/\",\"name\":\"La Regi\u00f3n Noticia\",\"description\":\"Porque nuestro compromiso es la informaci\u00f3n veraz y oportuna\",\"publisher\":{\"@id\":\"https:\\\/\\\/laregionnoticia.com\\\/#organization\"},\"potentialAction\":[{\"@type\":\"SearchAction\",\"target\":{\"@type\":\"EntryPoint\",\"urlTemplate\":\"https:\\\/\\\/laregionnoticia.com\\\/?s={search_term_string}\"},\"query-input\":{\"@type\":\"PropertyValueSpecification\",\"valueRequired\":true,\"valueName\":\"search_term_string\"}}],\"inLanguage\":\"es-CO\"},{\"@type\":\"Organization\",\"@id\":\"https:\\\/\\\/laregionnoticia.com\\\/#organization\",\"name\":\"La Regi\u00f3n Noticia\",\"url\":\"https:\\\/\\\/laregionnoticia.com\\\/\",\"logo\":{\"@type\":\"ImageObject\",\"inLanguage\":\"es-CO\",\"@id\":\"https:\\\/\\\/laregionnoticia.com\\\/#\\\/schema\\\/logo\\\/image\\\/\",\"url\":\"https:\\\/\\\/laregionnoticia.com\\\/wp-content\\\/uploads\\\/2026\\\/04\\\/logo-nuevo-LRN.jpeg\",\"contentUrl\":\"https:\\\/\\\/laregionnoticia.com\\\/wp-content\\\/uploads\\\/2026\\\/04\\\/logo-nuevo-LRN.jpeg\",\"width\":1024,\"height\":1024,\"caption\":\"La Regi\u00f3n Noticia\"},\"image\":{\"@id\":\"https:\\\/\\\/laregionnoticia.com\\\/#\\\/schema\\\/logo\\\/image\\\/\"},\"sameAs\":[\"https:\\\/\\\/www.facebook.com\\\/profile.php?id=61566329187948&mibextid=ZbWKwL\"]},{\"@type\":\"Person\",\"@id\":\"https:\\\/\\\/laregionnoticia.com\\\/#\\\/schema\\\/person\\\/5586c3a3653961e30e847de6e9b4db0c\",\"name\":\"Redacci\u00f3n Digital La Regi\u00f3n\",\"image\":{\"@type\":\"ImageObject\",\"inLanguage\":\"es-CO\",\"@id\":\"https:\\\/\\\/secure.gravatar.com\\\/avatar\\\/9b5f9df140c465a9462bbbe6f15e20d3c36ce881a9632c520e1a0c34017037a0?s=96&d=mm&r=g\",\"url\":\"https:\\\/\\\/secure.gravatar.com\\\/avatar\\\/9b5f9df140c465a9462bbbe6f15e20d3c36ce881a9632c520e1a0c34017037a0?s=96&d=mm&r=g\",\"contentUrl\":\"https:\\\/\\\/secure.gravatar.com\\\/avatar\\\/9b5f9df140c465a9462bbbe6f15e20d3c36ce881a9632c520e1a0c34017037a0?s=96&d=mm&r=g\",\"caption\":\"Redacci\u00f3n Digital La Regi\u00f3n\"},\"sameAs\":[\"http:\\\/\\\/laregionnoticia.com\"],\"url\":\"https:\\\/\\\/laregionnoticia.com\\\/?author=1\"}]}<\/script>\n<!-- \/ Yoast SEO plugin. -->","yoast_head_json":{"title":"\ud83c\uddeb\ud83c\uddf7 PSG vs Bayern M\u00fanich: una semifinal de Champions League que ya es historia pura 5-4 gano el PSG - La Regi\u00f3n Noticia","description":"PSG y Bayern jugaron una semifinal hist\u00f3rica de Champions con 9 goles. Luis D\u00edaz marc\u00f3 en un partido de locura que dej\u00f3 la serie abierta.","robots":{"index":"index","follow":"follow","max-snippet":"max-snippet:-1","max-image-preview":"max-image-preview:large","max-video-preview":"max-video-preview:-1"},"canonical":"https:\/\/laregionnoticia.com\/?p=3784","og_locale":"es_ES","og_type":"article","og_title":"\ud83c\uddeb\ud83c\uddf7 PSG vs Bayern M\u00fanich: una semifinal de Champions League que ya es historia pura 5-4 gano el PSG - La Regi\u00f3n Noticia","og_description":"PSG y Bayern jugaron una semifinal hist\u00f3rica de Champions con 9 goles. Luis D\u00edaz marc\u00f3 en un partido de locura que dej\u00f3 la serie abierta.","og_url":"https:\/\/laregionnoticia.com\/?p=3784","og_site_name":"La Regi\u00f3n Noticia","article_publisher":"https:\/\/www.facebook.com\/profile.php?id=61566329187948&mibextid=ZbWKwL","article_published_time":"2026-04-28T22:08:58+00:00","article_modified_time":"2026-04-28T22:42:17+00:00","og_image":[{"width":680,"height":423,"url":"https:\/\/laregionnoticia.com\/wp-content\/uploads\/2026\/04\/psg-1.jpg","type":"image\/jpeg"}],"author":"Redacci\u00f3n Digital La Regi\u00f3n","twitter_card":"summary_large_image","twitter_misc":{"Escrito por":"Redacci\u00f3n Digital La Regi\u00f3n","Tiempo de lectura":"6 minutos"},"schema":{"@context":"https:\/\/schema.org","@graph":[{"@type":"Article","@id":"https:\/\/laregionnoticia.com\/?p=3784#article","isPartOf":{"@id":"https:\/\/laregionnoticia.com\/?p=3784"},"author":{"name":"Redacci\u00f3n Digital La Regi\u00f3n","@id":"https:\/\/laregionnoticia.com\/#\/schema\/person\/5586c3a3653961e30e847de6e9b4db0c"},"headline":"\ud83c\uddeb\ud83c\uddf7 PSG vs Bayern M\u00fanich: una semifinal de Champions League que ya es historia pura 5-4 gano el PSG","datePublished":"2026-04-28T22:08:58+00:00","dateModified":"2026-04-28T22:42:17+00:00","mainEntityOfPage":{"@id":"https:\/\/laregionnoticia.com\/?p=3784"},"wordCount":1129,"publisher":{"@id":"https:\/\/laregionnoticia.com\/#organization"},"image":{"@id":"https:\/\/laregionnoticia.com\/?p=3784#primaryimage"},"thumbnailUrl":"https:\/\/laregionnoticia.com\/wp-content\/uploads\/2026\/04\/psg-1.jpg","articleSection":["Deportes"],"inLanguage":"es-CO"},{"@type":"WebPage","@id":"https:\/\/laregionnoticia.com\/?p=3784","url":"https:\/\/laregionnoticia.com\/?p=3784","name":"\ud83c\uddeb\ud83c\uddf7 PSG vs Bayern M\u00fanich: una semifinal de Champions League que ya es historia pura 5-4 gano el PSG - La Regi\u00f3n Noticia","isPartOf":{"@id":"https:\/\/laregionnoticia.com\/#website"},"primaryImageOfPage":{"@id":"https:\/\/laregionnoticia.com\/?p=3784#primaryimage"},"image":{"@id":"https:\/\/laregionnoticia.com\/?p=3784#primaryimage"},"thumbnailUrl":"https:\/\/laregionnoticia.com\/wp-content\/uploads\/2026\/04\/psg-1.jpg","datePublished":"2026-04-28T22:08:58+00:00","dateModified":"2026-04-28T22:42:17+00:00","description":"PSG y Bayern jugaron una semifinal hist\u00f3rica de Champions con 9 goles. Luis D\u00edaz marc\u00f3 en un partido de locura que dej\u00f3 la serie abierta.","breadcrumb":{"@id":"https:\/\/laregionnoticia.com\/?p=3784#breadcrumb"},"inLanguage":"es-CO","potentialAction":[{"@type":"ReadAction","target":["https:\/\/laregionnoticia.com\/?p=3784"]}]},{"@type":"ImageObject","inLanguage":"es-CO","@id":"https:\/\/laregionnoticia.com\/?p=3784#primaryimage","url":"https:\/\/laregionnoticia.com\/wp-content\/uploads\/2026\/04\/psg-1.jpg","contentUrl":"https:\/\/laregionnoticia.com\/wp-content\/uploads\/2026\/04\/psg-1.jpg","width":680,"height":423},{"@type":"BreadcrumbList","@id":"https:\/\/laregionnoticia.com\/?p=3784#breadcrumb","itemListElement":[{"@type":"ListItem","position":1,"name":"Inicio","item":"https:\/\/laregionnoticia.com\/"},{"@type":"ListItem","position":2,"name":"\ud83c\uddeb\ud83c\uddf7 PSG vs Bayern M\u00fanich: una semifinal de Champions League que ya es historia pura 5-4 gano el PSG"}]},{"@type":"WebSite","@id":"https:\/\/laregionnoticia.com\/#website","url":"https:\/\/laregionnoticia.com\/","name":"La Regi\u00f3n Noticia","description":"Porque nuestro compromiso es la informaci\u00f3n veraz y oportuna","publisher":{"@id":"https:\/\/laregionnoticia.com\/#organization"},"potentialAction":[{"@type":"SearchAction","target":{"@type":"EntryPoint","urlTemplate":"https:\/\/laregionnoticia.com\/?s={search_term_string}"},"query-input":{"@type":"PropertyValueSpecification","valueRequired":true,"valueName":"search_term_string"}}],"inLanguage":"es-CO"},{"@type":"Organization","@id":"https:\/\/laregionnoticia.com\/#organization","name":"La Regi\u00f3n Noticia","url":"https:\/\/laregionnoticia.com\/","logo":{"@type":"ImageObject","inLanguage":"es-CO","@id":"https:\/\/laregionnoticia.com\/#\/schema\/logo\/image\/","url":"https:\/\/laregionnoticia.com\/wp-content\/uploads\/2026\/04\/logo-nuevo-LRN.jpeg","contentUrl":"https:\/\/laregionnoticia.com\/wp-content\/uploads\/2026\/04\/logo-nuevo-LRN.jpeg","width":1024,"height":1024,"caption":"La Regi\u00f3n Noticia"},"image":{"@id":"https:\/\/laregionnoticia.com\/#\/schema\/logo\/image\/"},"sameAs":["https:\/\/www.facebook.com\/profile.php?id=61566329187948&mibextid=ZbWKwL"]},{"@type":"Person","@id":"https:\/\/laregionnoticia.com\/#\/schema\/person\/5586c3a3653961e30e847de6e9b4db0c","name":"Redacci\u00f3n Digital La Regi\u00f3n","image":{"@type":"ImageObject","inLanguage":"es-CO","@id":"https:\/\/secure.gravatar.com\/avatar\/9b5f9df140c465a9462bbbe6f15e20d3c36ce881a9632c520e1a0c34017037a0?s=96&d=mm&r=g","url":"https:\/\/secure.gravatar.com\/avatar\/9b5f9df140c465a9462bbbe6f15e20d3c36ce881a9632c520e1a0c34017037a0?s=96&d=mm&r=g","contentUrl":"https:\/\/secure.gravatar.com\/avatar\/9b5f9df140c465a9462bbbe6f15e20d3c36ce881a9632c520e1a0c34017037a0?s=96&d=mm&r=g","caption":"Redacci\u00f3n Digital La Regi\u00f3n"},"sameAs":["http:\/\/laregionnoticia.com"],"url":"https:\/\/laregionnoticia.com\/?author=1"}]}},"_links":{"self":[{"href":"https:\/\/laregionnoticia.com\/index.php?rest_route=\/wp\/v2\/posts\/3784","targetHints":{"allow":["GET"]}}],"collection":[{"href":"https:\/\/laregionnoticia.com\/index.php?rest_route=\/wp\/v2\/posts"}],"about":[{"href":"https:\/\/laregionnoticia.com\/index.php?rest_route=\/wp\/v2\/types\/post"}],"author":[{"embeddable":true,"href":"https:\/\/laregionnoticia.com\/index.php?rest_route=\/wp\/v2\/users\/1"}],"replies":[{"embeddable":true,"href":"https:\/\/laregionnoticia.com\/index.php?rest_route=%2Fwp%2Fv2%2Fcomments&post=3784"}],"version-history":[{"count":3,"href":"https:\/\/laregionnoticia.com\/index.php?rest_route=\/wp\/v2\/posts\/3784\/revisions"}],"predecessor-version":[{"id":3791,"href":"https:\/\/laregionnoticia.com\/index.php?rest_route=\/wp\/v2\/posts\/3784\/revisions\/3791"}],"wp:featuredmedia":[{"embeddable":true,"href":"https:\/\/laregionnoticia.com\/index.php?rest_route=\/wp\/v2\/media\/3785"}],"wp:attachment":[{"href":"https:\/\/laregionnoticia.com\/index.php?rest_route=%2Fwp%2Fv2%2Fmedia&parent=3784"}],"wp:term":[{"taxonomy":"category","embeddable":true,"href":"https:\/\/laregionnoticia.com\/index.php?rest_route=%2Fwp%2Fv2%2Fcategories&post=3784"},{"taxonomy":"post_tag","embeddable":true,"href":"https:\/\/laregionnoticia.com\/index.php?rest_route=%2Fwp%2Fv2%2Ftags&post=3784"}],"curies":[{"name":"wp","href":"https:\/\/api.w.org\/{rel}","templated":true}]}}