{"id":3796,"date":"2026-04-28T23:36:34","date_gmt":"2026-04-29T04:36:34","guid":{"rendered":"https:\/\/laregionnoticia.com\/?p=3796"},"modified":"2026-04-28T23:36:34","modified_gmt":"2026-04-29T04:36:34","slug":"tolima-vs-coquimbo-3-0-libertadores","status":"publish","type":"post","link":"https:\/\/laregionnoticia.com\/?p=3796","title":{"rendered":"\ud83c\udde8\ud83c\uddf4 Tolima vs Coquimbo: una victoria contundente en Ibagu\u00e9 que reactiva al equipo colombiano en la Libertadores"},"content":{"rendered":"\n<h2 class=\"wp-block-heading\">AN\u00c1LISIS DEL TRIUNFO DE TOLIMA ANTE COQUIMBO UNIDO<\/h2>\n\n\n\n<figure class=\"wp-block-image size-full is-resized\"><img loading=\"lazy\" decoding=\"async\" width=\"680\" height=\"383\" src=\"https:\/\/laregionnoticia.com\/wp-content\/uploads\/2026\/04\/tol-coquin-2.jpg\" alt=\"\" class=\"wp-image-3798\" style=\"width:840px;height:auto\" srcset=\"https:\/\/laregionnoticia.com\/wp-content\/uploads\/2026\/04\/tol-coquin-2.jpg 680w, https:\/\/laregionnoticia.com\/wp-content\/uploads\/2026\/04\/tol-coquin-2-300x169.jpg 300w\" sizes=\"auto, (max-width: 680px) 100vw, 680px\" \/><\/figure>\n\n\n\n<h3 class=\"wp-block-heading\">Un partido que cambi\u00f3 completamente de ritmo entre el primer y segundo tiempo<\/h3>\n\n\n\n<p>El triunfo del Deportes Tolima ante Coquimbo Unido por 3-0 en Ibagu\u00e9 no puede entenderse como un dominio constante durante los 90 minutos, sino como un encuentro dividido en dos fases claramente diferenciadas. Durante el primer tiempo, el partido se mantuvo cerrado, con pocas opciones claras y una disputa marcada por el equilibrio t\u00e1ctico. Sin embargo, en la segunda mitad, el equipo colombiano logr\u00f3 romper esa estructura y transformar el desarrollo del juego a partir de la eficacia y la lectura de los momentos.<\/p>\n\n\n\n<h3 class=\"wp-block-heading\">Un primer tiempo marcado por la cautela y la falta de profundidad<\/h3>\n\n\n\n<p>En los primeros 45 minutos, ambos equipos mostraron un enfoque conservador, priorizando el orden defensivo sobre la agresividad ofensiva. Tolima intent\u00f3 asumir la iniciativa desde la posesi\u00f3n, pero sin lograr traducir ese control en situaciones de peligro real. Coquimbo, por su parte, apost\u00f3 por un bloque compacto que redujo los espacios y oblig\u00f3 al equipo local a jugar en zonas poco determinantes.<\/p>\n\n\n\n<h3 class=\"wp-block-heading\">La dificultad de Tolima para romper l\u00edneas en campo rival<\/h3>\n\n\n\n<p>Uno de los aspectos m\u00e1s evidentes del primer tiempo fue la incapacidad del equipo colombiano para generar superioridad en los \u00faltimos metros. La circulaci\u00f3n del bal\u00f3n fue constante, pero careci\u00f3 de cambios de ritmo y movimientos que desestabilizaran la estructura defensiva del rival. Esta limitaci\u00f3n impidi\u00f3 que Tolima pudiera imponer una presi\u00f3n sostenida.<\/p>\n\n\n\n<h3 class=\"wp-block-heading\">Coquimbo logr\u00f3 sostener su plan inicial con disciplina<\/h3>\n\n\n\n<p>El equipo chileno mostr\u00f3 una lectura clara del partido en la primera mitad, enfoc\u00e1ndose en mantener su organizaci\u00f3n y evitar errores. Su capacidad para cerrar espacios y limitar las opciones ofensivas del local fue clave para sostener el empate durante ese tramo del encuentro.<\/p>\n\n\n\n<h3 class=\"wp-block-heading\">El punto de quiebre lleg\u00f3 con una acci\u00f3n puntual en el \u00e1rea<\/h3>\n\n\n\n<p>El desarrollo del partido cambi\u00f3 de manera significativa tras una jugada dentro del \u00e1rea que termin\u00f3 en penal a favor de Tolima. M\u00e1s all\u00e1 de la ejecuci\u00f3n, esa acci\u00f3n represent\u00f3 un momento de ruptura que alter\u00f3 la din\u00e1mica emocional y t\u00e1ctica del encuentro.<\/p>\n\n\n\n<h3 class=\"wp-block-heading\">El primer gol como detonante de un cambio estructural en el partido<\/h3>\n\n\n\n<p>Tras la anotaci\u00f3n que abri\u00f3 el marcador, el partido entr\u00f3 en una fase completamente distinta. Tolima gan\u00f3 confianza, adelant\u00f3 l\u00edneas y comenz\u00f3 a encontrar espacios que no hab\u00edan existido en el primer tiempo. Coquimbo, en cambio, se vio obligado a modificar su planteamiento, lo que gener\u00f3 desajustes en su estructura.<\/p>\n\n\n\n<h3 class=\"wp-block-heading\">La reacci\u00f3n de Tolima tras el 1-0 mostr\u00f3 una versi\u00f3n m\u00e1s agresiva<\/h3>\n\n\n\n<p>El equipo colombiano no se conform\u00f3 con la ventaja y decidi\u00f3 intensificar su propuesta ofensiva. Este cambio de actitud se tradujo en mayor presencia en campo rival y en una presi\u00f3n m\u00e1s constante sobre la defensa de Coquimbo.<\/p>\n\n\n\n<h3 class=\"wp-block-heading\">Coquimbo perdi\u00f3 solidez tras verse en desventaja<\/h3>\n\n\n\n<p>La necesidad de buscar el empate oblig\u00f3 al equipo chileno a asumir riesgos que no hab\u00eda tomado en el primer tiempo. Esta modificaci\u00f3n en su planteamiento gener\u00f3 espacios que Tolima supo aprovechar con inteligencia.<\/p>\n\n\n\n<h3 class=\"wp-block-heading\">El segundo gol consolid\u00f3 el dominio del equipo local<\/h3>\n\n\n\n<p>La segunda anotaci\u00f3n no solo ampli\u00f3 la diferencia en el marcador, sino que confirm\u00f3 el control del partido por parte de Tolima. A partir de ese momento, el equipo colombiano manej\u00f3 los tiempos con mayor tranquilidad, mientras que Coquimbo mostr\u00f3 dificultades para reorganizarse.<\/p>\n\n\n\n<h3 class=\"wp-block-heading\">La transici\u00f3n ofensiva como herramienta clave en el cierre del partido<\/h3>\n\n\n\n<p>Con el rival adelantando l\u00edneas, Tolima encontr\u00f3 en las transiciones r\u00e1pidas una v\u00eda efectiva para generar peligro. El tercer gol fue consecuencia directa de esta din\u00e1mica, evidenciando la capacidad del equipo para adaptarse a las condiciones del partido.<\/p>\n\n\n\n<h3 class=\"wp-block-heading\">Un segundo tiempo donde la eficacia marc\u00f3 la diferencia<\/h3>\n\n\n\n<p>A diferencia de la primera mitad, el equipo colombiano mostr\u00f3 una mayor precisi\u00f3n en la toma de decisiones y en la ejecuci\u00f3n de las jugadas. Esta eficacia fue determinante para transformar un partido equilibrado en una victoria contundente.<\/p>\n\n\n\n<h3 class=\"wp-block-heading\">El impacto emocional del resultado en el desarrollo del juego<\/h3>\n\n\n\n<p>La ventaja en el marcador permiti\u00f3 a Tolima jugar con mayor tranquilidad, mientras que Coquimbo comenz\u00f3 a mostrar signos de frustraci\u00f3n. Este contraste emocional influy\u00f3 directamente en la forma en que se desarroll\u00f3 el tramo final del partido.<\/p>\n\n\n\n<h3 class=\"wp-block-heading\">Una victoria que redefine el panorama del grupo<\/h3>\n\n\n\n<p>El resultado no solo tiene impacto en el partido en s\u00ed, sino tambi\u00e9n en la estructura del grupo. Tolima suma tres puntos clave que lo mantienen en la pelea por la clasificaci\u00f3n y le permiten recuperar terreno en la tabla.<\/p>\n\n\n\n<h3 class=\"wp-block-heading\">El valor de hacerse fuerte en condici\u00f3n de local<\/h3>\n\n\n\n<p>Ganar en Ibagu\u00e9 era fundamental para el equipo colombiano, no solo por los puntos, sino por el mensaje competitivo que env\u00eda. La local\u00eda vuelve a consolidarse como un factor determinante en su rendimiento internacional.<\/p>\n\n\n\n<h3 class=\"wp-block-heading\">Un partido que evidencia la importancia de los momentos<\/h3>\n\n\n\n<p>M\u00e1s all\u00e1 del resultado final, el encuentro deja una ense\u00f1anza clara: en este tipo de competiciones, los partidos pueden definirse a partir de acciones puntuales. Tolima supo aprovechar su momento y transformar el desarrollo del juego a su favor.<\/p>\n\n\n\n<h3 class=\"wp-block-heading\">Una actuaci\u00f3n que refuerza la confianza del equipo colombiano<\/h3>\n\n\n\n<p>El triunfo no solo aporta en t\u00e9rminos de puntos, sino tambi\u00e9n en confianza. La capacidad de resolver un partido complejo y convertirlo en una victoria amplia puede ser un impulso importante para los pr\u00f3ximos encuentros.<\/p>\n\n\n\n<figure class=\"wp-block-embed is-type-rich is-provider-twitter wp-block-embed-twitter\"><div class=\"wp-block-embed__wrapper\">\n<blockquote class=\"twitter-tweet\" data-width=\"550\" data-dnt=\"true\"><p lang=\"es\" dir=\"ltr\">\ud83c\udde8\ud83c\uddf4 Tolima 2-0 Coquimbo \ud83c\udde8\ud83c\uddf1, aumenta la diferencia Luis Sandoval para el Pijao y ahora se pone 2-0 arriba<br> <a href=\"https:\/\/t.co\/BMt5ET3tCI\">pic.twitter.com\/BMt5ET3tCI<\/a><\/p>&mdash; Lucho Tricolor (@LuchoTricolorOf) <a href=\"https:\/\/twitter.com\/LuchoTricolorOf\/status\/2049331026627903516?ref_src=twsrc%5Etfw\">April 29, 2026<\/a><\/blockquote><script async src=\"https:\/\/platform.twitter.com\/widgets.js\" charset=\"utf-8\"><\/script>\n<\/div><\/figure>\n\n\n\n<p>S\u00edguenos en nuestra pagina de Facebook para mas noticias dale clik&nbsp;<a href=\"https:\/\/www.facebook.com\/profile.php?id=61569739743679\" target=\"_blank\" rel=\"noreferrer noopener\">aca<\/a><\/p>\n\n\n\n<p class=\"has-text-align-center has-vivid-red-color has-text-color has-link-color wp-elements-98dc736d1115480823fa87554f210834\"><strong>\u00a1LA REGION NOTICIA INFORMACION COMO DEBE SER!<\/strong><\/p>\n","protected":false},"excerpt":{"rendered":"<p>AN\u00c1LISIS DEL TRIUNFO DE TOLIMA ANTE COQUIMBO UNIDO Un partido que cambi\u00f3 completamente de ritmo entre el primer y segundo tiempo El triunfo del Deportes Tolima ante Coquimbo Unido por&hellip; <\/p>\n","protected":false},"author":1,"featured_media":3797,"comment_status":"closed","ping_status":"open","sticky":false,"template":"","format":"standard","meta":{"footnotes":""},"categories":[5],"tags":[],"class_list":["post-3796","post","type-post","status-publish","format-standard","has-post-thumbnail","hentry","category-deportes"],"yoast_head":"<!-- This site is optimized with the Yoast SEO plugin v27.4 - https:\/\/yoast.com\/product\/yoast-seo-wordpress\/ -->\n<title>\ud83c\udde8\ud83c\uddf4 Tolima vs Coquimbo: una victoria contundente en Ibagu\u00e9 que reactiva al equipo colombiano en la Libertadores - La Regi\u00f3n Noticia<\/title>\n<meta name=\"description\" content=\"Tolima venci\u00f3 3-0 a Coquimbo en Ibagu\u00e9 por la Copa Libertadores en un partido que cambi\u00f3 tras el primer gol y reactiva al equipo colombiano.\" \/>\n<meta name=\"robots\" content=\"index, follow, max-snippet:-1, max-image-preview:large, max-video-preview:-1\" \/>\n<link rel=\"canonical\" href=\"https:\/\/laregionnoticia.com\/?p=3796\" \/>\n<meta property=\"og:locale\" content=\"es_ES\" \/>\n<meta property=\"og:type\" content=\"article\" \/>\n<meta property=\"og:title\" content=\"\ud83c\udde8\ud83c\uddf4 Tolima vs Coquimbo: una victoria contundente en Ibagu\u00e9 que reactiva al equipo colombiano en la Libertadores - La Regi\u00f3n Noticia\" \/>\n<meta property=\"og:description\" content=\"Tolima venci\u00f3 3-0 a Coquimbo en Ibagu\u00e9 por la Copa Libertadores en un partido que cambi\u00f3 tras el primer gol y reactiva al equipo colombiano.\" \/>\n<meta property=\"og:url\" content=\"https:\/\/laregionnoticia.com\/?p=3796\" \/>\n<meta property=\"og:site_name\" content=\"La Regi\u00f3n Noticia\" \/>\n<meta property=\"article:publisher\" content=\"https:\/\/www.facebook.com\/profile.php?id=61566329187948&amp;mibextid=ZbWKwL\" \/>\n<meta property=\"article:published_time\" content=\"2026-04-29T04:36:34+00:00\" \/>\n<meta property=\"og:image\" content=\"https:\/\/laregionnoticia.com\/wp-content\/uploads\/2026\/04\/tol-coquim.jpg\" \/>\n\t<meta property=\"og:image:width\" content=\"1536\" \/>\n\t<meta property=\"og:image:height\" content=\"1109\" \/>\n\t<meta property=\"og:image:type\" content=\"image\/jpeg\" \/>\n<meta name=\"author\" content=\"Redacci\u00f3n Digital La Regi\u00f3n\" \/>\n<meta name=\"twitter:card\" content=\"summary_large_image\" \/>\n<meta name=\"twitter:label1\" content=\"Escrito por\" \/>\n\t<meta name=\"twitter:data1\" content=\"Redacci\u00f3n Digital La Regi\u00f3n\" \/>\n\t<meta name=\"twitter:label2\" content=\"Tiempo de lectura\" \/>\n\t<meta name=\"twitter:data2\" content=\"5 minutos\" \/>\n<script type=\"application\/ld+json\" class=\"yoast-schema-graph\">{\"@context\":\"https:\\\/\\\/schema.org\",\"@graph\":[{\"@type\":\"Article\",\"@id\":\"https:\\\/\\\/laregionnoticia.com\\\/?p=3796#article\",\"isPartOf\":{\"@id\":\"https:\\\/\\\/laregionnoticia.com\\\/?p=3796\"},\"author\":{\"name\":\"Redacci\u00f3n Digital La Regi\u00f3n\",\"@id\":\"https:\\\/\\\/laregionnoticia.com\\\/#\\\/schema\\\/person\\\/5586c3a3653961e30e847de6e9b4db0c\"},\"headline\":\"\ud83c\udde8\ud83c\uddf4 Tolima vs Coquimbo: una victoria contundente en Ibagu\u00e9 que reactiva al equipo colombiano en la Libertadores\",\"datePublished\":\"2026-04-29T04:36:34+00:00\",\"mainEntityOfPage\":{\"@id\":\"https:\\\/\\\/laregionnoticia.com\\\/?p=3796\"},\"wordCount\":969,\"publisher\":{\"@id\":\"https:\\\/\\\/laregionnoticia.com\\\/#organization\"},\"image\":{\"@id\":\"https:\\\/\\\/laregionnoticia.com\\\/?p=3796#primaryimage\"},\"thumbnailUrl\":\"https:\\\/\\\/laregionnoticia.com\\\/wp-content\\\/uploads\\\/2026\\\/04\\\/tol-coquim.jpg\",\"articleSection\":[\"Deportes\"],\"inLanguage\":\"es-CO\"},{\"@type\":\"WebPage\",\"@id\":\"https:\\\/\\\/laregionnoticia.com\\\/?p=3796\",\"url\":\"https:\\\/\\\/laregionnoticia.com\\\/?p=3796\",\"name\":\"\ud83c\udde8\ud83c\uddf4 Tolima vs Coquimbo: una victoria contundente en Ibagu\u00e9 que reactiva al equipo colombiano en la Libertadores - La Regi\u00f3n Noticia\",\"isPartOf\":{\"@id\":\"https:\\\/\\\/laregionnoticia.com\\\/#website\"},\"primaryImageOfPage\":{\"@id\":\"https:\\\/\\\/laregionnoticia.com\\\/?p=3796#primaryimage\"},\"image\":{\"@id\":\"https:\\\/\\\/laregionnoticia.com\\\/?p=3796#primaryimage\"},\"thumbnailUrl\":\"https:\\\/\\\/laregionnoticia.com\\\/wp-content\\\/uploads\\\/2026\\\/04\\\/tol-coquim.jpg\",\"datePublished\":\"2026-04-29T04:36:34+00:00\",\"description\":\"Tolima venci\u00f3 3-0 a Coquimbo en Ibagu\u00e9 por la Copa Libertadores en un partido que cambi\u00f3 tras el primer gol y reactiva al equipo colombiano.\",\"breadcrumb\":{\"@id\":\"https:\\\/\\\/laregionnoticia.com\\\/?p=3796#breadcrumb\"},\"inLanguage\":\"es-CO\",\"potentialAction\":[{\"@type\":\"ReadAction\",\"target\":[\"https:\\\/\\\/laregionnoticia.com\\\/?p=3796\"]}]},{\"@type\":\"ImageObject\",\"inLanguage\":\"es-CO\",\"@id\":\"https:\\\/\\\/laregionnoticia.com\\\/?p=3796#primaryimage\",\"url\":\"https:\\\/\\\/laregionnoticia.com\\\/wp-content\\\/uploads\\\/2026\\\/04\\\/tol-coquim.jpg\",\"contentUrl\":\"https:\\\/\\\/laregionnoticia.com\\\/wp-content\\\/uploads\\\/2026\\\/04\\\/tol-coquim.jpg\",\"width\":1536,\"height\":1109},{\"@type\":\"BreadcrumbList\",\"@id\":\"https:\\\/\\\/laregionnoticia.com\\\/?p=3796#breadcrumb\",\"itemListElement\":[{\"@type\":\"ListItem\",\"position\":1,\"name\":\"Inicio\",\"item\":\"https:\\\/\\\/laregionnoticia.com\\\/\"},{\"@type\":\"ListItem\",\"position\":2,\"name\":\"\ud83c\udde8\ud83c\uddf4 Tolima vs Coquimbo: una victoria contundente en Ibagu\u00e9 que reactiva al equipo colombiano en la Libertadores\"}]},{\"@type\":\"WebSite\",\"@id\":\"https:\\\/\\\/laregionnoticia.com\\\/#website\",\"url\":\"https:\\\/\\\/laregionnoticia.com\\\/\",\"name\":\"La Regi\u00f3n Noticia\",\"description\":\"Porque nuestro compromiso es la informaci\u00f3n veraz y oportuna\",\"publisher\":{\"@id\":\"https:\\\/\\\/laregionnoticia.com\\\/#organization\"},\"potentialAction\":[{\"@type\":\"SearchAction\",\"target\":{\"@type\":\"EntryPoint\",\"urlTemplate\":\"https:\\\/\\\/laregionnoticia.com\\\/?s={search_term_string}\"},\"query-input\":{\"@type\":\"PropertyValueSpecification\",\"valueRequired\":true,\"valueName\":\"search_term_string\"}}],\"inLanguage\":\"es-CO\"},{\"@type\":\"Organization\",\"@id\":\"https:\\\/\\\/laregionnoticia.com\\\/#organization\",\"name\":\"La Regi\u00f3n Noticia\",\"url\":\"https:\\\/\\\/laregionnoticia.com\\\/\",\"logo\":{\"@type\":\"ImageObject\",\"inLanguage\":\"es-CO\",\"@id\":\"https:\\\/\\\/laregionnoticia.com\\\/#\\\/schema\\\/logo\\\/image\\\/\",\"url\":\"https:\\\/\\\/laregionnoticia.com\\\/wp-content\\\/uploads\\\/2026\\\/04\\\/logo-nuevo-LRN.jpeg\",\"contentUrl\":\"https:\\\/\\\/laregionnoticia.com\\\/wp-content\\\/uploads\\\/2026\\\/04\\\/logo-nuevo-LRN.jpeg\",\"width\":1024,\"height\":1024,\"caption\":\"La Regi\u00f3n Noticia\"},\"image\":{\"@id\":\"https:\\\/\\\/laregionnoticia.com\\\/#\\\/schema\\\/logo\\\/image\\\/\"},\"sameAs\":[\"https:\\\/\\\/www.facebook.com\\\/profile.php?id=61566329187948&mibextid=ZbWKwL\"]},{\"@type\":\"Person\",\"@id\":\"https:\\\/\\\/laregionnoticia.com\\\/#\\\/schema\\\/person\\\/5586c3a3653961e30e847de6e9b4db0c\",\"name\":\"Redacci\u00f3n Digital La Regi\u00f3n\",\"image\":{\"@type\":\"ImageObject\",\"inLanguage\":\"es-CO\",\"@id\":\"https:\\\/\\\/secure.gravatar.com\\\/avatar\\\/9b5f9df140c465a9462bbbe6f15e20d3c36ce881a9632c520e1a0c34017037a0?s=96&d=mm&r=g\",\"url\":\"https:\\\/\\\/secure.gravatar.com\\\/avatar\\\/9b5f9df140c465a9462bbbe6f15e20d3c36ce881a9632c520e1a0c34017037a0?s=96&d=mm&r=g\",\"contentUrl\":\"https:\\\/\\\/secure.gravatar.com\\\/avatar\\\/9b5f9df140c465a9462bbbe6f15e20d3c36ce881a9632c520e1a0c34017037a0?s=96&d=mm&r=g\",\"caption\":\"Redacci\u00f3n Digital La Regi\u00f3n\"},\"sameAs\":[\"http:\\\/\\\/laregionnoticia.com\"],\"url\":\"https:\\\/\\\/laregionnoticia.com\\\/?author=1\"}]}<\/script>\n<!-- \/ Yoast SEO plugin. -->","yoast_head_json":{"title":"\ud83c\udde8\ud83c\uddf4 Tolima vs Coquimbo: una victoria contundente en Ibagu\u00e9 que reactiva al equipo colombiano en la Libertadores - La Regi\u00f3n Noticia","description":"Tolima venci\u00f3 3-0 a Coquimbo en Ibagu\u00e9 por la Copa Libertadores en un partido que cambi\u00f3 tras el primer gol y reactiva al equipo colombiano.","robots":{"index":"index","follow":"follow","max-snippet":"max-snippet:-1","max-image-preview":"max-image-preview:large","max-video-preview":"max-video-preview:-1"},"canonical":"https:\/\/laregionnoticia.com\/?p=3796","og_locale":"es_ES","og_type":"article","og_title":"\ud83c\udde8\ud83c\uddf4 Tolima vs Coquimbo: una victoria contundente en Ibagu\u00e9 que reactiva al equipo colombiano en la Libertadores - La Regi\u00f3n Noticia","og_description":"Tolima venci\u00f3 3-0 a Coquimbo en Ibagu\u00e9 por la Copa Libertadores en un partido que cambi\u00f3 tras el primer gol y reactiva al equipo colombiano.","og_url":"https:\/\/laregionnoticia.com\/?p=3796","og_site_name":"La Regi\u00f3n Noticia","article_publisher":"https:\/\/www.facebook.com\/profile.php?id=61566329187948&mibextid=ZbWKwL","article_published_time":"2026-04-29T04:36:34+00:00","og_image":[{"width":1536,"height":1109,"url":"https:\/\/laregionnoticia.com\/wp-content\/uploads\/2026\/04\/tol-coquim.jpg","type":"image\/jpeg"}],"author":"Redacci\u00f3n Digital La Regi\u00f3n","twitter_card":"summary_large_image","twitter_misc":{"Escrito por":"Redacci\u00f3n Digital La Regi\u00f3n","Tiempo de lectura":"5 minutos"},"schema":{"@context":"https:\/\/schema.org","@graph":[{"@type":"Article","@id":"https:\/\/laregionnoticia.com\/?p=3796#article","isPartOf":{"@id":"https:\/\/laregionnoticia.com\/?p=3796"},"author":{"name":"Redacci\u00f3n Digital La Regi\u00f3n","@id":"https:\/\/laregionnoticia.com\/#\/schema\/person\/5586c3a3653961e30e847de6e9b4db0c"},"headline":"\ud83c\udde8\ud83c\uddf4 Tolima vs Coquimbo: una victoria contundente en Ibagu\u00e9 que reactiva al equipo colombiano en la Libertadores","datePublished":"2026-04-29T04:36:34+00:00","mainEntityOfPage":{"@id":"https:\/\/laregionnoticia.com\/?p=3796"},"wordCount":969,"publisher":{"@id":"https:\/\/laregionnoticia.com\/#organization"},"image":{"@id":"https:\/\/laregionnoticia.com\/?p=3796#primaryimage"},"thumbnailUrl":"https:\/\/laregionnoticia.com\/wp-content\/uploads\/2026\/04\/tol-coquim.jpg","articleSection":["Deportes"],"inLanguage":"es-CO"},{"@type":"WebPage","@id":"https:\/\/laregionnoticia.com\/?p=3796","url":"https:\/\/laregionnoticia.com\/?p=3796","name":"\ud83c\udde8\ud83c\uddf4 Tolima vs Coquimbo: una victoria contundente en Ibagu\u00e9 que reactiva al equipo colombiano en la Libertadores - La Regi\u00f3n Noticia","isPartOf":{"@id":"https:\/\/laregionnoticia.com\/#website"},"primaryImageOfPage":{"@id":"https:\/\/laregionnoticia.com\/?p=3796#primaryimage"},"image":{"@id":"https:\/\/laregionnoticia.com\/?p=3796#primaryimage"},"thumbnailUrl":"https:\/\/laregionnoticia.com\/wp-content\/uploads\/2026\/04\/tol-coquim.jpg","datePublished":"2026-04-29T04:36:34+00:00","description":"Tolima venci\u00f3 3-0 a Coquimbo en Ibagu\u00e9 por la Copa Libertadores en un partido que cambi\u00f3 tras el primer gol y reactiva al equipo colombiano.","breadcrumb":{"@id":"https:\/\/laregionnoticia.com\/?p=3796#breadcrumb"},"inLanguage":"es-CO","potentialAction":[{"@type":"ReadAction","target":["https:\/\/laregionnoticia.com\/?p=3796"]}]},{"@type":"ImageObject","inLanguage":"es-CO","@id":"https:\/\/laregionnoticia.com\/?p=3796#primaryimage","url":"https:\/\/laregionnoticia.com\/wp-content\/uploads\/2026\/04\/tol-coquim.jpg","contentUrl":"https:\/\/laregionnoticia.com\/wp-content\/uploads\/2026\/04\/tol-coquim.jpg","width":1536,"height":1109},{"@type":"BreadcrumbList","@id":"https:\/\/laregionnoticia.com\/?p=3796#breadcrumb","itemListElement":[{"@type":"ListItem","position":1,"name":"Inicio","item":"https:\/\/laregionnoticia.com\/"},{"@type":"ListItem","position":2,"name":"\ud83c\udde8\ud83c\uddf4 Tolima vs Coquimbo: una victoria contundente en Ibagu\u00e9 que reactiva al equipo colombiano en la Libertadores"}]},{"@type":"WebSite","@id":"https:\/\/laregionnoticia.com\/#website","url":"https:\/\/laregionnoticia.com\/","name":"La Regi\u00f3n Noticia","description":"Porque nuestro compromiso es la informaci\u00f3n veraz y oportuna","publisher":{"@id":"https:\/\/laregionnoticia.com\/#organization"},"potentialAction":[{"@type":"SearchAction","target":{"@type":"EntryPoint","urlTemplate":"https:\/\/laregionnoticia.com\/?s={search_term_string}"},"query-input":{"@type":"PropertyValueSpecification","valueRequired":true,"valueName":"search_term_string"}}],"inLanguage":"es-CO"},{"@type":"Organization","@id":"https:\/\/laregionnoticia.com\/#organization","name":"La Regi\u00f3n Noticia","url":"https:\/\/laregionnoticia.com\/","logo":{"@type":"ImageObject","inLanguage":"es-CO","@id":"https:\/\/laregionnoticia.com\/#\/schema\/logo\/image\/","url":"https:\/\/laregionnoticia.com\/wp-content\/uploads\/2026\/04\/logo-nuevo-LRN.jpeg","contentUrl":"https:\/\/laregionnoticia.com\/wp-content\/uploads\/2026\/04\/logo-nuevo-LRN.jpeg","width":1024,"height":1024,"caption":"La Regi\u00f3n Noticia"},"image":{"@id":"https:\/\/laregionnoticia.com\/#\/schema\/logo\/image\/"},"sameAs":["https:\/\/www.facebook.com\/profile.php?id=61566329187948&mibextid=ZbWKwL"]},{"@type":"Person","@id":"https:\/\/laregionnoticia.com\/#\/schema\/person\/5586c3a3653961e30e847de6e9b4db0c","name":"Redacci\u00f3n Digital La Regi\u00f3n","image":{"@type":"ImageObject","inLanguage":"es-CO","@id":"https:\/\/secure.gravatar.com\/avatar\/9b5f9df140c465a9462bbbe6f15e20d3c36ce881a9632c520e1a0c34017037a0?s=96&d=mm&r=g","url":"https:\/\/secure.gravatar.com\/avatar\/9b5f9df140c465a9462bbbe6f15e20d3c36ce881a9632c520e1a0c34017037a0?s=96&d=mm&r=g","contentUrl":"https:\/\/secure.gravatar.com\/avatar\/9b5f9df140c465a9462bbbe6f15e20d3c36ce881a9632c520e1a0c34017037a0?s=96&d=mm&r=g","caption":"Redacci\u00f3n Digital La Regi\u00f3n"},"sameAs":["http:\/\/laregionnoticia.com"],"url":"https:\/\/laregionnoticia.com\/?author=1"}]}},"_links":{"self":[{"href":"https:\/\/laregionnoticia.com\/index.php?rest_route=\/wp\/v2\/posts\/3796","targetHints":{"allow":["GET"]}}],"collection":[{"href":"https:\/\/laregionnoticia.com\/index.php?rest_route=\/wp\/v2\/posts"}],"about":[{"href":"https:\/\/laregionnoticia.com\/index.php?rest_route=\/wp\/v2\/types\/post"}],"author":[{"embeddable":true,"href":"https:\/\/laregionnoticia.com\/index.php?rest_route=\/wp\/v2\/users\/1"}],"replies":[{"embeddable":true,"href":"https:\/\/laregionnoticia.com\/index.php?rest_route=%2Fwp%2Fv2%2Fcomments&post=3796"}],"version-history":[{"count":1,"href":"https:\/\/laregionnoticia.com\/index.php?rest_route=\/wp\/v2\/posts\/3796\/revisions"}],"predecessor-version":[{"id":3799,"href":"https:\/\/laregionnoticia.com\/index.php?rest_route=\/wp\/v2\/posts\/3796\/revisions\/3799"}],"wp:featuredmedia":[{"embeddable":true,"href":"https:\/\/laregionnoticia.com\/index.php?rest_route=\/wp\/v2\/media\/3797"}],"wp:attachment":[{"href":"https:\/\/laregionnoticia.com\/index.php?rest_route=%2Fwp%2Fv2%2Fmedia&parent=3796"}],"wp:term":[{"taxonomy":"category","embeddable":true,"href":"https:\/\/laregionnoticia.com\/index.php?rest_route=%2Fwp%2Fv2%2Fcategories&post=3796"},{"taxonomy":"post_tag","embeddable":true,"href":"https:\/\/laregionnoticia.com\/index.php?rest_route=%2Fwp%2Fv2%2Ftags&post=3796"}],"curies":[{"name":"wp","href":"https:\/\/api.w.org\/{rel}","templated":true}]}}