{"id":3800,"date":"2026-04-29T13:57:31","date_gmt":"2026-04-29T18:57:31","guid":{"rendered":"https:\/\/laregionnoticia.com\/?p=3800"},"modified":"2026-04-29T13:57:31","modified_gmt":"2026-04-29T18:57:31","slug":"fabrica-agua-insalubre-santa-marta-video","status":"publish","type":"post","link":"https:\/\/laregionnoticia.com\/?p=3800","title":{"rendered":"\ud83c\udde8\ud83c\uddf4 En video: operativo revela f\u00e1brica de agua insalubre en Santa Marta que abastec\u00eda barrios y expone grave crisis sanitaria"},"content":{"rendered":"\n<h2 class=\"wp-block-heading\">Operativo sanitario revela graves irregularidades fabrica de agua en Santa Marta<\/h2>\n\n\n\n<figure class=\"wp-block-image size-full is-resized\"><img loading=\"lazy\" decoding=\"async\" width=\"600\" height=\"455\" src=\"https:\/\/laregionnoticia.com\/wp-content\/uploads\/2026\/04\/operativo-santa.webp\" alt=\"\" class=\"wp-image-3802\" style=\"width:840px;height:auto\" srcset=\"https:\/\/laregionnoticia.com\/wp-content\/uploads\/2026\/04\/operativo-santa.webp 600w, https:\/\/laregionnoticia.com\/wp-content\/uploads\/2026\/04\/operativo-santa-300x228.webp 300w\" sizes=\"auto, (max-width: 600px) 100vw, 600px\" \/><figcaption class=\"wp-element-caption\">\u00a0Foto: Dadsa<\/figcaption><\/figure>\n\n\n\n<h3 class=\"wp-block-heading\">Una ciudad donde el agua potable dej\u00f3 de ser una garant\u00eda b\u00e1sica<\/h3>\n\n\n\n<p>En Santa Marta, el acceso al agua potable dej\u00f3 de ser una certeza para miles de familias desde hace varios a\u00f1os. Lo que en otras ciudades representa un servicio b\u00e1sico cotidiano, en la capital del Magdalena se convirti\u00f3 en una preocupaci\u00f3n diaria que afecta la rutina de hogares enteros. Cocinar, preparar alimentos o simplemente beber un vaso de agua se transform\u00f3 en una decisi\u00f3n que muchos habitantes no toman con tranquilidad.<\/p>\n\n\n\n<p>La red de abastecimiento presenta fallas hist\u00f3ricas, mientras que la calidad del l\u00edquido que llega a varios sectores ha sido cuestionada de manera constante por la comunidad. En algunos barrios, el agua llega con coloraci\u00f3n extra\u00f1a, olor fuerte o sedimentos visibles, lo que ha deteriorado la confianza de la poblaci\u00f3n. Esa p\u00e9rdida de credibilidad llev\u00f3 a muchas familias a dejar de consumir agua del grifo incluso despu\u00e9s de hervirla.<\/p>\n\n\n\n<h3 class=\"wp-block-heading\">El crecimiento del agua empacada como una soluci\u00f3n obligada<\/h3>\n\n\n\n<p>Ante la imposibilidad de confiar plenamente en el agua domiciliaria, el mercado del agua empacada comenz\u00f3 a expandirse con rapidez. Lo que inicialmente surgi\u00f3 como una alternativa puntual termin\u00f3 convirti\u00e9ndose en una necesidad permanente para miles de personas en la ciudad.<\/p>\n\n\n\n<p>El consumo de agua envasada dej\u00f3 de ser un h\u00e1bito ocasional y pas\u00f3 a formar parte de la econom\u00eda dom\u00e9stica de muchas familias. En numerosos hogares de Santa Marta, comprar agua se volvi\u00f3 tan indispensable como pagar la energ\u00eda o adquirir alimentos b\u00e1sicos. Esa dependencia abri\u00f3 un espacio comercial enorme que fue aprovechado por decenas de negocios.<\/p>\n\n\n\n<h3 class=\"wp-block-heading\">La necesidad abri\u00f3 la puerta a un mercado sin suficiente control<\/h3>\n\n\n\n<p>El aumento de la demanda provoc\u00f3 la aparici\u00f3n de empresas dedicadas a captar, filtrar y distribuir agua en distintos sectores. Algunas operan bajo controles sanitarios, pero otras comenzaron a funcionar al margen de cualquier supervisi\u00f3n real.<\/p>\n\n\n\n<p>La falta de control permiti\u00f3 que surgieran establecimientos clandestinos que vieron en la crisis del agua una oportunidad econ\u00f3mica. Estos negocios empezaron a abastecer barrios enteros sin cumplir condiciones m\u00ednimas de seguridad, aprovechando que muchas personas compraban confiando en la presentaci\u00f3n del producto y no en su origen real.<\/p>\n\n\n\n<h3 class=\"wp-block-heading\">Las denuncias ciudadanas encendieron las alarmas<\/h3>\n\n\n\n<p>Durante meses, varios habitantes comenzaron a reportar sospechas sobre algunas plantas que vend\u00edan agua a bajo costo. Los reclamos hablaban de envases reutilizados en mal estado, instalaciones improvisadas y procesos de purificaci\u00f3n que generaban dudas.<\/p>\n\n\n\n<p>Esas alertas llevaron al Departamento Administrativo de Sostenibilidad Ambiental a intensificar inspecciones en distintos sectores. Lo que encontraron en varios operativos confirm\u00f3 que el problema era m\u00e1s profundo de lo que inicialmente se pensaba.<\/p>\n\n\n\n<h3 class=\"wp-block-heading\">Una nueva f\u00e1brica fue hallada en condiciones alarmantes<\/h3>\n\n\n\n<p>Uno de los hallazgos m\u00e1s recientes ocurri\u00f3 en el sector de El Rodadero, donde una vivienda estaba siendo utilizada como planta de procesamiento de agua para consumo humano.<\/p>\n\n\n\n<p>Las autoridades encontraron un espacio con condiciones incompatibles con cualquier est\u00e1ndar sanitario. Desde el ingreso al lugar se observaron se\u00f1ales evidentes de contaminaci\u00f3n, con suciedad visible, estructuras deterioradas y zonas de almacenamiento que no cumpl\u00edan con las exigencias m\u00ednimas para manipular agua destinada al consumo humano.<\/p>\n\n\n\n<h3 class=\"wp-block-heading\">La presencia de animales agrav\u00f3 la preocupaci\u00f3n<\/h3>\n\n\n\n<p>Uno de los aspectos que m\u00e1s alarm\u00f3 a los funcionarios fue la presencia de gatos y roedores dentro de \u00e1reas donde se almacenaba y procesaba el agua.<\/p>\n\n\n\n<p>La presencia de animales en espacios de producci\u00f3n incrementa significativamente el riesgo bacteriol\u00f3gico. Para las autoridades, este hallazgo confirm\u00f3 que no se trataba solamente de una falta administrativa, sino de una situaci\u00f3n que pod\u00eda representar un peligro directo para la salud p\u00fablica.<\/p>\n\n\n\n<h3 class=\"wp-block-heading\">Las irregularidades encontradas se repiten en varios operativos<\/h3>\n\n\n\n<p>Seg\u00fan las autoridades, las anomal\u00edas detectadas en esta planta coinciden con otras descubiertas anteriormente en la ciudad.<\/p>\n\n\n\n<p>Entre las fallas m\u00e1s comunes aparecen:<br>captaci\u00f3n ilegal del agua<br>filtros deteriorados<br>tuber\u00edas con moho<br>almacenamiento inadecuado<br>ausencia de desinfecci\u00f3n real<br>procesos de empaque sin control sanitario<\/p>\n\n\n\n<p>Esto demuestra que no se trata de un caso aislado sino de una pr\u00e1ctica repetida en varios sectores.<\/p>\n\n\n\n<h3 class=\"wp-block-heading\">El agua llegaba directamente a los hogares samarios<\/h3>\n\n\n\n<p>Lo m\u00e1s delicado del caso es que esa agua no permanec\u00eda dentro de la planta. El producto era distribuido a viviendas de distintos barrios de la ciudad.<\/p>\n\n\n\n<p>Muchas familias utilizaban ese l\u00edquido para beber, cocinar y preparar alimentos para ni\u00f1os, creyendo que estaban adquiriendo un producto seguro. Esa falsa percepci\u00f3n de seguridad convierte el problema en una amenaza silenciosa para cientos de personas.<\/p>\n\n\n\n<h3 class=\"wp-block-heading\">Los riesgos para la salud son reales<\/h3>\n\n\n\n<p>Las autoridades advirtieron que consumir agua manipulada en esas condiciones puede provocar enfermedades gastrointestinales, infecciones bacterianas y otros problemas de salud.<\/p>\n\n\n\n<p>Los ni\u00f1os, adultos mayores y personas con sistemas inmunol\u00f3gicos debilitados son quienes enfrentan mayores riesgos. La preocupaci\u00f3n crece porque muchas personas podr\u00edan estar enferm\u00e1ndose sin relacionar sus s\u00edntomas con el agua que consumen diariamente.<\/p>\n\n\n\n<h3 class=\"wp-block-heading\">La respuesta de las autoridades fue inmediata<\/h3>\n\n\n\n<p>Tras la inspecci\u00f3n, la planta fue suspendida de manera inmediata mientras avanzan los procesos administrativos.<\/p>\n\n\n\n<p>Adem\u00e1s del sellamiento, se iniciaron procedimientos sancionatorios y se abri\u00f3 la posibilidad de investigaciones m\u00e1s profundas para determinar responsabilidades adicionales relacionadas con salud p\u00fablica.<\/p>\n\n\n\n<h3 class=\"wp-block-heading\">El problema va m\u00e1s all\u00e1 de una sola f\u00e1brica<\/h3>\n\n\n\n<p>Las autoridades confirmaron que este ya no puede verse como un caso individual. Se trata de un fen\u00f3meno que se ha extendido en distintos sectores de la ciudad.<\/p>\n\n\n\n<p>La combinaci\u00f3n entre crisis del agua, necesidad econ\u00f3mica y falta de control permiti\u00f3 que estas operaciones crecieran en silencio durante meses e incluso a\u00f1os.<\/p>\n\n\n\n<h3 class=\"wp-block-heading\">El negocio del agua se multiplic\u00f3 en Santa Marta<\/h3>\n\n\n\n<p>La distribuci\u00f3n de agua embotellada se convirti\u00f3 en una industria paralela en la ciudad.<\/p>\n\n\n\n<p>Motocarros, camionetas y peque\u00f1os distribuidores recorren diariamente diferentes barrios llevando agua a miles de hogares. En medio de ese mercado creciente, distinguir entre empresas legales e ilegales se volvi\u00f3 cada vez m\u00e1s dif\u00edcil para los consumidores.<\/p>\n\n\n\n<h3 class=\"wp-block-heading\">El consumidor muchas veces no puede detectar el riesgo<\/h3>\n\n\n\n<p>Para muchas familias, el agua empacada luce igual sin importar d\u00f3nde fue producida.<\/p>\n\n\n\n<p>Un envase limpio o una etiqueta llamativa pueden generar confianza, aunque detr\u00e1s exista un proceso completamente irregular. Esa dificultad para identificar riesgos aumenta la vulnerabilidad del consumidor.<\/p>\n\n\n\n<h3 class=\"wp-block-heading\">La crisis revela una falla estructural m\u00e1s profunda<\/h3>\n\n\n\n<p>El problema de estas f\u00e1bricas clandestinas refleja una falla mucho mayor: la incapacidad hist\u00f3rica de garantizar agua potable confiable en la ciudad.<\/p>\n\n\n\n<p>Mientras el sistema principal contin\u00fae generando desconfianza, seguir\u00e1n apareciendo negocios informales que buscan llenar ese vac\u00edo.<\/p>\n\n\n\n<h3 class=\"wp-block-heading\">El llamado es a revisar qu\u00e9 agua entra al hogar<\/h3>\n\n\n\n<p>Las autoridades recomendaron a la poblaci\u00f3n verificar cuidadosamente d\u00f3nde compran agua.<\/p>\n\n\n\n<p>Observar las condiciones del establecimiento, desconfiar de precios demasiado bajos y reportar irregularidades puede convertirse en una medida clave para proteger la salud de las familias.<\/p>\n\n\n\n<h3 class=\"wp-block-heading\">Santa Marta enfrenta una crisis silenciosa<\/h3>\n\n\n\n<p>Lo ocurrido demuestra que en Santa Marta el problema ya no es solamente la escasez o mala calidad del agua del grifo.<\/p>\n\n\n\n<p>Ahora tambi\u00e9n crece la preocupaci\u00f3n por el agua que muchos compran buscando una soluci\u00f3n y que podr\u00eda terminar convirti\u00e9ndose en un nuevo riesgo para la ciudad.<\/p>\n\n\n\n<figure class=\"wp-block-embed is-type-rich is-provider-twitter wp-block-embed-twitter\"><div class=\"wp-block-embed__wrapper\">\n<blockquote class=\"twitter-tweet\" data-width=\"550\" data-dnt=\"true\"><p lang=\"es\" dir=\"ltr\">\ud83c\udde8\ud83c\uddf4 <a href=\"https:\/\/twitter.com\/hashtag\/SANTAMARTA?src=hash&amp;ref_src=twsrc%5Etfw\">#SANTAMARTA<\/a> | En video: hallan planta de agua en condiciones insalubres que abastec\u00eda barrios de la ciudad \ud83d\ude33<br>El establecimiento fue suspendido e investigado<br>\ud83d\udc49 \u00bfQu\u00e9 opinas?<br>\ud83d\udc47 OPINA<br>\ud83d\udd01 COMPARTE<br>\ud83d\udc40 SIGUE<a href=\"https:\/\/twitter.com\/hashtag\/SantaMarta?src=hash&amp;ref_src=twsrc%5Etfw\">#SantaMarta<\/a> <a href=\"https:\/\/twitter.com\/hashtag\/Colombia?src=hash&amp;ref_src=twsrc%5Etfw\">#Colombia<\/a> <a href=\"https:\/\/twitter.com\/hashtag\/Noticias?src=hash&amp;ref_src=twsrc%5Etfw\">#Noticias<\/a> <a href=\"https:\/\/twitter.com\/hashtag\/UltimaHora?src=hash&amp;ref_src=twsrc%5Etfw\">#UltimaHora<\/a> <a href=\"https:\/\/twitter.com\/hashtag\/SaludPublica?src=hash&amp;ref_src=twsrc%5Etfw\">#SaludPublica<\/a> <a href=\"https:\/\/twitter.com\/hashtag\/Agua?src=hash&amp;ref_src=twsrc%5Etfw\">#Agua<\/a> #@Todos <a href=\"https:\/\/t.co\/iCxeyPgeCL\">pic.twitter.com\/iCxeyPgeCL<\/a><\/p>&mdash; La Region Noticia (@laregionperiodi) <a href=\"https:\/\/twitter.com\/laregionperiodi\/status\/2049563607545847976?ref_src=twsrc%5Etfw\">April 29, 2026<\/a><\/blockquote><script async src=\"https:\/\/platform.twitter.com\/widgets.js\" charset=\"utf-8\"><\/script>\n<\/div><\/figure>\n","protected":false},"excerpt":{"rendered":"<p>Operativo sanitario revela graves irregularidades fabrica de agua en Santa Marta Una ciudad donde el agua potable dej\u00f3 de ser una garant\u00eda b\u00e1sica En Santa Marta, el acceso al agua&hellip; <\/p>\n","protected":false},"author":1,"featured_media":3801,"comment_status":"closed","ping_status":"open","sticky":false,"template":"","format":"standard","meta":{"footnotes":""},"categories":[4],"tags":[],"class_list":["post-3800","post","type-post","status-publish","format-standard","has-post-thumbnail","hentry","category-local"],"yoast_head":"<!-- This site is optimized with the Yoast SEO plugin v27.5 - https:\/\/yoast.com\/product\/yoast-seo-wordpress\/ -->\n<title>\ud83c\udde8\ud83c\uddf4 En video: operativo revela f\u00e1brica de agua insalubre en Santa Marta que abastec\u00eda barrios y expone grave crisis sanitaria - La Regi\u00f3n Noticia<\/title>\n<meta name=\"description\" content=\"En video, autoridades hallan f\u00e1brica de agua insalubre en Santa Marta que abastec\u00eda barrios y expone grave crisis sanitaria en la ciudad.\" \/>\n<meta name=\"robots\" content=\"index, follow, max-snippet:-1, max-image-preview:large, max-video-preview:-1\" \/>\n<link rel=\"canonical\" href=\"https:\/\/laregionnoticia.com\/?p=3800\" \/>\n<meta property=\"og:locale\" content=\"es_ES\" \/>\n<meta property=\"og:type\" content=\"article\" \/>\n<meta property=\"og:title\" content=\"\ud83c\udde8\ud83c\uddf4 En video: operativo revela f\u00e1brica de agua insalubre en Santa Marta que abastec\u00eda barrios y expone grave crisis sanitaria - La Regi\u00f3n Noticia\" \/>\n<meta property=\"og:description\" content=\"En video, autoridades hallan f\u00e1brica de agua insalubre en Santa Marta que abastec\u00eda barrios y expone grave crisis sanitaria en la ciudad.\" \/>\n<meta property=\"og:url\" content=\"https:\/\/laregionnoticia.com\/?p=3800\" \/>\n<meta property=\"og:site_name\" content=\"La Regi\u00f3n Noticia\" \/>\n<meta property=\"article:publisher\" content=\"https:\/\/www.facebook.com\/profile.php?id=61566329187948&amp;mibextid=ZbWKwL\" \/>\n<meta property=\"article:published_time\" content=\"2026-04-29T18:57:31+00:00\" \/>\n<meta property=\"og:image\" content=\"https:\/\/laregionnoticia.com\/wp-content\/uploads\/2026\/04\/3a_agua.jpg\" \/>\n\t<meta property=\"og:image:width\" content=\"860\" \/>\n\t<meta property=\"og:image:height\" content=\"589\" \/>\n\t<meta property=\"og:image:type\" content=\"image\/jpeg\" \/>\n<meta name=\"author\" content=\"Redacci\u00f3n Digital La Regi\u00f3n\" \/>\n<meta name=\"twitter:card\" content=\"summary_large_image\" \/>\n<meta name=\"twitter:label1\" content=\"Escrito por\" \/>\n\t<meta name=\"twitter:data1\" content=\"Redacci\u00f3n Digital La Regi\u00f3n\" \/>\n\t<meta name=\"twitter:label2\" content=\"Tiempo de lectura\" \/>\n\t<meta name=\"twitter:data2\" content=\"6 minutos\" \/>\n<script type=\"application\/ld+json\" class=\"yoast-schema-graph\">{\"@context\":\"https:\\\/\\\/schema.org\",\"@graph\":[{\"@type\":\"Article\",\"@id\":\"https:\\\/\\\/laregionnoticia.com\\\/?p=3800#article\",\"isPartOf\":{\"@id\":\"https:\\\/\\\/laregionnoticia.com\\\/?p=3800\"},\"author\":{\"name\":\"Redacci\u00f3n Digital La Regi\u00f3n\",\"@id\":\"https:\\\/\\\/laregionnoticia.com\\\/#\\\/schema\\\/person\\\/5586c3a3653961e30e847de6e9b4db0c\"},\"headline\":\"\ud83c\udde8\ud83c\uddf4 En video: operativo revela f\u00e1brica de agua insalubre en Santa Marta que abastec\u00eda barrios y expone grave crisis sanitaria\",\"datePublished\":\"2026-04-29T18:57:31+00:00\",\"mainEntityOfPage\":{\"@id\":\"https:\\\/\\\/laregionnoticia.com\\\/?p=3800\"},\"wordCount\":1277,\"publisher\":{\"@id\":\"https:\\\/\\\/laregionnoticia.com\\\/#organization\"},\"image\":{\"@id\":\"https:\\\/\\\/laregionnoticia.com\\\/?p=3800#primaryimage\"},\"thumbnailUrl\":\"https:\\\/\\\/laregionnoticia.com\\\/wp-content\\\/uploads\\\/2026\\\/04\\\/3a_agua.jpg\",\"articleSection\":[\"Local\"],\"inLanguage\":\"es-CO\"},{\"@type\":\"WebPage\",\"@id\":\"https:\\\/\\\/laregionnoticia.com\\\/?p=3800\",\"url\":\"https:\\\/\\\/laregionnoticia.com\\\/?p=3800\",\"name\":\"\ud83c\udde8\ud83c\uddf4 En video: operativo revela f\u00e1brica de agua insalubre en Santa Marta que abastec\u00eda barrios y expone grave crisis sanitaria - La Regi\u00f3n Noticia\",\"isPartOf\":{\"@id\":\"https:\\\/\\\/laregionnoticia.com\\\/#website\"},\"primaryImageOfPage\":{\"@id\":\"https:\\\/\\\/laregionnoticia.com\\\/?p=3800#primaryimage\"},\"image\":{\"@id\":\"https:\\\/\\\/laregionnoticia.com\\\/?p=3800#primaryimage\"},\"thumbnailUrl\":\"https:\\\/\\\/laregionnoticia.com\\\/wp-content\\\/uploads\\\/2026\\\/04\\\/3a_agua.jpg\",\"datePublished\":\"2026-04-29T18:57:31+00:00\",\"description\":\"En video, autoridades hallan f\u00e1brica de agua insalubre en Santa Marta que abastec\u00eda barrios y expone grave crisis sanitaria en la ciudad.\",\"breadcrumb\":{\"@id\":\"https:\\\/\\\/laregionnoticia.com\\\/?p=3800#breadcrumb\"},\"inLanguage\":\"es-CO\",\"potentialAction\":[{\"@type\":\"ReadAction\",\"target\":[\"https:\\\/\\\/laregionnoticia.com\\\/?p=3800\"]}]},{\"@type\":\"ImageObject\",\"inLanguage\":\"es-CO\",\"@id\":\"https:\\\/\\\/laregionnoticia.com\\\/?p=3800#primaryimage\",\"url\":\"https:\\\/\\\/laregionnoticia.com\\\/wp-content\\\/uploads\\\/2026\\\/04\\\/3a_agua.jpg\",\"contentUrl\":\"https:\\\/\\\/laregionnoticia.com\\\/wp-content\\\/uploads\\\/2026\\\/04\\\/3a_agua.jpg\",\"width\":860,\"height\":589},{\"@type\":\"BreadcrumbList\",\"@id\":\"https:\\\/\\\/laregionnoticia.com\\\/?p=3800#breadcrumb\",\"itemListElement\":[{\"@type\":\"ListItem\",\"position\":1,\"name\":\"Inicio\",\"item\":\"https:\\\/\\\/laregionnoticia.com\\\/\"},{\"@type\":\"ListItem\",\"position\":2,\"name\":\"\ud83c\udde8\ud83c\uddf4 En video: operativo revela f\u00e1brica de agua insalubre en Santa Marta que abastec\u00eda barrios y expone grave crisis sanitaria\"}]},{\"@type\":\"WebSite\",\"@id\":\"https:\\\/\\\/laregionnoticia.com\\\/#website\",\"url\":\"https:\\\/\\\/laregionnoticia.com\\\/\",\"name\":\"La Regi\u00f3n Noticia\",\"description\":\"Porque nuestro compromiso es la informaci\u00f3n veraz y oportuna\",\"publisher\":{\"@id\":\"https:\\\/\\\/laregionnoticia.com\\\/#organization\"},\"potentialAction\":[{\"@type\":\"SearchAction\",\"target\":{\"@type\":\"EntryPoint\",\"urlTemplate\":\"https:\\\/\\\/laregionnoticia.com\\\/?s={search_term_string}\"},\"query-input\":{\"@type\":\"PropertyValueSpecification\",\"valueRequired\":true,\"valueName\":\"search_term_string\"}}],\"inLanguage\":\"es-CO\"},{\"@type\":\"Organization\",\"@id\":\"https:\\\/\\\/laregionnoticia.com\\\/#organization\",\"name\":\"La Regi\u00f3n Noticia\",\"url\":\"https:\\\/\\\/laregionnoticia.com\\\/\",\"logo\":{\"@type\":\"ImageObject\",\"inLanguage\":\"es-CO\",\"@id\":\"https:\\\/\\\/laregionnoticia.com\\\/#\\\/schema\\\/logo\\\/image\\\/\",\"url\":\"https:\\\/\\\/laregionnoticia.com\\\/wp-content\\\/uploads\\\/2026\\\/04\\\/logo-nuevo-LRN.jpeg\",\"contentUrl\":\"https:\\\/\\\/laregionnoticia.com\\\/wp-content\\\/uploads\\\/2026\\\/04\\\/logo-nuevo-LRN.jpeg\",\"width\":1024,\"height\":1024,\"caption\":\"La Regi\u00f3n Noticia\"},\"image\":{\"@id\":\"https:\\\/\\\/laregionnoticia.com\\\/#\\\/schema\\\/logo\\\/image\\\/\"},\"sameAs\":[\"https:\\\/\\\/www.facebook.com\\\/profile.php?id=61566329187948&mibextid=ZbWKwL\"]},{\"@type\":\"Person\",\"@id\":\"https:\\\/\\\/laregionnoticia.com\\\/#\\\/schema\\\/person\\\/5586c3a3653961e30e847de6e9b4db0c\",\"name\":\"Redacci\u00f3n Digital La Regi\u00f3n\",\"image\":{\"@type\":\"ImageObject\",\"inLanguage\":\"es-CO\",\"@id\":\"https:\\\/\\\/secure.gravatar.com\\\/avatar\\\/9b5f9df140c465a9462bbbe6f15e20d3c36ce881a9632c520e1a0c34017037a0?s=96&d=mm&r=g\",\"url\":\"https:\\\/\\\/secure.gravatar.com\\\/avatar\\\/9b5f9df140c465a9462bbbe6f15e20d3c36ce881a9632c520e1a0c34017037a0?s=96&d=mm&r=g\",\"contentUrl\":\"https:\\\/\\\/secure.gravatar.com\\\/avatar\\\/9b5f9df140c465a9462bbbe6f15e20d3c36ce881a9632c520e1a0c34017037a0?s=96&d=mm&r=g\",\"caption\":\"Redacci\u00f3n Digital La Regi\u00f3n\"},\"sameAs\":[\"http:\\\/\\\/laregionnoticia.com\"],\"url\":\"https:\\\/\\\/laregionnoticia.com\\\/?author=1\"}]}<\/script>\n<!-- \/ Yoast SEO plugin. -->","yoast_head_json":{"title":"\ud83c\udde8\ud83c\uddf4 En video: operativo revela f\u00e1brica de agua insalubre en Santa Marta que abastec\u00eda barrios y expone grave crisis sanitaria - La Regi\u00f3n Noticia","description":"En video, autoridades hallan f\u00e1brica de agua insalubre en Santa Marta que abastec\u00eda barrios y expone grave crisis sanitaria en la ciudad.","robots":{"index":"index","follow":"follow","max-snippet":"max-snippet:-1","max-image-preview":"max-image-preview:large","max-video-preview":"max-video-preview:-1"},"canonical":"https:\/\/laregionnoticia.com\/?p=3800","og_locale":"es_ES","og_type":"article","og_title":"\ud83c\udde8\ud83c\uddf4 En video: operativo revela f\u00e1brica de agua insalubre en Santa Marta que abastec\u00eda barrios y expone grave crisis sanitaria - La Regi\u00f3n Noticia","og_description":"En video, autoridades hallan f\u00e1brica de agua insalubre en Santa Marta que abastec\u00eda barrios y expone grave crisis sanitaria en la ciudad.","og_url":"https:\/\/laregionnoticia.com\/?p=3800","og_site_name":"La Regi\u00f3n Noticia","article_publisher":"https:\/\/www.facebook.com\/profile.php?id=61566329187948&mibextid=ZbWKwL","article_published_time":"2026-04-29T18:57:31+00:00","og_image":[{"width":860,"height":589,"url":"https:\/\/laregionnoticia.com\/wp-content\/uploads\/2026\/04\/3a_agua.jpg","type":"image\/jpeg"}],"author":"Redacci\u00f3n Digital La Regi\u00f3n","twitter_card":"summary_large_image","twitter_misc":{"Escrito por":"Redacci\u00f3n Digital La Regi\u00f3n","Tiempo de lectura":"6 minutos"},"schema":{"@context":"https:\/\/schema.org","@graph":[{"@type":"Article","@id":"https:\/\/laregionnoticia.com\/?p=3800#article","isPartOf":{"@id":"https:\/\/laregionnoticia.com\/?p=3800"},"author":{"name":"Redacci\u00f3n Digital La Regi\u00f3n","@id":"https:\/\/laregionnoticia.com\/#\/schema\/person\/5586c3a3653961e30e847de6e9b4db0c"},"headline":"\ud83c\udde8\ud83c\uddf4 En video: operativo revela f\u00e1brica de agua insalubre en Santa Marta que abastec\u00eda barrios y expone grave crisis sanitaria","datePublished":"2026-04-29T18:57:31+00:00","mainEntityOfPage":{"@id":"https:\/\/laregionnoticia.com\/?p=3800"},"wordCount":1277,"publisher":{"@id":"https:\/\/laregionnoticia.com\/#organization"},"image":{"@id":"https:\/\/laregionnoticia.com\/?p=3800#primaryimage"},"thumbnailUrl":"https:\/\/laregionnoticia.com\/wp-content\/uploads\/2026\/04\/3a_agua.jpg","articleSection":["Local"],"inLanguage":"es-CO"},{"@type":"WebPage","@id":"https:\/\/laregionnoticia.com\/?p=3800","url":"https:\/\/laregionnoticia.com\/?p=3800","name":"\ud83c\udde8\ud83c\uddf4 En video: operativo revela f\u00e1brica de agua insalubre en Santa Marta que abastec\u00eda barrios y expone grave crisis sanitaria - La Regi\u00f3n Noticia","isPartOf":{"@id":"https:\/\/laregionnoticia.com\/#website"},"primaryImageOfPage":{"@id":"https:\/\/laregionnoticia.com\/?p=3800#primaryimage"},"image":{"@id":"https:\/\/laregionnoticia.com\/?p=3800#primaryimage"},"thumbnailUrl":"https:\/\/laregionnoticia.com\/wp-content\/uploads\/2026\/04\/3a_agua.jpg","datePublished":"2026-04-29T18:57:31+00:00","description":"En video, autoridades hallan f\u00e1brica de agua insalubre en Santa Marta que abastec\u00eda barrios y expone grave crisis sanitaria en la ciudad.","breadcrumb":{"@id":"https:\/\/laregionnoticia.com\/?p=3800#breadcrumb"},"inLanguage":"es-CO","potentialAction":[{"@type":"ReadAction","target":["https:\/\/laregionnoticia.com\/?p=3800"]}]},{"@type":"ImageObject","inLanguage":"es-CO","@id":"https:\/\/laregionnoticia.com\/?p=3800#primaryimage","url":"https:\/\/laregionnoticia.com\/wp-content\/uploads\/2026\/04\/3a_agua.jpg","contentUrl":"https:\/\/laregionnoticia.com\/wp-content\/uploads\/2026\/04\/3a_agua.jpg","width":860,"height":589},{"@type":"BreadcrumbList","@id":"https:\/\/laregionnoticia.com\/?p=3800#breadcrumb","itemListElement":[{"@type":"ListItem","position":1,"name":"Inicio","item":"https:\/\/laregionnoticia.com\/"},{"@type":"ListItem","position":2,"name":"\ud83c\udde8\ud83c\uddf4 En video: operativo revela f\u00e1brica de agua insalubre en Santa Marta que abastec\u00eda barrios y expone grave crisis sanitaria"}]},{"@type":"WebSite","@id":"https:\/\/laregionnoticia.com\/#website","url":"https:\/\/laregionnoticia.com\/","name":"La Regi\u00f3n Noticia","description":"Porque nuestro compromiso es la informaci\u00f3n veraz y oportuna","publisher":{"@id":"https:\/\/laregionnoticia.com\/#organization"},"potentialAction":[{"@type":"SearchAction","target":{"@type":"EntryPoint","urlTemplate":"https:\/\/laregionnoticia.com\/?s={search_term_string}"},"query-input":{"@type":"PropertyValueSpecification","valueRequired":true,"valueName":"search_term_string"}}],"inLanguage":"es-CO"},{"@type":"Organization","@id":"https:\/\/laregionnoticia.com\/#organization","name":"La Regi\u00f3n Noticia","url":"https:\/\/laregionnoticia.com\/","logo":{"@type":"ImageObject","inLanguage":"es-CO","@id":"https:\/\/laregionnoticia.com\/#\/schema\/logo\/image\/","url":"https:\/\/laregionnoticia.com\/wp-content\/uploads\/2026\/04\/logo-nuevo-LRN.jpeg","contentUrl":"https:\/\/laregionnoticia.com\/wp-content\/uploads\/2026\/04\/logo-nuevo-LRN.jpeg","width":1024,"height":1024,"caption":"La Regi\u00f3n Noticia"},"image":{"@id":"https:\/\/laregionnoticia.com\/#\/schema\/logo\/image\/"},"sameAs":["https:\/\/www.facebook.com\/profile.php?id=61566329187948&mibextid=ZbWKwL"]},{"@type":"Person","@id":"https:\/\/laregionnoticia.com\/#\/schema\/person\/5586c3a3653961e30e847de6e9b4db0c","name":"Redacci\u00f3n Digital La Regi\u00f3n","image":{"@type":"ImageObject","inLanguage":"es-CO","@id":"https:\/\/secure.gravatar.com\/avatar\/9b5f9df140c465a9462bbbe6f15e20d3c36ce881a9632c520e1a0c34017037a0?s=96&d=mm&r=g","url":"https:\/\/secure.gravatar.com\/avatar\/9b5f9df140c465a9462bbbe6f15e20d3c36ce881a9632c520e1a0c34017037a0?s=96&d=mm&r=g","contentUrl":"https:\/\/secure.gravatar.com\/avatar\/9b5f9df140c465a9462bbbe6f15e20d3c36ce881a9632c520e1a0c34017037a0?s=96&d=mm&r=g","caption":"Redacci\u00f3n Digital La Regi\u00f3n"},"sameAs":["http:\/\/laregionnoticia.com"],"url":"https:\/\/laregionnoticia.com\/?author=1"}]}},"_links":{"self":[{"href":"https:\/\/laregionnoticia.com\/index.php?rest_route=\/wp\/v2\/posts\/3800","targetHints":{"allow":["GET"]}}],"collection":[{"href":"https:\/\/laregionnoticia.com\/index.php?rest_route=\/wp\/v2\/posts"}],"about":[{"href":"https:\/\/laregionnoticia.com\/index.php?rest_route=\/wp\/v2\/types\/post"}],"author":[{"embeddable":true,"href":"https:\/\/laregionnoticia.com\/index.php?rest_route=\/wp\/v2\/users\/1"}],"replies":[{"embeddable":true,"href":"https:\/\/laregionnoticia.com\/index.php?rest_route=%2Fwp%2Fv2%2Fcomments&post=3800"}],"version-history":[{"count":1,"href":"https:\/\/laregionnoticia.com\/index.php?rest_route=\/wp\/v2\/posts\/3800\/revisions"}],"predecessor-version":[{"id":3803,"href":"https:\/\/laregionnoticia.com\/index.php?rest_route=\/wp\/v2\/posts\/3800\/revisions\/3803"}],"wp:featuredmedia":[{"embeddable":true,"href":"https:\/\/laregionnoticia.com\/index.php?rest_route=\/wp\/v2\/media\/3801"}],"wp:attachment":[{"href":"https:\/\/laregionnoticia.com\/index.php?rest_route=%2Fwp%2Fv2%2Fmedia&parent=3800"}],"wp:term":[{"taxonomy":"category","embeddable":true,"href":"https:\/\/laregionnoticia.com\/index.php?rest_route=%2Fwp%2Fv2%2Fcategories&post=3800"},{"taxonomy":"post_tag","embeddable":true,"href":"https:\/\/laregionnoticia.com\/index.php?rest_route=%2Fwp%2Fv2%2Ftags&post=3800"}],"curies":[{"name":"wp","href":"https:\/\/api.w.org\/{rel}","templated":true}]}}