{"id":3804,"date":"2026-04-29T21:58:20","date_gmt":"2026-04-30T02:58:20","guid":{"rendered":"https:\/\/laregionnoticia.com\/?p=3804"},"modified":"2026-04-29T21:58:20","modified_gmt":"2026-04-30T02:58:20","slug":"gobernador-sinaloa-acusado-narcotrafico-eeuu","status":"publish","type":"post","link":"https:\/\/laregionnoticia.com\/?p=3804","title":{"rendered":"\ud83c\uddfa\ud83c\uddf8 EE.UU. acusa al gobernador de Sinaloa de colaborar con \u201cLos Chapitos\u201d en un caso que sacude la pol\u00edtica mexicana"},"content":{"rendered":"\n<h2 class=\"wp-block-heading\">Acusaci\u00f3n federal en Estados Unidos abre un frente judicial y pol\u00edtico de alto impacto<\/h2>\n\n\n\n<figure class=\"wp-block-image size-full\"><img loading=\"lazy\" decoding=\"async\" width=\"1024\" height=\"682\" src=\"https:\/\/laregionnoticia.com\/wp-content\/uploads\/2026\/04\/gober-sina-2.jpg\" alt=\"\" class=\"wp-image-3806\" srcset=\"https:\/\/laregionnoticia.com\/wp-content\/uploads\/2026\/04\/gober-sina-2.jpg 1024w, https:\/\/laregionnoticia.com\/wp-content\/uploads\/2026\/04\/gober-sina-2-300x200.jpg 300w, https:\/\/laregionnoticia.com\/wp-content\/uploads\/2026\/04\/gober-sina-2-768x512.jpg 768w\" sizes=\"auto, (max-width: 1024px) 100vw, 1024px\" \/><\/figure>\n\n\n\n<h3 class=\"wp-block-heading\">Un gobernador en funciones se\u00f1alado por la justicia estadounidense<\/h3>\n\n\n\n<p>El gobernador del estado mexicano de Sinaloa, Rub\u00e9n Rocha Moya, fue acusado por el Departamento de Justicia de Estados Unidos en un proceso judicial que lo vincula con actividades relacionadas con el narcotr\u00e1fico. La acusaci\u00f3n, presentada ante un tribunal federal en Nueva York, representa un hecho de alto impacto institucional al involucrar a un mandatario en ejercicio, lo que eleva la dimensi\u00f3n pol\u00edtica del caso y lo convierte en uno de los episodios m\u00e1s sensibles en la relaci\u00f3n entre ambos pa\u00edses en los \u00faltimos a\u00f1os. La investigaci\u00f3n se enmarca en una estrategia m\u00e1s amplia de las autoridades estadounidenses para desarticular redes vinculadas al tr\u00e1fico internacional de drogas, especialmente aquellas que operan desde territorio mexicano.<\/p>\n\n\n\n<h3 class=\"wp-block-heading\">La acusaci\u00f3n fue presentada en una corte federal de Nueva York<\/h3>\n\n\n\n<p>El caso fue radicado ante el Tribunal Federal del Distrito Sur de Nueva York, una de las jurisdicciones m\u00e1s relevantes en procesos contra estructuras del crimen organizado transnacional. Este tribunal ha sido hist\u00f3ricamente utilizado por fiscales estadounidenses para llevar casos de alto perfil relacionados con narcotr\u00e1fico, lavado de dinero y crimen organizado. La asignaci\u00f3n del expediente a una jueza federal marca el inicio formal de un proceso que podr\u00eda escalar r\u00e1pidamente dependiendo de la evidencia presentada y de la cooperaci\u00f3n judicial entre M\u00e9xico y Estados Unidos.<\/p>\n\n\n\n<h3 class=\"wp-block-heading\">Se\u00f1alamientos por narcotr\u00e1fico y delitos relacionados con armas<\/h3>\n\n\n\n<p>De acuerdo con el Departamento de Justicia, el gobernador y otros implicados enfrentan cargos por tr\u00e1fico de drogas, conspiraci\u00f3n criminal y delitos relacionados con el manejo ilegal de armas. Los fiscales sostienen que los acusados habr\u00edan participado en una estructura organizada destinada a facilitar el env\u00edo de grandes cantidades de narc\u00f3ticos hacia territorio estadounidense, lo que incluir\u00eda sustancias de alto impacto como el fentanilo, la coca\u00edna, la hero\u00edna y la metanfetamina. Estas acusaciones sit\u00faan el caso en el centro de la agenda de seguridad bilateral.<\/p>\n\n\n\n<h3 class=\"wp-block-heading\">Presuntos v\u00ednculos con la facci\u00f3n conocida como \u201cLos Chapitos\u201d<\/h3>\n\n\n\n<p>Uno de los elementos m\u00e1s sensibles del caso es la presunta relaci\u00f3n con \u201cLos Chapitos\u201d, facci\u00f3n del Cartel de Sinaloa liderada por los hijos de Joaqu\u00edn &#8220;El Chapo&#8221; Guzm\u00e1n. Esta organizaci\u00f3n ha sido se\u00f1alada por autoridades estadounidenses como una de las principales responsables del tr\u00e1fico de fentanilo hacia Estados Unidos, un opioide que ha generado una crisis de salud p\u00fablica en ese pa\u00eds. La menci\u00f3n directa de esta facci\u00f3n dentro de la acusaci\u00f3n a\u00f1ade gravedad al proceso y refuerza la dimensi\u00f3n internacional del caso.<\/p>\n\n\n\n<h3 class=\"wp-block-heading\">Una red que involucrar\u00eda a funcionarios p\u00fablicos<\/h3>\n\n\n\n<p>La acusaci\u00f3n no se limita a una sola figura. En el expediente tambi\u00e9n aparecen al menos nueve funcionarios actuales y exfuncionarios, lo que sugiere la existencia de una red m\u00e1s amplia de presunta colaboraci\u00f3n entre estructuras pol\u00edticas y organizaciones criminales. Este tipo de se\u00f1alamientos refuerza la hip\u00f3tesis de que el problema no ser\u00eda individual, sino sist\u00e9mico, lo que incrementa la preocupaci\u00f3n sobre la penetraci\u00f3n del crimen organizado en instituciones p\u00fablicas.<\/p>\n\n\n\n<h3 class=\"wp-block-heading\">Acusaciones de protecci\u00f3n institucional a actividades ilegales<\/h3>\n\n\n\n<p>Seg\u00fan los fiscales estadounidenses, los implicados habr\u00edan brindado protecci\u00f3n institucional a las operaciones del narcotr\u00e1fico a cambio de beneficios econ\u00f3micos y respaldo pol\u00edtico. Este tipo de acusaciones apunta a un posible uso del poder p\u00fablico para facilitar actividades il\u00edcitas, lo que, de comprobarse, tendr\u00eda implicaciones profundas en t\u00e9rminos de gobernabilidad, confianza institucional y estado de derecho.<\/p>\n\n\n\n<h3 class=\"wp-block-heading\">El papel hist\u00f3rico de Sinaloa en el narcotr\u00e1fico<\/h3>\n\n\n\n<p>El estado de Sinaloa ha sido durante d\u00e9cadas uno de los principales epicentros del narcotr\u00e1fico en M\u00e9xico. Su ubicaci\u00f3n geogr\u00e1fica, combinada con una larga tradici\u00f3n de organizaciones criminales, lo ha convertido en un punto clave para la producci\u00f3n y distribuci\u00f3n de drogas hacia Estados Unidos. Este contexto amplifica el impacto de cualquier acusaci\u00f3n que involucre a autoridades locales, dado el peso hist\u00f3rico de la regi\u00f3n en el mapa del crimen organizado.<\/p>\n\n\n\n<h3 class=\"wp-block-heading\">Impacto pol\u00edtico en el partido gobernante<\/h3>\n\n\n\n<p>Rub\u00e9n Rocha Moya pertenece a Morena, la fuerza pol\u00edtica de la presidenta Claudia Sheinbaum. La acusaci\u00f3n, por tanto, no solo afecta a una figura regional, sino que tambi\u00e9n genera presi\u00f3n sobre el gobierno federal, que se ve obligado a responder ante un caso con implicaciones internacionales y potencial impacto en su imagen pol\u00edtica.<\/p>\n\n\n\n<h3 class=\"wp-block-heading\">La respuesta del gobierno mexicano ante la acusaci\u00f3n<\/h3>\n\n\n\n<p>Las autoridades mexicanas han se\u00f1alado que, hasta el momento, no han recibido pruebas suficientes por parte de Estados Unidos que permitan iniciar un proceso judicial en el pa\u00eds. Esta postura refleja la cautela del gobierno frente a acusaciones externas, pero tambi\u00e9n abre un escenario de tensi\u00f3n en materia de cooperaci\u00f3n judicial, especialmente si Washington decide avanzar con solicitudes formales como \u00f3rdenes de captura o extradici\u00f3n.<\/p>\n\n\n\n<h3 class=\"wp-block-heading\">Negaci\u00f3n de los cargos por parte del gobernador<\/h3>\n\n\n\n<p>El gobernador ha rechazado p\u00fablicamente las acusaciones, afirmando que no tiene v\u00ednculos con organizaciones criminales. Adem\u00e1s, ha sugerido que el caso podr\u00eda tener motivaciones pol\u00edticas, lo que a\u00f1ade una dimensi\u00f3n adicional al conflicto y plantea interrogantes sobre el contexto en el que se producen este tipo de procesos judiciales internacionales.<\/p>\n\n\n\n<h3 class=\"wp-block-heading\">Posibles tensiones diplom\u00e1ticas entre M\u00e9xico y Estados Unidos<\/h3>\n\n\n\n<p>Casos de esta naturaleza suelen generar fricciones entre ambos pa\u00edses, especialmente cuando involucran a funcionarios en ejercicio. La acusaci\u00f3n podr\u00eda derivar en tensiones diplom\u00e1ticas si no existe una coordinaci\u00f3n efectiva entre las autoridades judiciales, lo que pondr\u00eda a prueba los mecanismos de cooperaci\u00f3n en materia de seguridad y justicia.<\/p>\n\n\n\n<h3 class=\"wp-block-heading\">Antecedentes de investigaciones similares<\/h3>\n\n\n\n<p>No es la primera vez que autoridades estadounidenses investigan a figuras pol\u00edticas mexicanas por presuntos v\u00ednculos con el narcotr\u00e1fico. Sin embargo, la magnitud del caso actual, al involucrar a un gobernador en funciones, lo convierte en uno de los m\u00e1s delicados en los \u00faltimos a\u00f1os, tanto por sus implicaciones legales como por su impacto pol\u00edtico.<\/p>\n\n\n\n<h3 class=\"wp-block-heading\">El fentanilo como eje central de la preocupaci\u00f3n estadounidense<\/h3>\n\n\n\n<p>El tr\u00e1fico de fentanilo se ha convertido en una de las principales prioridades de seguridad para Estados Unidos. Este opioide sint\u00e9tico, altamente potente, ha sido responsable de una crisis de sobredosis que ha afectado a miles de personas. Por esta raz\u00f3n, las autoridades estadounidenses han intensificado sus esfuerzos para identificar y procesar a quienes consideran responsables de su distribuci\u00f3n.<\/p>\n\n\n\n<h3 class=\"wp-block-heading\">Escenarios judiciales que podr\u00edan desarrollarse<\/h3>\n\n\n\n<p>El proceso podr\u00eda derivar en distintas acciones legales, incluyendo solicitudes de extradici\u00f3n, \u00f3rdenes de captura internacionales o investigaciones paralelas en M\u00e9xico. La evoluci\u00f3n del caso depender\u00e1 en gran medida de la solidez de las pruebas presentadas y de la disposici\u00f3n de ambos pa\u00edses para colaborar en el \u00e1mbito judicial.<\/p>\n\n\n\n<h3 class=\"wp-block-heading\">Repercusiones en la pol\u00edtica interna mexicana<\/h3>\n\n\n\n<p>El caso tiene el potencial de generar un fuerte impacto en la pol\u00edtica interna de M\u00e9xico. La oposici\u00f3n podr\u00eda utilizar la acusaci\u00f3n como un elemento de presi\u00f3n contra el gobierno, mientras que el oficialismo deber\u00e1 gestionar las implicaciones del proceso en medio de un contexto pol\u00edtico complejo.<\/p>\n\n\n\n<h3 class=\"wp-block-heading\">Una investigaci\u00f3n en etapa inicial con alto impacto<\/h3>\n\n\n\n<p>A pesar de la gravedad de las acusaciones, el proceso se encuentra en una fase inicial. Las autoridades deber\u00e1n presentar pruebas contundentes para sostener los cargos, lo que implica que el caso podr\u00eda prolongarse durante meses o incluso a\u00f1os antes de llegar a una resoluci\u00f3n.<\/p>\n\n\n\n<h3 class=\"wp-block-heading\">Un caso que reabre el debate sobre crimen y poder<\/h3>\n\n\n\n<p>M\u00e1s all\u00e1 de las responsabilidades individuales, este caso vuelve a poner en el centro del debate la relaci\u00f3n entre estructuras del poder pol\u00edtico y organizaciones criminales en M\u00e9xico. Se trata de un tema recurrente en la agenda p\u00fablica que, una vez m\u00e1s, adquiere relevancia a partir de una acusaci\u00f3n de alcance internacional.<\/p>\n\n\n\n<h3 class=\"wp-block-heading\">EE.UU. solicita detenciones con fines de extradici\u00f3n y abre un nuevo frente diplom\u00e1tico<\/h3>\n\n\n\n<p>Tras la presentaci\u00f3n formal de los cargos en territorio estadounidense, el caso dio un giro adicional cuando el gobierno de Estados Unidos solicit\u00f3 a M\u00e9xico la detenci\u00f3n provisional con fines de extradici\u00f3n de varias personas vinculadas a la investigaci\u00f3n. La petici\u00f3n fue confirmada por la Canciller\u00eda mexicana, que indic\u00f3 haber recibido la solicitud en horas de la tarde del martes, lo que a\u00f1adi\u00f3 un componente diplom\u00e1tico a un proceso que ya ten\u00eda implicaciones judiciales y pol\u00edticas de alto nivel.<\/p>\n\n\n\n<h3 class=\"wp-block-heading\">M\u00e9xico cuestiona la falta de pruebas en la solicitud<\/h3>\n\n\n\n<p>En su respuesta oficial, la Canciller\u00eda se\u00f1al\u00f3 que la petici\u00f3n no estar\u00eda acompa\u00f1ada de elementos probatorios suficientes que permitan determinar la responsabilidad de las personas incluidas en la solicitud. Este punto resulta clave dentro del sistema jur\u00eddico mexicano, ya que cualquier medida de detenci\u00f3n con fines de extradici\u00f3n debe sustentarse en pruebas claras que justifiquen la acci\u00f3n. La ausencia de estos elementos, seg\u00fan el gobierno mexicano, limita la posibilidad de actuar de manera inmediata.<\/p>\n\n\n\n<h3 class=\"wp-block-heading\">La Fiscal\u00eda mexicana tendr\u00e1 la decisi\u00f3n final<\/h3>\n\n\n\n<p>A pesar de las reservas expresadas, las autoridades mexicanas dejaron claro que el procedimiento seguir\u00e1 su curso institucional. Ser\u00e1 la Fiscal\u00eda General de la Rep\u00fablica la encargada de analizar la solicitud y determinar si existen bases legales para avanzar en las detenciones provisionales. Este proceso implica una revisi\u00f3n detallada de la informaci\u00f3n enviada por Estados Unidos, as\u00ed como su compatibilidad con las leyes mexicanas en materia de extradici\u00f3n.<\/p>\n\n\n\n<h3 class=\"wp-block-heading\">Un proceso sujeto a los tiempos del sistema judicial<\/h3>\n\n\n\n<p>El an\u00e1lisis de la Fiscal\u00eda no solo evaluar\u00e1 la existencia de pruebas, sino tambi\u00e9n la viabilidad jur\u00eddica de ejecutar las solicitudes dentro del marco legal mexicano. Esto significa que el proceso podr\u00eda tomar tiempo y no necesariamente derivar en acciones inmediatas, lo que introduce un elemento de incertidumbre sobre los pr\u00f3ximos pasos del caso y su desarrollo en ambos pa\u00edses.<\/p>\n\n\n\n<h3 class=\"wp-block-heading\">Reclamo diplom\u00e1tico por la forma en que se hizo p\u00fablica la solicitud<\/h3>\n\n\n\n<p>Adem\u00e1s de los cuestionamientos t\u00e9cnicos, la Canciller\u00eda mexicana expres\u00f3 inconformidad por la manera en que la solicitud de extradici\u00f3n fue dada a conocer p\u00fablicamente por las autoridades estadounidenses. El gobierno indic\u00f3 que enviar\u00e1 un \u201cextra\u00f1amiento\u201d a la Embajada de Estados Unidos, se\u00f1alando que este tipo de procedimientos suelen manejarse a trav\u00e9s de canales diplom\u00e1ticos reservados antes de hacerse p\u00fablicos.<\/p>\n\n\n\n<h3 class=\"wp-block-heading\">Un nuevo foco de tensi\u00f3n entre M\u00e9xico y Estados Unidos<\/h3>\n\n\n\n<p>Este episodio introduce un componente adicional de tensi\u00f3n en la relaci\u00f3n bilateral, al combinar un proceso judicial de alto perfil con diferencias en la forma en que se gestionan las comunicaciones oficiales entre ambos pa\u00edses. La manera en que avance este intercambio ser\u00e1 determinante no solo para el caso en cuesti\u00f3n, sino tambi\u00e9n para la cooperaci\u00f3n futura en temas de seguridad y justicia.<\/p>\n\n\n\n<p><\/p>\n\n\n\n<figure class=\"wp-block-embed is-type-rich is-provider-twitter wp-block-embed-twitter\"><div class=\"wp-block-embed__wrapper\">\n<blockquote class=\"twitter-tweet\" data-width=\"550\" data-dnt=\"true\"><p lang=\"es\" dir=\"ltr\">La Canciller\u00eda se\u00f1al\u00f3 que recibi\u00f3 la petici\u00f3n de la Embajada de EE. UU. para extraditar al gobernador de Sinaloa, Rub\u00e9n Rocha; afirm\u00f3 que turn\u00f3 la petici\u00f3n a la FGR. <a href=\"https:\/\/twitter.com\/hashtag\/ALasTres?src=hash&amp;ref_src=twsrc%5Etfw\">#ALasTres<\/a> con <a href=\"https:\/\/twitter.com\/noeliajmz?ref_src=twsrc%5Etfw\">@noeliajmz<\/a> | <a href=\"https:\/\/twitter.com\/hashtag\/nm%C3%A1sforo?src=hash&amp;ref_src=twsrc%5Etfw\">#nm\u00e1sforo<\/a> | <a href=\"https:\/\/twitter.com\/hashtag\/SiempreEnVivo?src=hash&amp;ref_src=twsrc%5Etfw\">#SiempreEnVivo<\/a> | <a href=\"https:\/\/twitter.com\/hashtag\/SiempreContigo?src=hash&amp;ref_src=twsrc%5Etfw\">#SiempreContigo<\/a> | Sigue la se\u00f1al en vivo por\u2026 <a href=\"https:\/\/t.co\/fWf8AiUMw9\">pic.twitter.com\/fWf8AiUMw9<\/a><\/p>&mdash; N+ FORO (@nmasforo) <a href=\"https:\/\/twitter.com\/nmasforo\/status\/2049617920440021214?ref_src=twsrc%5Etfw\">April 29, 2026<\/a><\/blockquote><script async src=\"https:\/\/platform.twitter.com\/widgets.js\" charset=\"utf-8\"><\/script>\n<\/div><\/figure>\n\n\n\n<p>S\u00edguenos en nuestra pagina de Facebook para mas noticias dale clik&nbsp;<a href=\"https:\/\/www.facebook.com\/profile.php?id=61569739743679\" target=\"_blank\" rel=\"noreferrer noopener\">aca<\/a><\/p>\n\n\n\n<p class=\"has-text-align-center has-vivid-red-color has-text-color has-link-color wp-elements-98dc736d1115480823fa87554f210834\"><strong>\u00a1LA REGION NOTICIA INFORMACION COMO DEBE SER!<\/strong><\/p>\n","protected":false},"excerpt":{"rendered":"<p>Acusaci\u00f3n federal en Estados Unidos abre un frente judicial y pol\u00edtico de alto impacto Un gobernador en funciones se\u00f1alado por la justicia estadounidense El gobernador del estado mexicano de Sinaloa,&hellip; <\/p>\n","protected":false},"author":1,"featured_media":3805,"comment_status":"closed","ping_status":"open","sticky":false,"template":"","format":"standard","meta":{"footnotes":""},"categories":[1],"tags":[],"class_list":["post-3804","post","type-post","status-publish","format-standard","has-post-thumbnail","hentry","category-internacional"],"yoast_head":"<!-- This site is optimized with the Yoast SEO plugin v27.5 - https:\/\/yoast.com\/product\/yoast-seo-wordpress\/ -->\n<title>\ud83c\uddfa\ud83c\uddf8 EE.UU. acusa al gobernador de Sinaloa de colaborar con \u201cLos Chapitos\u201d en un caso que sacude la pol\u00edtica mexicana - La Regi\u00f3n Noticia<\/title>\n<meta name=\"description\" content=\"EE.UU. acusa al gobernador de Sinaloa por narcotr\u00e1fico y v\u00ednculos con \u201cLos Chapitos\u201d, en un caso que sacude la pol\u00edtica mexicana.\" \/>\n<meta name=\"robots\" content=\"index, follow, max-snippet:-1, max-image-preview:large, max-video-preview:-1\" \/>\n<link rel=\"canonical\" href=\"https:\/\/laregionnoticia.com\/?p=3804\" \/>\n<meta property=\"og:locale\" content=\"es_ES\" \/>\n<meta property=\"og:type\" content=\"article\" \/>\n<meta property=\"og:title\" content=\"\ud83c\uddfa\ud83c\uddf8 EE.UU. acusa al gobernador de Sinaloa de colaborar con \u201cLos Chapitos\u201d en un caso que sacude la pol\u00edtica mexicana - La Regi\u00f3n Noticia\" \/>\n<meta property=\"og:description\" content=\"EE.UU. acusa al gobernador de Sinaloa por narcotr\u00e1fico y v\u00ednculos con \u201cLos Chapitos\u201d, en un caso que sacude la pol\u00edtica mexicana.\" \/>\n<meta property=\"og:url\" content=\"https:\/\/laregionnoticia.com\/?p=3804\" \/>\n<meta property=\"og:site_name\" content=\"La Regi\u00f3n Noticia\" \/>\n<meta property=\"article:publisher\" content=\"https:\/\/www.facebook.com\/profile.php?id=61566329187948&amp;mibextid=ZbWKwL\" \/>\n<meta property=\"article:published_time\" content=\"2026-04-30T02:58:20+00:00\" \/>\n<meta property=\"og:image\" content=\"https:\/\/laregionnoticia.com\/wp-content\/uploads\/2026\/04\/gober-sina.webp\" \/>\n\t<meta property=\"og:image:width\" content=\"1200\" \/>\n\t<meta property=\"og:image:height\" content=\"800\" \/>\n\t<meta property=\"og:image:type\" content=\"image\/webp\" \/>\n<meta name=\"author\" content=\"Redacci\u00f3n Digital La Regi\u00f3n\" \/>\n<meta name=\"twitter:card\" content=\"summary_large_image\" \/>\n<meta name=\"twitter:label1\" content=\"Escrito por\" \/>\n\t<meta name=\"twitter:data1\" content=\"Redacci\u00f3n Digital La Regi\u00f3n\" \/>\n\t<meta name=\"twitter:label2\" content=\"Tiempo de lectura\" \/>\n\t<meta name=\"twitter:data2\" content=\"9 minutos\" \/>\n<script type=\"application\/ld+json\" class=\"yoast-schema-graph\">{\"@context\":\"https:\\\/\\\/schema.org\",\"@graph\":[{\"@type\":\"Article\",\"@id\":\"https:\\\/\\\/laregionnoticia.com\\\/?p=3804#article\",\"isPartOf\":{\"@id\":\"https:\\\/\\\/laregionnoticia.com\\\/?p=3804\"},\"author\":{\"name\":\"Redacci\u00f3n Digital La Regi\u00f3n\",\"@id\":\"https:\\\/\\\/laregionnoticia.com\\\/#\\\/schema\\\/person\\\/5586c3a3653961e30e847de6e9b4db0c\"},\"headline\":\"\ud83c\uddfa\ud83c\uddf8 EE.UU. acusa al gobernador de Sinaloa de colaborar con \u201cLos Chapitos\u201d en un caso que sacude la pol\u00edtica mexicana\",\"datePublished\":\"2026-04-30T02:58:20+00:00\",\"mainEntityOfPage\":{\"@id\":\"https:\\\/\\\/laregionnoticia.com\\\/?p=3804\"},\"wordCount\":1964,\"publisher\":{\"@id\":\"https:\\\/\\\/laregionnoticia.com\\\/#organization\"},\"image\":{\"@id\":\"https:\\\/\\\/laregionnoticia.com\\\/?p=3804#primaryimage\"},\"thumbnailUrl\":\"https:\\\/\\\/laregionnoticia.com\\\/wp-content\\\/uploads\\\/2026\\\/04\\\/gober-sina.webp\",\"articleSection\":[\"Internacional\"],\"inLanguage\":\"es-CO\"},{\"@type\":\"WebPage\",\"@id\":\"https:\\\/\\\/laregionnoticia.com\\\/?p=3804\",\"url\":\"https:\\\/\\\/laregionnoticia.com\\\/?p=3804\",\"name\":\"\ud83c\uddfa\ud83c\uddf8 EE.UU. acusa al gobernador de Sinaloa de colaborar con \u201cLos Chapitos\u201d en un caso que sacude la pol\u00edtica mexicana - La Regi\u00f3n Noticia\",\"isPartOf\":{\"@id\":\"https:\\\/\\\/laregionnoticia.com\\\/#website\"},\"primaryImageOfPage\":{\"@id\":\"https:\\\/\\\/laregionnoticia.com\\\/?p=3804#primaryimage\"},\"image\":{\"@id\":\"https:\\\/\\\/laregionnoticia.com\\\/?p=3804#primaryimage\"},\"thumbnailUrl\":\"https:\\\/\\\/laregionnoticia.com\\\/wp-content\\\/uploads\\\/2026\\\/04\\\/gober-sina.webp\",\"datePublished\":\"2026-04-30T02:58:20+00:00\",\"description\":\"EE.UU. acusa al gobernador de Sinaloa por narcotr\u00e1fico y v\u00ednculos con \u201cLos Chapitos\u201d, en un caso que sacude la pol\u00edtica mexicana.\",\"breadcrumb\":{\"@id\":\"https:\\\/\\\/laregionnoticia.com\\\/?p=3804#breadcrumb\"},\"inLanguage\":\"es-CO\",\"potentialAction\":[{\"@type\":\"ReadAction\",\"target\":[\"https:\\\/\\\/laregionnoticia.com\\\/?p=3804\"]}]},{\"@type\":\"ImageObject\",\"inLanguage\":\"es-CO\",\"@id\":\"https:\\\/\\\/laregionnoticia.com\\\/?p=3804#primaryimage\",\"url\":\"https:\\\/\\\/laregionnoticia.com\\\/wp-content\\\/uploads\\\/2026\\\/04\\\/gober-sina.webp\",\"contentUrl\":\"https:\\\/\\\/laregionnoticia.com\\\/wp-content\\\/uploads\\\/2026\\\/04\\\/gober-sina.webp\",\"width\":1200,\"height\":800},{\"@type\":\"BreadcrumbList\",\"@id\":\"https:\\\/\\\/laregionnoticia.com\\\/?p=3804#breadcrumb\",\"itemListElement\":[{\"@type\":\"ListItem\",\"position\":1,\"name\":\"Inicio\",\"item\":\"https:\\\/\\\/laregionnoticia.com\\\/\"},{\"@type\":\"ListItem\",\"position\":2,\"name\":\"\ud83c\uddfa\ud83c\uddf8 EE.UU. acusa al gobernador de Sinaloa de colaborar con \u201cLos Chapitos\u201d en un caso que sacude la pol\u00edtica mexicana\"}]},{\"@type\":\"WebSite\",\"@id\":\"https:\\\/\\\/laregionnoticia.com\\\/#website\",\"url\":\"https:\\\/\\\/laregionnoticia.com\\\/\",\"name\":\"La Regi\u00f3n Noticia\",\"description\":\"Porque nuestro compromiso es la informaci\u00f3n veraz y oportuna\",\"publisher\":{\"@id\":\"https:\\\/\\\/laregionnoticia.com\\\/#organization\"},\"potentialAction\":[{\"@type\":\"SearchAction\",\"target\":{\"@type\":\"EntryPoint\",\"urlTemplate\":\"https:\\\/\\\/laregionnoticia.com\\\/?s={search_term_string}\"},\"query-input\":{\"@type\":\"PropertyValueSpecification\",\"valueRequired\":true,\"valueName\":\"search_term_string\"}}],\"inLanguage\":\"es-CO\"},{\"@type\":\"Organization\",\"@id\":\"https:\\\/\\\/laregionnoticia.com\\\/#organization\",\"name\":\"La Regi\u00f3n Noticia\",\"url\":\"https:\\\/\\\/laregionnoticia.com\\\/\",\"logo\":{\"@type\":\"ImageObject\",\"inLanguage\":\"es-CO\",\"@id\":\"https:\\\/\\\/laregionnoticia.com\\\/#\\\/schema\\\/logo\\\/image\\\/\",\"url\":\"https:\\\/\\\/laregionnoticia.com\\\/wp-content\\\/uploads\\\/2026\\\/04\\\/logo-nuevo-LRN.jpeg\",\"contentUrl\":\"https:\\\/\\\/laregionnoticia.com\\\/wp-content\\\/uploads\\\/2026\\\/04\\\/logo-nuevo-LRN.jpeg\",\"width\":1024,\"height\":1024,\"caption\":\"La Regi\u00f3n Noticia\"},\"image\":{\"@id\":\"https:\\\/\\\/laregionnoticia.com\\\/#\\\/schema\\\/logo\\\/image\\\/\"},\"sameAs\":[\"https:\\\/\\\/www.facebook.com\\\/profile.php?id=61566329187948&mibextid=ZbWKwL\"]},{\"@type\":\"Person\",\"@id\":\"https:\\\/\\\/laregionnoticia.com\\\/#\\\/schema\\\/person\\\/5586c3a3653961e30e847de6e9b4db0c\",\"name\":\"Redacci\u00f3n Digital La Regi\u00f3n\",\"image\":{\"@type\":\"ImageObject\",\"inLanguage\":\"es-CO\",\"@id\":\"https:\\\/\\\/secure.gravatar.com\\\/avatar\\\/9b5f9df140c465a9462bbbe6f15e20d3c36ce881a9632c520e1a0c34017037a0?s=96&d=mm&r=g\",\"url\":\"https:\\\/\\\/secure.gravatar.com\\\/avatar\\\/9b5f9df140c465a9462bbbe6f15e20d3c36ce881a9632c520e1a0c34017037a0?s=96&d=mm&r=g\",\"contentUrl\":\"https:\\\/\\\/secure.gravatar.com\\\/avatar\\\/9b5f9df140c465a9462bbbe6f15e20d3c36ce881a9632c520e1a0c34017037a0?s=96&d=mm&r=g\",\"caption\":\"Redacci\u00f3n Digital La Regi\u00f3n\"},\"sameAs\":[\"http:\\\/\\\/laregionnoticia.com\"],\"url\":\"https:\\\/\\\/laregionnoticia.com\\\/?author=1\"}]}<\/script>\n<!-- \/ Yoast SEO plugin. -->","yoast_head_json":{"title":"\ud83c\uddfa\ud83c\uddf8 EE.UU. acusa al gobernador de Sinaloa de colaborar con \u201cLos Chapitos\u201d en un caso que sacude la pol\u00edtica mexicana - La Regi\u00f3n Noticia","description":"EE.UU. acusa al gobernador de Sinaloa por narcotr\u00e1fico y v\u00ednculos con \u201cLos Chapitos\u201d, en un caso que sacude la pol\u00edtica mexicana.","robots":{"index":"index","follow":"follow","max-snippet":"max-snippet:-1","max-image-preview":"max-image-preview:large","max-video-preview":"max-video-preview:-1"},"canonical":"https:\/\/laregionnoticia.com\/?p=3804","og_locale":"es_ES","og_type":"article","og_title":"\ud83c\uddfa\ud83c\uddf8 EE.UU. acusa al gobernador de Sinaloa de colaborar con \u201cLos Chapitos\u201d en un caso que sacude la pol\u00edtica mexicana - La Regi\u00f3n Noticia","og_description":"EE.UU. acusa al gobernador de Sinaloa por narcotr\u00e1fico y v\u00ednculos con \u201cLos Chapitos\u201d, en un caso que sacude la pol\u00edtica mexicana.","og_url":"https:\/\/laregionnoticia.com\/?p=3804","og_site_name":"La Regi\u00f3n Noticia","article_publisher":"https:\/\/www.facebook.com\/profile.php?id=61566329187948&mibextid=ZbWKwL","article_published_time":"2026-04-30T02:58:20+00:00","og_image":[{"width":1200,"height":800,"url":"https:\/\/laregionnoticia.com\/wp-content\/uploads\/2026\/04\/gober-sina.webp","type":"image\/webp"}],"author":"Redacci\u00f3n Digital La Regi\u00f3n","twitter_card":"summary_large_image","twitter_misc":{"Escrito por":"Redacci\u00f3n Digital La Regi\u00f3n","Tiempo de lectura":"9 minutos"},"schema":{"@context":"https:\/\/schema.org","@graph":[{"@type":"Article","@id":"https:\/\/laregionnoticia.com\/?p=3804#article","isPartOf":{"@id":"https:\/\/laregionnoticia.com\/?p=3804"},"author":{"name":"Redacci\u00f3n Digital La Regi\u00f3n","@id":"https:\/\/laregionnoticia.com\/#\/schema\/person\/5586c3a3653961e30e847de6e9b4db0c"},"headline":"\ud83c\uddfa\ud83c\uddf8 EE.UU. acusa al gobernador de Sinaloa de colaborar con \u201cLos Chapitos\u201d en un caso que sacude la pol\u00edtica mexicana","datePublished":"2026-04-30T02:58:20+00:00","mainEntityOfPage":{"@id":"https:\/\/laregionnoticia.com\/?p=3804"},"wordCount":1964,"publisher":{"@id":"https:\/\/laregionnoticia.com\/#organization"},"image":{"@id":"https:\/\/laregionnoticia.com\/?p=3804#primaryimage"},"thumbnailUrl":"https:\/\/laregionnoticia.com\/wp-content\/uploads\/2026\/04\/gober-sina.webp","articleSection":["Internacional"],"inLanguage":"es-CO"},{"@type":"WebPage","@id":"https:\/\/laregionnoticia.com\/?p=3804","url":"https:\/\/laregionnoticia.com\/?p=3804","name":"\ud83c\uddfa\ud83c\uddf8 EE.UU. acusa al gobernador de Sinaloa de colaborar con \u201cLos Chapitos\u201d en un caso que sacude la pol\u00edtica mexicana - La Regi\u00f3n Noticia","isPartOf":{"@id":"https:\/\/laregionnoticia.com\/#website"},"primaryImageOfPage":{"@id":"https:\/\/laregionnoticia.com\/?p=3804#primaryimage"},"image":{"@id":"https:\/\/laregionnoticia.com\/?p=3804#primaryimage"},"thumbnailUrl":"https:\/\/laregionnoticia.com\/wp-content\/uploads\/2026\/04\/gober-sina.webp","datePublished":"2026-04-30T02:58:20+00:00","description":"EE.UU. acusa al gobernador de Sinaloa por narcotr\u00e1fico y v\u00ednculos con \u201cLos Chapitos\u201d, en un caso que sacude la pol\u00edtica mexicana.","breadcrumb":{"@id":"https:\/\/laregionnoticia.com\/?p=3804#breadcrumb"},"inLanguage":"es-CO","potentialAction":[{"@type":"ReadAction","target":["https:\/\/laregionnoticia.com\/?p=3804"]}]},{"@type":"ImageObject","inLanguage":"es-CO","@id":"https:\/\/laregionnoticia.com\/?p=3804#primaryimage","url":"https:\/\/laregionnoticia.com\/wp-content\/uploads\/2026\/04\/gober-sina.webp","contentUrl":"https:\/\/laregionnoticia.com\/wp-content\/uploads\/2026\/04\/gober-sina.webp","width":1200,"height":800},{"@type":"BreadcrumbList","@id":"https:\/\/laregionnoticia.com\/?p=3804#breadcrumb","itemListElement":[{"@type":"ListItem","position":1,"name":"Inicio","item":"https:\/\/laregionnoticia.com\/"},{"@type":"ListItem","position":2,"name":"\ud83c\uddfa\ud83c\uddf8 EE.UU. acusa al gobernador de Sinaloa de colaborar con \u201cLos Chapitos\u201d en un caso que sacude la pol\u00edtica mexicana"}]},{"@type":"WebSite","@id":"https:\/\/laregionnoticia.com\/#website","url":"https:\/\/laregionnoticia.com\/","name":"La Regi\u00f3n Noticia","description":"Porque nuestro compromiso es la informaci\u00f3n veraz y oportuna","publisher":{"@id":"https:\/\/laregionnoticia.com\/#organization"},"potentialAction":[{"@type":"SearchAction","target":{"@type":"EntryPoint","urlTemplate":"https:\/\/laregionnoticia.com\/?s={search_term_string}"},"query-input":{"@type":"PropertyValueSpecification","valueRequired":true,"valueName":"search_term_string"}}],"inLanguage":"es-CO"},{"@type":"Organization","@id":"https:\/\/laregionnoticia.com\/#organization","name":"La Regi\u00f3n Noticia","url":"https:\/\/laregionnoticia.com\/","logo":{"@type":"ImageObject","inLanguage":"es-CO","@id":"https:\/\/laregionnoticia.com\/#\/schema\/logo\/image\/","url":"https:\/\/laregionnoticia.com\/wp-content\/uploads\/2026\/04\/logo-nuevo-LRN.jpeg","contentUrl":"https:\/\/laregionnoticia.com\/wp-content\/uploads\/2026\/04\/logo-nuevo-LRN.jpeg","width":1024,"height":1024,"caption":"La Regi\u00f3n Noticia"},"image":{"@id":"https:\/\/laregionnoticia.com\/#\/schema\/logo\/image\/"},"sameAs":["https:\/\/www.facebook.com\/profile.php?id=61566329187948&mibextid=ZbWKwL"]},{"@type":"Person","@id":"https:\/\/laregionnoticia.com\/#\/schema\/person\/5586c3a3653961e30e847de6e9b4db0c","name":"Redacci\u00f3n Digital La Regi\u00f3n","image":{"@type":"ImageObject","inLanguage":"es-CO","@id":"https:\/\/secure.gravatar.com\/avatar\/9b5f9df140c465a9462bbbe6f15e20d3c36ce881a9632c520e1a0c34017037a0?s=96&d=mm&r=g","url":"https:\/\/secure.gravatar.com\/avatar\/9b5f9df140c465a9462bbbe6f15e20d3c36ce881a9632c520e1a0c34017037a0?s=96&d=mm&r=g","contentUrl":"https:\/\/secure.gravatar.com\/avatar\/9b5f9df140c465a9462bbbe6f15e20d3c36ce881a9632c520e1a0c34017037a0?s=96&d=mm&r=g","caption":"Redacci\u00f3n Digital La Regi\u00f3n"},"sameAs":["http:\/\/laregionnoticia.com"],"url":"https:\/\/laregionnoticia.com\/?author=1"}]}},"_links":{"self":[{"href":"https:\/\/laregionnoticia.com\/index.php?rest_route=\/wp\/v2\/posts\/3804","targetHints":{"allow":["GET"]}}],"collection":[{"href":"https:\/\/laregionnoticia.com\/index.php?rest_route=\/wp\/v2\/posts"}],"about":[{"href":"https:\/\/laregionnoticia.com\/index.php?rest_route=\/wp\/v2\/types\/post"}],"author":[{"embeddable":true,"href":"https:\/\/laregionnoticia.com\/index.php?rest_route=\/wp\/v2\/users\/1"}],"replies":[{"embeddable":true,"href":"https:\/\/laregionnoticia.com\/index.php?rest_route=%2Fwp%2Fv2%2Fcomments&post=3804"}],"version-history":[{"count":1,"href":"https:\/\/laregionnoticia.com\/index.php?rest_route=\/wp\/v2\/posts\/3804\/revisions"}],"predecessor-version":[{"id":3807,"href":"https:\/\/laregionnoticia.com\/index.php?rest_route=\/wp\/v2\/posts\/3804\/revisions\/3807"}],"wp:featuredmedia":[{"embeddable":true,"href":"https:\/\/laregionnoticia.com\/index.php?rest_route=\/wp\/v2\/media\/3805"}],"wp:attachment":[{"href":"https:\/\/laregionnoticia.com\/index.php?rest_route=%2Fwp%2Fv2%2Fmedia&parent=3804"}],"wp:term":[{"taxonomy":"category","embeddable":true,"href":"https:\/\/laregionnoticia.com\/index.php?rest_route=%2Fwp%2Fv2%2Fcategories&post=3804"},{"taxonomy":"post_tag","embeddable":true,"href":"https:\/\/laregionnoticia.com\/index.php?rest_route=%2Fwp%2Fv2%2Ftags&post=3804"}],"curies":[{"name":"wp","href":"https:\/\/api.w.org\/{rel}","templated":true}]}}