{"id":3808,"date":"2026-04-29T22:46:24","date_gmt":"2026-04-30T03:46:24","guid":{"rendered":"https:\/\/laregionnoticia.com\/?p=3808"},"modified":"2026-04-29T22:49:22","modified_gmt":"2026-04-30T03:49:22","slug":"periodista-denuncia-acoso-caracol-colombia","status":"publish","type":"post","link":"https:\/\/laregionnoticia.com\/?p=3808","title":{"rendered":"\ud83c\udde8\ud83c\uddf4 Video: Periodista Paola Vargas denuncia presunto acoso de Ricardo Orrego en Caracol Televisi\u00f3n y se\u00f1ala silencio de su jefa: \u201cElla no hizo nada\u201d"},"content":{"rendered":"\n<h2 class=\"wp-block-heading\">La comunicadora relat\u00f3 en un p\u00f3dcast el episodio que, seg\u00fan su testimonio, vivi\u00f3 dentro del canal y cuestion\u00f3 la falta de respuesta institucional tras haberlo reportado internamente<\/h2>\n\n\n\n<figure class=\"wp-block-image size-full\"><img loading=\"lazy\" decoding=\"async\" width=\"1024\" height=\"512\" src=\"https:\/\/laregionnoticia.com\/wp-content\/uploads\/2026\/04\/pao-ricar-2.jpg\" alt=\"\" class=\"wp-image-3809\" srcset=\"https:\/\/laregionnoticia.com\/wp-content\/uploads\/2026\/04\/pao-ricar-2.jpg 1024w, https:\/\/laregionnoticia.com\/wp-content\/uploads\/2026\/04\/pao-ricar-2-300x150.jpg 300w, https:\/\/laregionnoticia.com\/wp-content\/uploads\/2026\/04\/pao-ricar-2-768x384.jpg 768w\" sizes=\"auto, (max-width: 1024px) 100vw, 1024px\" \/><\/figure>\n\n\n\n<h3 class=\"wp-block-heading\">Un testimonio que rompe a\u00f1os de silencio en el periodismo colombiano<\/h3>\n\n\n\n<p>La periodista Paola Vargas decidi\u00f3 hacer p\u00fablico un episodio que, seg\u00fan su relato, marc\u00f3 su vida profesional y personal durante su paso por Caracol Televisi\u00f3n. La denuncia, revelada en el p\u00f3dcast Vamos pa\u2019 eso, no solo revive un hecho ocurrido a\u00f1os atr\u00e1s, sino que tambi\u00e9n pone en el centro del debate la dificultad que enfrentan muchas mujeres para denunciar situaciones de acoso dentro de entornos laborales.<\/p>\n\n\n\n<p>M\u00e1s all\u00e1 del caso puntual, su testimonio ha sido interpretado como un acto de exposici\u00f3n personal que implica riesgos profesionales y sociales, especialmente en una industria donde hist\u00f3ricamente han existido jerarqu\u00edas fuertes y relaciones de poder marcadas.<\/p>\n\n\n\n<h3 class=\"wp-block-heading\">El relato de los hechos seg\u00fan la denunciante<\/h3>\n\n\n\n<p>De acuerdo con lo narrado por la periodista, el episodio habr\u00eda ocurrido en 2012, dentro de las instalaciones del canal, espec\u00edficamente en una sala de edici\u00f3n. Seg\u00fan su versi\u00f3n, mientras se encontraba trabajando, una persona se acerc\u00f3 por detr\u00e1s e inici\u00f3 un contacto f\u00edsico que ella describe como no consentido.<\/p>\n\n\n\n<p>En su testimonio, se\u00f1al\u00f3 directamente a Ricardo Orrego como el presunto responsable de ese comportamiento. La periodista afirm\u00f3 que la situaci\u00f3n la tom\u00f3 por sorpresa y que reaccion\u00f3 de inmediato, confrontando lo ocurrido en ese mismo momento.<\/p>\n\n\n\n<h3 class=\"wp-block-heading\">La importancia de nombrar al presunto agresor<\/h3>\n\n\n\n<p>Uno de los elementos m\u00e1s relevantes de la denuncia es que la periodista decidi\u00f3 mencionar el nombre de la persona a la que se\u00f1ala. En contextos como este, dar identidad al presunto agresor suele implicar una carga significativa, tanto en t\u00e9rminos legales como personales.<\/p>\n\n\n\n<p>Este tipo de decisiones suelen interpretarse como un intento de visibilizar situaciones que, seg\u00fan m\u00faltiples testimonios en distintos sectores, han permanecido ocultas durante a\u00f1os. En este caso, el se\u00f1alamiento directo ha intensificado el debate p\u00fablico y ha generado reacciones divididas.<\/p>\n\n\n\n<h3 class=\"wp-block-heading\">La denuncia interna que, seg\u00fan su relato, no tuvo respuesta<\/h3>\n\n\n\n<p>Uno de los aspectos m\u00e1s delicados del testimonio es que la periodista asegura haber informado lo ocurrido a su jefa inmediata dentro del canal. Seg\u00fan su versi\u00f3n, busc\u00f3 apoyo institucional tras el episodio, esperando una reacci\u00f3n que permitiera abordar la situaci\u00f3n.<\/p>\n\n\n\n<p>Sin embargo, afirma que no recibi\u00f3 una respuesta efectiva ni medidas concretas frente a lo denunciado. Este punto resulta central en su relato, ya que evidencia lo que describe como una falta de acci\u00f3n dentro de la estructura laboral, lo que habr\u00eda influido en su decisi\u00f3n de no escalar el caso p\u00fablicamente en ese momento.<\/p>\n\n\n\n<h3 class=\"wp-block-heading\">Se\u00f1alamientos de inacci\u00f3n por parte de su jefa inmediata<\/h3>\n\n\n\n<p>Uno de los puntos m\u00e1s sensibles del testimonio de Paola Vargas es su afirmaci\u00f3n de que, tras el episodio, decidi\u00f3 acudir a su jefa inmediata dentro de Caracol Televisi\u00f3n para informar lo ocurrido y buscar respaldo institucional. Seg\u00fan su relato, lo hizo en un contexto de vulnerabilidad, esperando que la situaci\u00f3n fuera atendida con la seriedad que ameritaba.<\/p>\n\n\n\n<p>Sin embargo, la periodista asegur\u00f3 que no recibi\u00f3 una respuesta efectiva ni acciones concretas frente a su denuncia interna. En el p\u00f3dcast Vamos pa\u2019 eso, manifest\u00f3 que la reacci\u00f3n de su superior fue insuficiente, resumida en una frase que ha generado amplio debate p\u00fablico: \u201cella no hizo nada\u201d. Esta afirmaci\u00f3n ha sido interpretada como una se\u00f1al de lo que la comunicadora considera una falta de acompa\u00f1amiento dentro de la estructura laboral.<\/p>\n\n\n\n<p>El se\u00f1alamiento no solo pone el foco en el hecho denunciado, sino tambi\u00e9n en el manejo institucional de este tipo de situaciones. La ausencia de una respuesta, seg\u00fan lo expuesto por Vargas, habr\u00eda influido en su decisi\u00f3n de no escalar el caso en ese momento, reflejando las dificultades que enfrentan algunas personas al denunciar hechos de esta naturaleza en entornos profesionales.<\/p>\n\n\n\n<h3 class=\"wp-block-heading\">El silencio como barrera en las denuncias de acoso<\/h3>\n\n\n\n<p>El caso pone en evidencia un fen\u00f3meno recurrente en distintos sectores laborales: el silencio institucional o la falta de mecanismos claros para atender denuncias de este tipo. De acuerdo con m\u00faltiples estudios y testimonios, muchas personas optan por no denunciar formalmente por temor a represalias, p\u00e9rdida de oportunidades o falta de respaldo.<\/p>\n\n\n\n<p>En ese contexto, el relato de la periodista se suma a una conversaci\u00f3n m\u00e1s amplia sobre las condiciones que enfrentan las mujeres al momento de denunciar situaciones de acoso, especialmente en entornos altamente competitivos.<\/p>\n\n\n\n<h3 class=\"wp-block-heading\">El impacto emocional y profesional de este tipo de experiencias<\/h3>\n\n\n\n<p>Aunque el testimonio se centra en un hecho puntual, tambi\u00e9n deja entrever las consecuencias que este tipo de situaciones pueden tener a largo plazo. La periodista ha se\u00f1alado que el episodio tuvo un impacto significativo en su percepci\u00f3n del entorno laboral y en su desarrollo profesional.<\/p>\n\n\n\n<p>Este tipo de experiencias, seg\u00fan expertos en temas de acoso laboral, pueden generar efectos que van desde ansiedad y desconfianza hasta decisiones de cambio de carrera o abandono de espacios laborales.<\/p>\n\n\n\n<h3 class=\"wp-block-heading\">Un caso que se suma a otros se\u00f1alamientos en medios<\/h3>\n\n\n\n<p>La denuncia se produce en un contexto donde han surgido otros testimonios relacionados con presuntas conductas inapropiadas dentro de medios de comunicaci\u00f3n en Colombia. Esto ha llevado a que el tema cobre mayor visibilidad y genere presi\u00f3n sobre las organizaciones para revisar sus protocolos internos.<\/p>\n\n\n\n<p>La acumulaci\u00f3n de casos similares ha sido interpretada por algunos analistas como una se\u00f1al de que existe un problema estructural que va m\u00e1s all\u00e1 de situaciones individuales.<\/p>\n\n\n\n<h3 class=\"wp-block-heading\">Reacciones y debate p\u00fablico tras la denuncia<\/h3>\n\n\n\n<p>Tras hacerse p\u00fablico el testimonio, el caso ha generado un amplio debate en redes sociales y espacios de opini\u00f3n. Mientras algunas personas destacan la valent\u00eda de la periodista por hablar abiertamente, otras piden prudencia y recuerdan la importancia del debido proceso.<\/p>\n\n\n\n<p>Este tipo de reacciones refleja la complejidad de abordar denuncias de acoso en el espacio p\u00fablico, donde confluyen percepciones, emociones y posturas jur\u00eddicas.<\/p>\n\n\n\n<h3 class=\"wp-block-heading\">La necesidad de mecanismos institucionales efectivos<\/h3>\n\n\n\n<p>El caso tambi\u00e9n reabre la discusi\u00f3n sobre la necesidad de que las empresas, especialmente en sectores como los medios de comunicaci\u00f3n, cuenten con canales claros, seguros y efectivos para la recepci\u00f3n y gesti\u00f3n de denuncias.<\/p>\n\n\n\n<p>Expertos se\u00f1alan que la existencia de protocolos no es suficiente si estos no se aplican de manera rigurosa o si no generan confianza en quienes los necesitan.<\/p>\n\n\n\n<h3 class=\"wp-block-heading\">Denunciar como acto de exposici\u00f3n y riesgo<\/h3>\n\n\n\n<p>Hacer p\u00fablica una denuncia de este tipo implica, para muchas personas, exponerse a cuestionamientos, cr\u00edticas y posibles consecuencias legales. A pesar de ello, cada vez m\u00e1s testimonios est\u00e1n saliendo a la luz, lo que ha sido interpretado como un cambio cultural en torno al silencio que hist\u00f3ricamente ha rodeado estos temas.<\/p>\n\n\n\n<p>En ese sentido, el caso de Paola Vargas se inserta en una tendencia m\u00e1s amplia donde las denuncias comienzan a ocupar un lugar central en el debate p\u00fablico.<\/p>\n\n\n\n<h3 class=\"wp-block-heading\">Un caso que trasciende lo individual<\/h3>\n\n\n\n<p>M\u00e1s all\u00e1 de las responsabilidades que eventualmente puedan establecer las autoridades o las partes involucradas, el caso ha puesto nuevamente sobre la mesa una discusi\u00f3n estructural: la relaci\u00f3n entre poder, silencio y denuncia en entornos laborales.<\/p>\n\n\n\n<p>Este tipo de episodios no solo afectan a quienes los viven directamente, sino que tambi\u00e9n influyen en la percepci\u00f3n colectiva sobre la seguridad y confianza dentro de ciertos sectores.<\/p>\n\n\n\n<p>Video p\u00f3dcast VamosPa&#8217;Eso<\/p>\n\n\n\n<figure class=\"wp-block-video\"><video height=\"590\" style=\"aspect-ratio: 1280 \/ 590;\" width=\"1280\" controls src=\"https:\/\/laregionnoticia.com\/wp-content\/uploads\/2026\/04\/denuncia-ricardo-orrego.mp4\"><\/video><\/figure>\n\n\n\n<p>S\u00edguenos en nuestra pagina de Facebook para mas noticias dale clik&nbsp;<a href=\"https:\/\/www.facebook.com\/profile.php?id=61569739743679\" target=\"_blank\" rel=\"noreferrer noopener\">aca<\/a><\/p>\n\n\n\n<p class=\"has-text-align-center has-vivid-red-color has-text-color has-link-color wp-elements-98dc736d1115480823fa87554f210834\"><strong>\u00a1LA REGION NOTICIA INFORMACION COMO DEBE SER!<\/strong><\/p>\n","protected":false},"excerpt":{"rendered":"<p>La comunicadora relat\u00f3 en un p\u00f3dcast el episodio que, seg\u00fan su testimonio, vivi\u00f3 dentro del canal y cuestion\u00f3 la falta de respuesta institucional tras haberlo reportado internamente Un testimonio que&hellip; <\/p>\n","protected":false},"author":1,"featured_media":3810,"comment_status":"closed","ping_status":"open","sticky":false,"template":"","format":"standard","meta":{"footnotes":""},"categories":[3],"tags":[],"class_list":["post-3808","post","type-post","status-publish","format-standard","has-post-thumbnail","hentry","category-nacional"],"yoast_head":"<!-- This site is optimized with the Yoast SEO plugin v27.5 - https:\/\/yoast.com\/product\/yoast-seo-wordpress\/ -->\n<title>\ud83c\udde8\ud83c\uddf4 Video: Periodista Paola Vargas denuncia presunto acoso de Ricardo Orrego en Caracol Televisi\u00f3n y se\u00f1ala silencio de su jefa: \u201cElla no hizo nada\u201d - La Regi\u00f3n Noticia<\/title>\n<meta name=\"description\" content=\"Periodista denuncia presunto acoso en Caracol y se\u00f1ala falta de respuesta interna, reabriendo el debate sobre el silencio en medios.\" \/>\n<meta name=\"robots\" content=\"index, follow, max-snippet:-1, max-image-preview:large, max-video-preview:-1\" \/>\n<link rel=\"canonical\" href=\"https:\/\/laregionnoticia.com\/?p=3808\" \/>\n<meta property=\"og:locale\" content=\"es_ES\" \/>\n<meta property=\"og:type\" content=\"article\" \/>\n<meta property=\"og:title\" content=\"\ud83c\udde8\ud83c\uddf4 Video: Periodista Paola Vargas denuncia presunto acoso de Ricardo Orrego en Caracol Televisi\u00f3n y se\u00f1ala silencio de su jefa: \u201cElla no hizo nada\u201d - La Regi\u00f3n Noticia\" \/>\n<meta property=\"og:description\" content=\"Periodista denuncia presunto acoso en Caracol y se\u00f1ala falta de respuesta interna, reabriendo el debate sobre el silencio en medios.\" \/>\n<meta property=\"og:url\" content=\"https:\/\/laregionnoticia.com\/?p=3808\" \/>\n<meta property=\"og:site_name\" content=\"La Regi\u00f3n Noticia\" \/>\n<meta property=\"article:publisher\" content=\"https:\/\/www.facebook.com\/profile.php?id=61566329187948&amp;mibextid=ZbWKwL\" \/>\n<meta property=\"article:published_time\" content=\"2026-04-30T03:46:24+00:00\" \/>\n<meta property=\"article:modified_time\" content=\"2026-04-30T03:49:22+00:00\" \/>\n<meta property=\"og:image\" content=\"https:\/\/laregionnoticia.com\/wp-content\/uploads\/2026\/04\/pao-ricar-1.jpg\" \/>\n\t<meta property=\"og:image:width\" content=\"780\" \/>\n\t<meta property=\"og:image:height\" content=\"470\" \/>\n\t<meta property=\"og:image:type\" content=\"image\/jpeg\" \/>\n<meta name=\"author\" content=\"Redacci\u00f3n Digital La Regi\u00f3n\" \/>\n<meta name=\"twitter:card\" content=\"summary_large_image\" \/>\n<meta name=\"twitter:label1\" content=\"Escrito por\" \/>\n\t<meta name=\"twitter:data1\" content=\"Redacci\u00f3n Digital La Regi\u00f3n\" \/>\n\t<meta name=\"twitter:label2\" content=\"Tiempo de lectura\" \/>\n\t<meta name=\"twitter:data2\" content=\"6 minutos\" \/>\n<script type=\"application\/ld+json\" class=\"yoast-schema-graph\">{\"@context\":\"https:\\\/\\\/schema.org\",\"@graph\":[{\"@type\":\"Article\",\"@id\":\"https:\\\/\\\/laregionnoticia.com\\\/?p=3808#article\",\"isPartOf\":{\"@id\":\"https:\\\/\\\/laregionnoticia.com\\\/?p=3808\"},\"author\":{\"name\":\"Redacci\u00f3n Digital La Regi\u00f3n\",\"@id\":\"https:\\\/\\\/laregionnoticia.com\\\/#\\\/schema\\\/person\\\/5586c3a3653961e30e847de6e9b4db0c\"},\"headline\":\"\ud83c\udde8\ud83c\uddf4 Video: Periodista Paola Vargas denuncia presunto acoso de Ricardo Orrego en Caracol Televisi\u00f3n y se\u00f1ala silencio de su jefa: \u201cElla no hizo nada\u201d\",\"datePublished\":\"2026-04-30T03:46:24+00:00\",\"dateModified\":\"2026-04-30T03:49:22+00:00\",\"mainEntityOfPage\":{\"@id\":\"https:\\\/\\\/laregionnoticia.com\\\/?p=3808\"},\"wordCount\":1342,\"publisher\":{\"@id\":\"https:\\\/\\\/laregionnoticia.com\\\/#organization\"},\"image\":{\"@id\":\"https:\\\/\\\/laregionnoticia.com\\\/?p=3808#primaryimage\"},\"thumbnailUrl\":\"https:\\\/\\\/laregionnoticia.com\\\/wp-content\\\/uploads\\\/2026\\\/04\\\/pao-ricar-1.jpg\",\"articleSection\":[\"Nacional\"],\"inLanguage\":\"es-CO\"},{\"@type\":\"WebPage\",\"@id\":\"https:\\\/\\\/laregionnoticia.com\\\/?p=3808\",\"url\":\"https:\\\/\\\/laregionnoticia.com\\\/?p=3808\",\"name\":\"\ud83c\udde8\ud83c\uddf4 Video: Periodista Paola Vargas denuncia presunto acoso de Ricardo Orrego en Caracol Televisi\u00f3n y se\u00f1ala silencio de su jefa: \u201cElla no hizo nada\u201d - La Regi\u00f3n Noticia\",\"isPartOf\":{\"@id\":\"https:\\\/\\\/laregionnoticia.com\\\/#website\"},\"primaryImageOfPage\":{\"@id\":\"https:\\\/\\\/laregionnoticia.com\\\/?p=3808#primaryimage\"},\"image\":{\"@id\":\"https:\\\/\\\/laregionnoticia.com\\\/?p=3808#primaryimage\"},\"thumbnailUrl\":\"https:\\\/\\\/laregionnoticia.com\\\/wp-content\\\/uploads\\\/2026\\\/04\\\/pao-ricar-1.jpg\",\"datePublished\":\"2026-04-30T03:46:24+00:00\",\"dateModified\":\"2026-04-30T03:49:22+00:00\",\"description\":\"Periodista denuncia presunto acoso en Caracol y se\u00f1ala falta de respuesta interna, reabriendo el debate sobre el silencio en medios.\",\"breadcrumb\":{\"@id\":\"https:\\\/\\\/laregionnoticia.com\\\/?p=3808#breadcrumb\"},\"inLanguage\":\"es-CO\",\"potentialAction\":[{\"@type\":\"ReadAction\",\"target\":[\"https:\\\/\\\/laregionnoticia.com\\\/?p=3808\"]}]},{\"@type\":\"ImageObject\",\"inLanguage\":\"es-CO\",\"@id\":\"https:\\\/\\\/laregionnoticia.com\\\/?p=3808#primaryimage\",\"url\":\"https:\\\/\\\/laregionnoticia.com\\\/wp-content\\\/uploads\\\/2026\\\/04\\\/pao-ricar-1.jpg\",\"contentUrl\":\"https:\\\/\\\/laregionnoticia.com\\\/wp-content\\\/uploads\\\/2026\\\/04\\\/pao-ricar-1.jpg\",\"width\":780,\"height\":470},{\"@type\":\"BreadcrumbList\",\"@id\":\"https:\\\/\\\/laregionnoticia.com\\\/?p=3808#breadcrumb\",\"itemListElement\":[{\"@type\":\"ListItem\",\"position\":1,\"name\":\"Inicio\",\"item\":\"https:\\\/\\\/laregionnoticia.com\\\/\"},{\"@type\":\"ListItem\",\"position\":2,\"name\":\"\ud83c\udde8\ud83c\uddf4 Video: Periodista Paola Vargas denuncia presunto acoso de Ricardo Orrego en Caracol Televisi\u00f3n y se\u00f1ala silencio de su jefa: \u201cElla no hizo nada\u201d\"}]},{\"@type\":\"WebSite\",\"@id\":\"https:\\\/\\\/laregionnoticia.com\\\/#website\",\"url\":\"https:\\\/\\\/laregionnoticia.com\\\/\",\"name\":\"La Regi\u00f3n Noticia\",\"description\":\"Porque nuestro compromiso es la informaci\u00f3n veraz y oportuna\",\"publisher\":{\"@id\":\"https:\\\/\\\/laregionnoticia.com\\\/#organization\"},\"potentialAction\":[{\"@type\":\"SearchAction\",\"target\":{\"@type\":\"EntryPoint\",\"urlTemplate\":\"https:\\\/\\\/laregionnoticia.com\\\/?s={search_term_string}\"},\"query-input\":{\"@type\":\"PropertyValueSpecification\",\"valueRequired\":true,\"valueName\":\"search_term_string\"}}],\"inLanguage\":\"es-CO\"},{\"@type\":\"Organization\",\"@id\":\"https:\\\/\\\/laregionnoticia.com\\\/#organization\",\"name\":\"La Regi\u00f3n Noticia\",\"url\":\"https:\\\/\\\/laregionnoticia.com\\\/\",\"logo\":{\"@type\":\"ImageObject\",\"inLanguage\":\"es-CO\",\"@id\":\"https:\\\/\\\/laregionnoticia.com\\\/#\\\/schema\\\/logo\\\/image\\\/\",\"url\":\"https:\\\/\\\/laregionnoticia.com\\\/wp-content\\\/uploads\\\/2026\\\/04\\\/logo-nuevo-LRN.jpeg\",\"contentUrl\":\"https:\\\/\\\/laregionnoticia.com\\\/wp-content\\\/uploads\\\/2026\\\/04\\\/logo-nuevo-LRN.jpeg\",\"width\":1024,\"height\":1024,\"caption\":\"La Regi\u00f3n Noticia\"},\"image\":{\"@id\":\"https:\\\/\\\/laregionnoticia.com\\\/#\\\/schema\\\/logo\\\/image\\\/\"},\"sameAs\":[\"https:\\\/\\\/www.facebook.com\\\/profile.php?id=61566329187948&mibextid=ZbWKwL\"]},{\"@type\":\"Person\",\"@id\":\"https:\\\/\\\/laregionnoticia.com\\\/#\\\/schema\\\/person\\\/5586c3a3653961e30e847de6e9b4db0c\",\"name\":\"Redacci\u00f3n Digital La Regi\u00f3n\",\"image\":{\"@type\":\"ImageObject\",\"inLanguage\":\"es-CO\",\"@id\":\"https:\\\/\\\/secure.gravatar.com\\\/avatar\\\/9b5f9df140c465a9462bbbe6f15e20d3c36ce881a9632c520e1a0c34017037a0?s=96&d=mm&r=g\",\"url\":\"https:\\\/\\\/secure.gravatar.com\\\/avatar\\\/9b5f9df140c465a9462bbbe6f15e20d3c36ce881a9632c520e1a0c34017037a0?s=96&d=mm&r=g\",\"contentUrl\":\"https:\\\/\\\/secure.gravatar.com\\\/avatar\\\/9b5f9df140c465a9462bbbe6f15e20d3c36ce881a9632c520e1a0c34017037a0?s=96&d=mm&r=g\",\"caption\":\"Redacci\u00f3n Digital La Regi\u00f3n\"},\"sameAs\":[\"http:\\\/\\\/laregionnoticia.com\"],\"url\":\"https:\\\/\\\/laregionnoticia.com\\\/?author=1\"}]}<\/script>\n<!-- \/ Yoast SEO plugin. -->","yoast_head_json":{"title":"\ud83c\udde8\ud83c\uddf4 Video: Periodista Paola Vargas denuncia presunto acoso de Ricardo Orrego en Caracol Televisi\u00f3n y se\u00f1ala silencio de su jefa: \u201cElla no hizo nada\u201d - La Regi\u00f3n Noticia","description":"Periodista denuncia presunto acoso en Caracol y se\u00f1ala falta de respuesta interna, reabriendo el debate sobre el silencio en medios.","robots":{"index":"index","follow":"follow","max-snippet":"max-snippet:-1","max-image-preview":"max-image-preview:large","max-video-preview":"max-video-preview:-1"},"canonical":"https:\/\/laregionnoticia.com\/?p=3808","og_locale":"es_ES","og_type":"article","og_title":"\ud83c\udde8\ud83c\uddf4 Video: Periodista Paola Vargas denuncia presunto acoso de Ricardo Orrego en Caracol Televisi\u00f3n y se\u00f1ala silencio de su jefa: \u201cElla no hizo nada\u201d - La Regi\u00f3n Noticia","og_description":"Periodista denuncia presunto acoso en Caracol y se\u00f1ala falta de respuesta interna, reabriendo el debate sobre el silencio en medios.","og_url":"https:\/\/laregionnoticia.com\/?p=3808","og_site_name":"La Regi\u00f3n Noticia","article_publisher":"https:\/\/www.facebook.com\/profile.php?id=61566329187948&mibextid=ZbWKwL","article_published_time":"2026-04-30T03:46:24+00:00","article_modified_time":"2026-04-30T03:49:22+00:00","og_image":[{"width":780,"height":470,"url":"https:\/\/laregionnoticia.com\/wp-content\/uploads\/2026\/04\/pao-ricar-1.jpg","type":"image\/jpeg"}],"author":"Redacci\u00f3n Digital La Regi\u00f3n","twitter_card":"summary_large_image","twitter_misc":{"Escrito por":"Redacci\u00f3n Digital La Regi\u00f3n","Tiempo de lectura":"6 minutos"},"schema":{"@context":"https:\/\/schema.org","@graph":[{"@type":"Article","@id":"https:\/\/laregionnoticia.com\/?p=3808#article","isPartOf":{"@id":"https:\/\/laregionnoticia.com\/?p=3808"},"author":{"name":"Redacci\u00f3n Digital La Regi\u00f3n","@id":"https:\/\/laregionnoticia.com\/#\/schema\/person\/5586c3a3653961e30e847de6e9b4db0c"},"headline":"\ud83c\udde8\ud83c\uddf4 Video: Periodista Paola Vargas denuncia presunto acoso de Ricardo Orrego en Caracol Televisi\u00f3n y se\u00f1ala silencio de su jefa: \u201cElla no hizo nada\u201d","datePublished":"2026-04-30T03:46:24+00:00","dateModified":"2026-04-30T03:49:22+00:00","mainEntityOfPage":{"@id":"https:\/\/laregionnoticia.com\/?p=3808"},"wordCount":1342,"publisher":{"@id":"https:\/\/laregionnoticia.com\/#organization"},"image":{"@id":"https:\/\/laregionnoticia.com\/?p=3808#primaryimage"},"thumbnailUrl":"https:\/\/laregionnoticia.com\/wp-content\/uploads\/2026\/04\/pao-ricar-1.jpg","articleSection":["Nacional"],"inLanguage":"es-CO"},{"@type":"WebPage","@id":"https:\/\/laregionnoticia.com\/?p=3808","url":"https:\/\/laregionnoticia.com\/?p=3808","name":"\ud83c\udde8\ud83c\uddf4 Video: Periodista Paola Vargas denuncia presunto acoso de Ricardo Orrego en Caracol Televisi\u00f3n y se\u00f1ala silencio de su jefa: \u201cElla no hizo nada\u201d - La Regi\u00f3n Noticia","isPartOf":{"@id":"https:\/\/laregionnoticia.com\/#website"},"primaryImageOfPage":{"@id":"https:\/\/laregionnoticia.com\/?p=3808#primaryimage"},"image":{"@id":"https:\/\/laregionnoticia.com\/?p=3808#primaryimage"},"thumbnailUrl":"https:\/\/laregionnoticia.com\/wp-content\/uploads\/2026\/04\/pao-ricar-1.jpg","datePublished":"2026-04-30T03:46:24+00:00","dateModified":"2026-04-30T03:49:22+00:00","description":"Periodista denuncia presunto acoso en Caracol y se\u00f1ala falta de respuesta interna, reabriendo el debate sobre el silencio en medios.","breadcrumb":{"@id":"https:\/\/laregionnoticia.com\/?p=3808#breadcrumb"},"inLanguage":"es-CO","potentialAction":[{"@type":"ReadAction","target":["https:\/\/laregionnoticia.com\/?p=3808"]}]},{"@type":"ImageObject","inLanguage":"es-CO","@id":"https:\/\/laregionnoticia.com\/?p=3808#primaryimage","url":"https:\/\/laregionnoticia.com\/wp-content\/uploads\/2026\/04\/pao-ricar-1.jpg","contentUrl":"https:\/\/laregionnoticia.com\/wp-content\/uploads\/2026\/04\/pao-ricar-1.jpg","width":780,"height":470},{"@type":"BreadcrumbList","@id":"https:\/\/laregionnoticia.com\/?p=3808#breadcrumb","itemListElement":[{"@type":"ListItem","position":1,"name":"Inicio","item":"https:\/\/laregionnoticia.com\/"},{"@type":"ListItem","position":2,"name":"\ud83c\udde8\ud83c\uddf4 Video: Periodista Paola Vargas denuncia presunto acoso de Ricardo Orrego en Caracol Televisi\u00f3n y se\u00f1ala silencio de su jefa: \u201cElla no hizo nada\u201d"}]},{"@type":"WebSite","@id":"https:\/\/laregionnoticia.com\/#website","url":"https:\/\/laregionnoticia.com\/","name":"La Regi\u00f3n Noticia","description":"Porque nuestro compromiso es la informaci\u00f3n veraz y oportuna","publisher":{"@id":"https:\/\/laregionnoticia.com\/#organization"},"potentialAction":[{"@type":"SearchAction","target":{"@type":"EntryPoint","urlTemplate":"https:\/\/laregionnoticia.com\/?s={search_term_string}"},"query-input":{"@type":"PropertyValueSpecification","valueRequired":true,"valueName":"search_term_string"}}],"inLanguage":"es-CO"},{"@type":"Organization","@id":"https:\/\/laregionnoticia.com\/#organization","name":"La Regi\u00f3n Noticia","url":"https:\/\/laregionnoticia.com\/","logo":{"@type":"ImageObject","inLanguage":"es-CO","@id":"https:\/\/laregionnoticia.com\/#\/schema\/logo\/image\/","url":"https:\/\/laregionnoticia.com\/wp-content\/uploads\/2026\/04\/logo-nuevo-LRN.jpeg","contentUrl":"https:\/\/laregionnoticia.com\/wp-content\/uploads\/2026\/04\/logo-nuevo-LRN.jpeg","width":1024,"height":1024,"caption":"La Regi\u00f3n Noticia"},"image":{"@id":"https:\/\/laregionnoticia.com\/#\/schema\/logo\/image\/"},"sameAs":["https:\/\/www.facebook.com\/profile.php?id=61566329187948&mibextid=ZbWKwL"]},{"@type":"Person","@id":"https:\/\/laregionnoticia.com\/#\/schema\/person\/5586c3a3653961e30e847de6e9b4db0c","name":"Redacci\u00f3n Digital La Regi\u00f3n","image":{"@type":"ImageObject","inLanguage":"es-CO","@id":"https:\/\/secure.gravatar.com\/avatar\/9b5f9df140c465a9462bbbe6f15e20d3c36ce881a9632c520e1a0c34017037a0?s=96&d=mm&r=g","url":"https:\/\/secure.gravatar.com\/avatar\/9b5f9df140c465a9462bbbe6f15e20d3c36ce881a9632c520e1a0c34017037a0?s=96&d=mm&r=g","contentUrl":"https:\/\/secure.gravatar.com\/avatar\/9b5f9df140c465a9462bbbe6f15e20d3c36ce881a9632c520e1a0c34017037a0?s=96&d=mm&r=g","caption":"Redacci\u00f3n Digital La Regi\u00f3n"},"sameAs":["http:\/\/laregionnoticia.com"],"url":"https:\/\/laregionnoticia.com\/?author=1"}]}},"_links":{"self":[{"href":"https:\/\/laregionnoticia.com\/index.php?rest_route=\/wp\/v2\/posts\/3808","targetHints":{"allow":["GET"]}}],"collection":[{"href":"https:\/\/laregionnoticia.com\/index.php?rest_route=\/wp\/v2\/posts"}],"about":[{"href":"https:\/\/laregionnoticia.com\/index.php?rest_route=\/wp\/v2\/types\/post"}],"author":[{"embeddable":true,"href":"https:\/\/laregionnoticia.com\/index.php?rest_route=\/wp\/v2\/users\/1"}],"replies":[{"embeddable":true,"href":"https:\/\/laregionnoticia.com\/index.php?rest_route=%2Fwp%2Fv2%2Fcomments&post=3808"}],"version-history":[{"count":2,"href":"https:\/\/laregionnoticia.com\/index.php?rest_route=\/wp\/v2\/posts\/3808\/revisions"}],"predecessor-version":[{"id":3813,"href":"https:\/\/laregionnoticia.com\/index.php?rest_route=\/wp\/v2\/posts\/3808\/revisions\/3813"}],"wp:featuredmedia":[{"embeddable":true,"href":"https:\/\/laregionnoticia.com\/index.php?rest_route=\/wp\/v2\/media\/3810"}],"wp:attachment":[{"href":"https:\/\/laregionnoticia.com\/index.php?rest_route=%2Fwp%2Fv2%2Fmedia&parent=3808"}],"wp:term":[{"taxonomy":"category","embeddable":true,"href":"https:\/\/laregionnoticia.com\/index.php?rest_route=%2Fwp%2Fv2%2Fcategories&post=3808"},{"taxonomy":"post_tag","embeddable":true,"href":"https:\/\/laregionnoticia.com\/index.php?rest_route=%2Fwp%2Fv2%2Ftags&post=3808"}],"curies":[{"name":"wp","href":"https:\/\/api.w.org\/{rel}","templated":true}]}}