{"id":3814,"date":"2026-04-30T15:45:11","date_gmt":"2026-04-30T20:45:11","guid":{"rendered":"https:\/\/laregionnoticia.com\/?p=3814"},"modified":"2026-04-30T15:58:48","modified_gmt":"2026-04-30T20:58:48","slug":"%f0%9f%87%a8%f0%9f%87%b4-eintento-incendio-estacion-servicio-colombia-video","status":"publish","type":"post","link":"https:\/\/laregionnoticia.com\/?p=3814","title":{"rendered":"\ud83c\udde8\ud83c\uddf4 En video: hombres armados intentan incendiar una estaci\u00f3n de servicio en zona rural de Colombia y desatan momentos de terror"},"content":{"rendered":"\n<h2 class=\"wp-block-heading\">Un intento de ataque con combustible en el sur del pa\u00eds qued\u00f3 registrado por c\u00e1maras de seguridad y es investigado por las autoridades<\/h2>\n\n\n\n<figure class=\"wp-block-image size-full is-resized\"><img loading=\"lazy\" decoding=\"async\" width=\"478\" height=\"347\" src=\"https:\/\/laregionnoticia.com\/wp-content\/uploads\/2026\/04\/fuego-3.jpeg\" alt=\"\" class=\"wp-image-3816\" style=\"width:840px;height:auto\" srcset=\"https:\/\/laregionnoticia.com\/wp-content\/uploads\/2026\/04\/fuego-3.jpeg 478w, https:\/\/laregionnoticia.com\/wp-content\/uploads\/2026\/04\/fuego-3-300x218.jpeg 300w\" sizes=\"auto, (max-width: 478px) 100vw, 478px\" \/><\/figure>\n\n\n\n<h3 class=\"wp-block-heading\">Un hecho violento en una zona poco conocida fuera de Colombia<\/h3>\n\n\n\n<p>Un intento de incendio gener\u00f3 momentos de alta tensi\u00f3n en una estaci\u00f3n de servicio ubicada en zona rural del municipio de Coyaima, en el sur de Colombia. El caso ha comenzado a circular ampliamente luego de que las im\u00e1genes quedaran registradas por c\u00e1maras de seguridad, mostrando en detalle lo ocurrido dentro del establecimiento.<\/p>\n\n\n\n<p>Para quienes no est\u00e1n familiarizados con la geograf\u00eda colombiana, Coyaima es un municipio del departamento del Tolima, caracterizado por amplias zonas rurales y una actividad econ\u00f3mica ligada al transporte y al comercio local, donde las estaciones de servicio cumplen un papel esencial para la movilidad en la regi\u00f3n.<\/p>\n\n\n\n<h3 class=\"wp-block-heading\">Las c\u00e1maras captaron el momento en que ingresan los sujetos armados<\/h3>\n\n\n\n<p>El video de seguridad muestra el momento exacto en el que dos hombres ingresan a la estaci\u00f3n. Seg\u00fan la informaci\u00f3n preliminar, los individuos portaban armas de fuego, lo que gener\u00f3 un ambiente de intimidaci\u00f3n inmediata dentro del lugar.<\/p>\n\n\n\n<p>Las im\u00e1genes evidencian c\u00f3mo los sujetos se desplazan dentro del establecimiento, interact\u00faan con el trabajador presente y comienzan a ejecutar acciones que elevan r\u00e1pidamente el nivel de riesgo.<\/p>\n\n\n\n<h3 class=\"wp-block-heading\">Intimidaci\u00f3n directa y control de la situaci\u00f3n<\/h3>\n\n\n\n<p>De acuerdo con lo que se observa en el registro y en los reportes iniciales, los hombres armados intimidaron a un empleado que se encontraba en la estaci\u00f3n en ese momento. La presi\u00f3n ejercida sobre el trabajador habr\u00eda sido clave para que los atacantes pudieran moverse con libertad dentro del lugar.<\/p>\n\n\n\n<p>Este tipo de situaciones, en entornos donde se manipulan combustibles, incrementa de manera significativa el peligro, ya que cualquier reacci\u00f3n bajo amenaza puede desencadenar consecuencias graves.<\/p>\n\n\n\n<h3 class=\"wp-block-heading\">Uso de las pistolas de combustible para esparcir gasolina<\/h3>\n\n\n\n<p>Uno de los momentos m\u00e1s cr\u00edticos del hecho se produce cuando los sujetos toman las pistolas dispensadoras de combustible y comienzan a esparcir gasolina en diferentes \u00e1reas de la estaci\u00f3n.<\/p>\n\n\n\n<p>Este acto transforma la escena en un escenario altamente peligroso. La presencia de combustible expuesto, combinada con la tensi\u00f3n del momento, configura un riesgo inmediato de incendio o explosi\u00f3n, capaz de afectar no solo el establecimiento, sino tambi\u00e9n a las personas cercanas.<\/p>\n\n\n\n<h3 class=\"wp-block-heading\">La aparente intenci\u00f3n de prender fuego al lugar<\/h3>\n\n\n\n<p>Seg\u00fan la informaci\u00f3n conocida hasta ahora, los individuos tendr\u00edan la intenci\u00f3n de incendiar la estaci\u00f3n de servicio. Este tipo de acci\u00f3n, en una instalaci\u00f3n de estas caracter\u00edsticas, podr\u00eda haber provocado una emergencia de gran magnitud, con consecuencias potencialmente devastadoras.<\/p>\n\n\n\n<p>La naturaleza inflamable del combustible convierte cualquier intento de ignici\u00f3n en un evento de alto impacto, especialmente en espacios abiertos donde el fuego puede propagarse con rapidez.<\/p>\n\n\n\n<h3 class=\"wp-block-heading\">La reacci\u00f3n del trabajador evit\u00f3 una tragedia mayor<\/h3>\n\n\n\n<p>El hecho no lleg\u00f3 a consumarse gracias a la intervenci\u00f3n del trabajador que se encontraba en el lugar. Su reacci\u00f3n fue determinante para evitar que los sujetos lograran prender fuego al combustible esparcido.<\/p>\n\n\n\n<p>Aunque no se han revelado todos los detalles de su actuaci\u00f3n, su respuesta en un momento cr\u00edtico permiti\u00f3 contener la situaci\u00f3n y evitar lo que pudo haber sido una tragedia de gran escala.<\/p>\n\n\n\n<h3 class=\"wp-block-heading\">Un escenario de alto riesgo captado en video<\/h3>\n\n\n\n<p>Las im\u00e1genes de seguridad han sido clave para dimensionar la gravedad del hecho. En ellas se observa no solo la presencia de los sujetos armados, sino tambi\u00e9n el uso del combustible como elemento central de la acci\u00f3n.<\/p>\n\n\n\n<p>El video se ha convertido en una pieza fundamental tanto para la investigaci\u00f3n como para la difusi\u00f3n del caso, al mostrar con claridad el nivel de riesgo al que estuvieron expuestas las personas en el lugar.<\/p>\n\n\n\n<h3 class=\"wp-block-heading\">Autoridades investigan lo ocurrido en el sur del Tolima<\/h3>\n\n\n\n<p>Tras el incidente, las autoridades iniciaron las investigaciones correspondientes para identificar a los responsables y establecer las circunstancias exactas del hecho. Hasta el momento, no se han reportado capturas relacionadas con este caso.<\/p>\n\n\n\n<p>El proceso busca determinar no solo qui\u00e9nes participaron, sino tambi\u00e9n si existen motivaciones espec\u00edficas detr\u00e1s del intento de incendio.<\/p>\n\n\n\n<h3 class=\"wp-block-heading\">Un caso que genera preocupaci\u00f3n por la seguridad en zonas rurales<\/h3>\n\n\n\n<p>El episodio ha generado inquietud en la regi\u00f3n, especialmente por tratarse de una zona rural donde la presencia institucional puede ser limitada. Este tipo de hechos pone en evidencia los desaf\u00edos en materia de seguridad en territorios alejados de los principales centros urbanos.<\/p>\n\n\n\n<p>Adem\u00e1s, abre interrogantes sobre la vulnerabilidad de infraestructuras clave como las estaciones de servicio, que cumplen un rol esencial en la vida cotidiana de estas comunidades.<\/p>\n\n\n\n<h3 class=\"wp-block-heading\">Una situaci\u00f3n que pudo terminar en desastre<\/h3>\n\n\n\n<p>Lo ocurrido en Coyaima refleja lo cerca que estuvo la situaci\u00f3n de convertirse en un evento de mayor gravedad. La combinaci\u00f3n de armas, intimidaci\u00f3n y combustible derramado cre\u00f3 un escenario en el que una chispa habr\u00eda sido suficiente para desencadenar una emergencia mayor.<\/p>\n\n\n\n<p>El hecho de que no se haya producido un incendio no reduce la magnitud del riesgo al que estuvieron expuestas las personas en el lugar.<\/p>\n\n\n\n<h3 class=\"wp-block-heading\">Un caso que trasciende lo local<\/h3>\n\n\n\n<p>Aunque ocurri\u00f3 en una zona espec\u00edfica del sur de Colombia, el caso ha comenzado a captar atenci\u00f3n m\u00e1s all\u00e1 del \u00e1mbito local debido a la difusi\u00f3n del video. Este tipo de episodios pone sobre la mesa discusiones m\u00e1s amplias sobre seguridad, control territorial y riesgos en infraestructuras cr\u00edticas.<\/p>\n\n\n\n<p>En un contexto global, los ataques o intentos de sabotaje a instalaciones con materiales inflamables son considerados eventos de alto riesgo, lo que refuerza la relevancia de este caso.<\/p>\n\n\n\n<figure class=\"wp-block-embed is-type-rich is-provider-twitter wp-block-embed-twitter\"><div class=\"wp-block-embed__wrapper\">\n<blockquote class=\"twitter-tweet\" data-width=\"550\" data-dnt=\"true\"><p lang=\"es\" dir=\"ltr\">\ud83c\udde8\ud83c\uddf4 <a href=\"https:\/\/twitter.com\/hashtag\/TOLIIMA?src=hash&amp;ref_src=twsrc%5Etfw\">#TOLIIMA<\/a> | Intentaron incendiar una estaci\u00f3n de servicio en el sur del Tolima \ud83d\ude33\u26a0\ufe0f<br><br>Sujetos armados ingresaron, intimidaron a un trabajador<br><br>\ud83d\udc49 \u00bfQu\u00e9 est\u00e1 pasando con la seguridad en la regi\u00f3n?<br>\ud83d\udc47 OPINA \ud83d\udd01 COMPARTE \ud83d\udc40 SIGUE<a href=\"https:\/\/twitter.com\/hashtag\/Tolima?src=hash&amp;ref_src=twsrc%5Etfw\">#Tolima<\/a> <a href=\"https:\/\/twitter.com\/hashtag\/Colombia?src=hash&amp;ref_src=twsrc%5Etfw\">#Colombia<\/a> <a href=\"https:\/\/twitter.com\/hashtag\/Noticias?src=hash&amp;ref_src=twsrc%5Etfw\">#Noticias<\/a> <a href=\"https:\/\/twitter.com\/hashtag\/UltimaHora?src=hash&amp;ref_src=twsrc%5Etfw\">#UltimaHora<\/a> <a href=\"https:\/\/t.co\/HTnpmAUaPm\">pic.twitter.com\/HTnpmAUaPm<\/a><\/p>&mdash; La Region Noticia (@laregionperiodi) <a href=\"https:\/\/twitter.com\/laregionperiodi\/status\/2049948119215829183?ref_src=twsrc%5Etfw\">April 30, 2026<\/a><\/blockquote><script async src=\"https:\/\/platform.twitter.com\/widgets.js\" charset=\"utf-8\"><\/script>\n<\/div><\/figure>\n\n\n\n<p>S\u00edguenos en nuestra pagina de Facebook para mas noticias dale clik&nbsp;<a href=\"https:\/\/www.facebook.com\/profile.php?id=61569739743679\" target=\"_blank\" rel=\"noreferrer noopener\">aca<\/a><\/p>\n\n\n\n<p class=\"has-text-align-center has-vivid-red-color has-text-color has-link-color wp-elements-98dc736d1115480823fa87554f210834\"><strong>\u00a1LA REGION NOTICIA INFORMACION COMO DEBE SER!<\/strong><\/p>\n","protected":false},"excerpt":{"rendered":"<p>Un intento de ataque con combustible en el sur del pa\u00eds qued\u00f3 registrado por c\u00e1maras de seguridad y es investigado por las autoridades Un hecho violento en una zona poco&hellip; <\/p>\n","protected":false},"author":1,"featured_media":3815,"comment_status":"closed","ping_status":"open","sticky":false,"template":"","format":"standard","meta":{"footnotes":""},"categories":[4],"tags":[],"class_list":["post-3814","post","type-post","status-publish","format-standard","has-post-thumbnail","hentry","category-local"],"yoast_head":"<!-- This site is optimized with the Yoast SEO plugin v27.5 - https:\/\/yoast.com\/product\/yoast-seo-wordpress\/ -->\n<title>\ud83c\udde8\ud83c\uddf4 En video: hombres armados intentan incendiar una estaci\u00f3n de servicio en zona rural de Colombia y desatan momentos de terror - La Regi\u00f3n Noticia<\/title>\n<meta name=\"description\" content=\"En video, hombres armados intentan incendiar una estaci\u00f3n de servicio en Colombia. La r\u00e1pida reacci\u00f3n de un trabajador evit\u00f3 una tragedia.\" \/>\n<meta name=\"robots\" content=\"index, follow, max-snippet:-1, max-image-preview:large, max-video-preview:-1\" \/>\n<link rel=\"canonical\" href=\"https:\/\/laregionnoticia.com\/?p=3814\" \/>\n<meta property=\"og:locale\" content=\"es_ES\" \/>\n<meta property=\"og:type\" content=\"article\" \/>\n<meta property=\"og:title\" content=\"\ud83c\udde8\ud83c\uddf4 En video: hombres armados intentan incendiar una estaci\u00f3n de servicio en zona rural de Colombia y desatan momentos de terror - La Regi\u00f3n Noticia\" \/>\n<meta property=\"og:description\" content=\"En video, hombres armados intentan incendiar una estaci\u00f3n de servicio en Colombia. La r\u00e1pida reacci\u00f3n de un trabajador evit\u00f3 una tragedia.\" \/>\n<meta property=\"og:url\" content=\"https:\/\/laregionnoticia.com\/?p=3814\" \/>\n<meta property=\"og:site_name\" content=\"La Regi\u00f3n Noticia\" \/>\n<meta property=\"article:publisher\" content=\"https:\/\/www.facebook.com\/profile.php?id=61566329187948&amp;mibextid=ZbWKwL\" \/>\n<meta property=\"article:published_time\" content=\"2026-04-30T20:45:11+00:00\" \/>\n<meta property=\"article:modified_time\" content=\"2026-04-30T20:58:48+00:00\" \/>\n<meta property=\"og:image\" content=\"https:\/\/laregionnoticia.com\/wp-content\/uploads\/2026\/04\/fuego-2.jpeg\" \/>\n\t<meta property=\"og:image:width\" content=\"482\" \/>\n\t<meta property=\"og:image:height\" content=\"359\" \/>\n\t<meta property=\"og:image:type\" content=\"image\/jpeg\" \/>\n<meta name=\"author\" content=\"Redacci\u00f3n Digital La Regi\u00f3n\" \/>\n<meta name=\"twitter:card\" content=\"summary_large_image\" \/>\n<meta name=\"twitter:label1\" content=\"Escrito por\" \/>\n\t<meta name=\"twitter:data1\" content=\"Redacci\u00f3n Digital La Regi\u00f3n\" \/>\n\t<meta name=\"twitter:label2\" content=\"Tiempo de lectura\" \/>\n\t<meta name=\"twitter:data2\" content=\"5 minutos\" \/>\n<script type=\"application\/ld+json\" class=\"yoast-schema-graph\">{\"@context\":\"https:\\\/\\\/schema.org\",\"@graph\":[{\"@type\":\"Article\",\"@id\":\"https:\\\/\\\/laregionnoticia.com\\\/?p=3814#article\",\"isPartOf\":{\"@id\":\"https:\\\/\\\/laregionnoticia.com\\\/?p=3814\"},\"author\":{\"name\":\"Redacci\u00f3n Digital La Regi\u00f3n\",\"@id\":\"https:\\\/\\\/laregionnoticia.com\\\/#\\\/schema\\\/person\\\/5586c3a3653961e30e847de6e9b4db0c\"},\"headline\":\"\ud83c\udde8\ud83c\uddf4 En video: hombres armados intentan incendiar una estaci\u00f3n de servicio en zona rural de Colombia y desatan momentos de terror\",\"datePublished\":\"2026-04-30T20:45:11+00:00\",\"dateModified\":\"2026-04-30T20:58:48+00:00\",\"mainEntityOfPage\":{\"@id\":\"https:\\\/\\\/laregionnoticia.com\\\/?p=3814\"},\"wordCount\":1025,\"publisher\":{\"@id\":\"https:\\\/\\\/laregionnoticia.com\\\/#organization\"},\"image\":{\"@id\":\"https:\\\/\\\/laregionnoticia.com\\\/?p=3814#primaryimage\"},\"thumbnailUrl\":\"https:\\\/\\\/laregionnoticia.com\\\/wp-content\\\/uploads\\\/2026\\\/04\\\/fuego-2.jpeg\",\"articleSection\":[\"Local\"],\"inLanguage\":\"es-CO\"},{\"@type\":\"WebPage\",\"@id\":\"https:\\\/\\\/laregionnoticia.com\\\/?p=3814\",\"url\":\"https:\\\/\\\/laregionnoticia.com\\\/?p=3814\",\"name\":\"\ud83c\udde8\ud83c\uddf4 En video: hombres armados intentan incendiar una estaci\u00f3n de servicio en zona rural de Colombia y desatan momentos de terror - La Regi\u00f3n Noticia\",\"isPartOf\":{\"@id\":\"https:\\\/\\\/laregionnoticia.com\\\/#website\"},\"primaryImageOfPage\":{\"@id\":\"https:\\\/\\\/laregionnoticia.com\\\/?p=3814#primaryimage\"},\"image\":{\"@id\":\"https:\\\/\\\/laregionnoticia.com\\\/?p=3814#primaryimage\"},\"thumbnailUrl\":\"https:\\\/\\\/laregionnoticia.com\\\/wp-content\\\/uploads\\\/2026\\\/04\\\/fuego-2.jpeg\",\"datePublished\":\"2026-04-30T20:45:11+00:00\",\"dateModified\":\"2026-04-30T20:58:48+00:00\",\"description\":\"En video, hombres armados intentan incendiar una estaci\u00f3n de servicio en Colombia. La r\u00e1pida reacci\u00f3n de un trabajador evit\u00f3 una tragedia.\",\"breadcrumb\":{\"@id\":\"https:\\\/\\\/laregionnoticia.com\\\/?p=3814#breadcrumb\"},\"inLanguage\":\"es-CO\",\"potentialAction\":[{\"@type\":\"ReadAction\",\"target\":[\"https:\\\/\\\/laregionnoticia.com\\\/?p=3814\"]}]},{\"@type\":\"ImageObject\",\"inLanguage\":\"es-CO\",\"@id\":\"https:\\\/\\\/laregionnoticia.com\\\/?p=3814#primaryimage\",\"url\":\"https:\\\/\\\/laregionnoticia.com\\\/wp-content\\\/uploads\\\/2026\\\/04\\\/fuego-2.jpeg\",\"contentUrl\":\"https:\\\/\\\/laregionnoticia.com\\\/wp-content\\\/uploads\\\/2026\\\/04\\\/fuego-2.jpeg\",\"width\":482,\"height\":359},{\"@type\":\"BreadcrumbList\",\"@id\":\"https:\\\/\\\/laregionnoticia.com\\\/?p=3814#breadcrumb\",\"itemListElement\":[{\"@type\":\"ListItem\",\"position\":1,\"name\":\"Inicio\",\"item\":\"https:\\\/\\\/laregionnoticia.com\\\/\"},{\"@type\":\"ListItem\",\"position\":2,\"name\":\"\ud83c\udde8\ud83c\uddf4 En video: hombres armados intentan incendiar una estaci\u00f3n de servicio en zona rural de Colombia y desatan momentos de terror\"}]},{\"@type\":\"WebSite\",\"@id\":\"https:\\\/\\\/laregionnoticia.com\\\/#website\",\"url\":\"https:\\\/\\\/laregionnoticia.com\\\/\",\"name\":\"La Regi\u00f3n Noticia\",\"description\":\"Porque nuestro compromiso es la informaci\u00f3n veraz y oportuna\",\"publisher\":{\"@id\":\"https:\\\/\\\/laregionnoticia.com\\\/#organization\"},\"potentialAction\":[{\"@type\":\"SearchAction\",\"target\":{\"@type\":\"EntryPoint\",\"urlTemplate\":\"https:\\\/\\\/laregionnoticia.com\\\/?s={search_term_string}\"},\"query-input\":{\"@type\":\"PropertyValueSpecification\",\"valueRequired\":true,\"valueName\":\"search_term_string\"}}],\"inLanguage\":\"es-CO\"},{\"@type\":\"Organization\",\"@id\":\"https:\\\/\\\/laregionnoticia.com\\\/#organization\",\"name\":\"La Regi\u00f3n Noticia\",\"url\":\"https:\\\/\\\/laregionnoticia.com\\\/\",\"logo\":{\"@type\":\"ImageObject\",\"inLanguage\":\"es-CO\",\"@id\":\"https:\\\/\\\/laregionnoticia.com\\\/#\\\/schema\\\/logo\\\/image\\\/\",\"url\":\"https:\\\/\\\/laregionnoticia.com\\\/wp-content\\\/uploads\\\/2026\\\/04\\\/logo-nuevo-LRN.jpeg\",\"contentUrl\":\"https:\\\/\\\/laregionnoticia.com\\\/wp-content\\\/uploads\\\/2026\\\/04\\\/logo-nuevo-LRN.jpeg\",\"width\":1024,\"height\":1024,\"caption\":\"La Regi\u00f3n Noticia\"},\"image\":{\"@id\":\"https:\\\/\\\/laregionnoticia.com\\\/#\\\/schema\\\/logo\\\/image\\\/\"},\"sameAs\":[\"https:\\\/\\\/www.facebook.com\\\/profile.php?id=61566329187948&mibextid=ZbWKwL\"]},{\"@type\":\"Person\",\"@id\":\"https:\\\/\\\/laregionnoticia.com\\\/#\\\/schema\\\/person\\\/5586c3a3653961e30e847de6e9b4db0c\",\"name\":\"Redacci\u00f3n Digital La Regi\u00f3n\",\"image\":{\"@type\":\"ImageObject\",\"inLanguage\":\"es-CO\",\"@id\":\"https:\\\/\\\/secure.gravatar.com\\\/avatar\\\/9b5f9df140c465a9462bbbe6f15e20d3c36ce881a9632c520e1a0c34017037a0?s=96&d=mm&r=g\",\"url\":\"https:\\\/\\\/secure.gravatar.com\\\/avatar\\\/9b5f9df140c465a9462bbbe6f15e20d3c36ce881a9632c520e1a0c34017037a0?s=96&d=mm&r=g\",\"contentUrl\":\"https:\\\/\\\/secure.gravatar.com\\\/avatar\\\/9b5f9df140c465a9462bbbe6f15e20d3c36ce881a9632c520e1a0c34017037a0?s=96&d=mm&r=g\",\"caption\":\"Redacci\u00f3n Digital La Regi\u00f3n\"},\"sameAs\":[\"http:\\\/\\\/laregionnoticia.com\"],\"url\":\"https:\\\/\\\/laregionnoticia.com\\\/?author=1\"}]}<\/script>\n<!-- \/ Yoast SEO plugin. -->","yoast_head_json":{"title":"\ud83c\udde8\ud83c\uddf4 En video: hombres armados intentan incendiar una estaci\u00f3n de servicio en zona rural de Colombia y desatan momentos de terror - La Regi\u00f3n Noticia","description":"En video, hombres armados intentan incendiar una estaci\u00f3n de servicio en Colombia. La r\u00e1pida reacci\u00f3n de un trabajador evit\u00f3 una tragedia.","robots":{"index":"index","follow":"follow","max-snippet":"max-snippet:-1","max-image-preview":"max-image-preview:large","max-video-preview":"max-video-preview:-1"},"canonical":"https:\/\/laregionnoticia.com\/?p=3814","og_locale":"es_ES","og_type":"article","og_title":"\ud83c\udde8\ud83c\uddf4 En video: hombres armados intentan incendiar una estaci\u00f3n de servicio en zona rural de Colombia y desatan momentos de terror - La Regi\u00f3n Noticia","og_description":"En video, hombres armados intentan incendiar una estaci\u00f3n de servicio en Colombia. La r\u00e1pida reacci\u00f3n de un trabajador evit\u00f3 una tragedia.","og_url":"https:\/\/laregionnoticia.com\/?p=3814","og_site_name":"La Regi\u00f3n Noticia","article_publisher":"https:\/\/www.facebook.com\/profile.php?id=61566329187948&mibextid=ZbWKwL","article_published_time":"2026-04-30T20:45:11+00:00","article_modified_time":"2026-04-30T20:58:48+00:00","og_image":[{"width":482,"height":359,"url":"https:\/\/laregionnoticia.com\/wp-content\/uploads\/2026\/04\/fuego-2.jpeg","type":"image\/jpeg"}],"author":"Redacci\u00f3n Digital La Regi\u00f3n","twitter_card":"summary_large_image","twitter_misc":{"Escrito por":"Redacci\u00f3n Digital La Regi\u00f3n","Tiempo de lectura":"5 minutos"},"schema":{"@context":"https:\/\/schema.org","@graph":[{"@type":"Article","@id":"https:\/\/laregionnoticia.com\/?p=3814#article","isPartOf":{"@id":"https:\/\/laregionnoticia.com\/?p=3814"},"author":{"name":"Redacci\u00f3n Digital La Regi\u00f3n","@id":"https:\/\/laregionnoticia.com\/#\/schema\/person\/5586c3a3653961e30e847de6e9b4db0c"},"headline":"\ud83c\udde8\ud83c\uddf4 En video: hombres armados intentan incendiar una estaci\u00f3n de servicio en zona rural de Colombia y desatan momentos de terror","datePublished":"2026-04-30T20:45:11+00:00","dateModified":"2026-04-30T20:58:48+00:00","mainEntityOfPage":{"@id":"https:\/\/laregionnoticia.com\/?p=3814"},"wordCount":1025,"publisher":{"@id":"https:\/\/laregionnoticia.com\/#organization"},"image":{"@id":"https:\/\/laregionnoticia.com\/?p=3814#primaryimage"},"thumbnailUrl":"https:\/\/laregionnoticia.com\/wp-content\/uploads\/2026\/04\/fuego-2.jpeg","articleSection":["Local"],"inLanguage":"es-CO"},{"@type":"WebPage","@id":"https:\/\/laregionnoticia.com\/?p=3814","url":"https:\/\/laregionnoticia.com\/?p=3814","name":"\ud83c\udde8\ud83c\uddf4 En video: hombres armados intentan incendiar una estaci\u00f3n de servicio en zona rural de Colombia y desatan momentos de terror - La Regi\u00f3n Noticia","isPartOf":{"@id":"https:\/\/laregionnoticia.com\/#website"},"primaryImageOfPage":{"@id":"https:\/\/laregionnoticia.com\/?p=3814#primaryimage"},"image":{"@id":"https:\/\/laregionnoticia.com\/?p=3814#primaryimage"},"thumbnailUrl":"https:\/\/laregionnoticia.com\/wp-content\/uploads\/2026\/04\/fuego-2.jpeg","datePublished":"2026-04-30T20:45:11+00:00","dateModified":"2026-04-30T20:58:48+00:00","description":"En video, hombres armados intentan incendiar una estaci\u00f3n de servicio en Colombia. La r\u00e1pida reacci\u00f3n de un trabajador evit\u00f3 una tragedia.","breadcrumb":{"@id":"https:\/\/laregionnoticia.com\/?p=3814#breadcrumb"},"inLanguage":"es-CO","potentialAction":[{"@type":"ReadAction","target":["https:\/\/laregionnoticia.com\/?p=3814"]}]},{"@type":"ImageObject","inLanguage":"es-CO","@id":"https:\/\/laregionnoticia.com\/?p=3814#primaryimage","url":"https:\/\/laregionnoticia.com\/wp-content\/uploads\/2026\/04\/fuego-2.jpeg","contentUrl":"https:\/\/laregionnoticia.com\/wp-content\/uploads\/2026\/04\/fuego-2.jpeg","width":482,"height":359},{"@type":"BreadcrumbList","@id":"https:\/\/laregionnoticia.com\/?p=3814#breadcrumb","itemListElement":[{"@type":"ListItem","position":1,"name":"Inicio","item":"https:\/\/laregionnoticia.com\/"},{"@type":"ListItem","position":2,"name":"\ud83c\udde8\ud83c\uddf4 En video: hombres armados intentan incendiar una estaci\u00f3n de servicio en zona rural de Colombia y desatan momentos de terror"}]},{"@type":"WebSite","@id":"https:\/\/laregionnoticia.com\/#website","url":"https:\/\/laregionnoticia.com\/","name":"La Regi\u00f3n Noticia","description":"Porque nuestro compromiso es la informaci\u00f3n veraz y oportuna","publisher":{"@id":"https:\/\/laregionnoticia.com\/#organization"},"potentialAction":[{"@type":"SearchAction","target":{"@type":"EntryPoint","urlTemplate":"https:\/\/laregionnoticia.com\/?s={search_term_string}"},"query-input":{"@type":"PropertyValueSpecification","valueRequired":true,"valueName":"search_term_string"}}],"inLanguage":"es-CO"},{"@type":"Organization","@id":"https:\/\/laregionnoticia.com\/#organization","name":"La Regi\u00f3n Noticia","url":"https:\/\/laregionnoticia.com\/","logo":{"@type":"ImageObject","inLanguage":"es-CO","@id":"https:\/\/laregionnoticia.com\/#\/schema\/logo\/image\/","url":"https:\/\/laregionnoticia.com\/wp-content\/uploads\/2026\/04\/logo-nuevo-LRN.jpeg","contentUrl":"https:\/\/laregionnoticia.com\/wp-content\/uploads\/2026\/04\/logo-nuevo-LRN.jpeg","width":1024,"height":1024,"caption":"La Regi\u00f3n Noticia"},"image":{"@id":"https:\/\/laregionnoticia.com\/#\/schema\/logo\/image\/"},"sameAs":["https:\/\/www.facebook.com\/profile.php?id=61566329187948&mibextid=ZbWKwL"]},{"@type":"Person","@id":"https:\/\/laregionnoticia.com\/#\/schema\/person\/5586c3a3653961e30e847de6e9b4db0c","name":"Redacci\u00f3n Digital La Regi\u00f3n","image":{"@type":"ImageObject","inLanguage":"es-CO","@id":"https:\/\/secure.gravatar.com\/avatar\/9b5f9df140c465a9462bbbe6f15e20d3c36ce881a9632c520e1a0c34017037a0?s=96&d=mm&r=g","url":"https:\/\/secure.gravatar.com\/avatar\/9b5f9df140c465a9462bbbe6f15e20d3c36ce881a9632c520e1a0c34017037a0?s=96&d=mm&r=g","contentUrl":"https:\/\/secure.gravatar.com\/avatar\/9b5f9df140c465a9462bbbe6f15e20d3c36ce881a9632c520e1a0c34017037a0?s=96&d=mm&r=g","caption":"Redacci\u00f3n Digital La Regi\u00f3n"},"sameAs":["http:\/\/laregionnoticia.com"],"url":"https:\/\/laregionnoticia.com\/?author=1"}]}},"_links":{"self":[{"href":"https:\/\/laregionnoticia.com\/index.php?rest_route=\/wp\/v2\/posts\/3814","targetHints":{"allow":["GET"]}}],"collection":[{"href":"https:\/\/laregionnoticia.com\/index.php?rest_route=\/wp\/v2\/posts"}],"about":[{"href":"https:\/\/laregionnoticia.com\/index.php?rest_route=\/wp\/v2\/types\/post"}],"author":[{"embeddable":true,"href":"https:\/\/laregionnoticia.com\/index.php?rest_route=\/wp\/v2\/users\/1"}],"replies":[{"embeddable":true,"href":"https:\/\/laregionnoticia.com\/index.php?rest_route=%2Fwp%2Fv2%2Fcomments&post=3814"}],"version-history":[{"count":1,"href":"https:\/\/laregionnoticia.com\/index.php?rest_route=\/wp\/v2\/posts\/3814\/revisions"}],"predecessor-version":[{"id":3817,"href":"https:\/\/laregionnoticia.com\/index.php?rest_route=\/wp\/v2\/posts\/3814\/revisions\/3817"}],"wp:featuredmedia":[{"embeddable":true,"href":"https:\/\/laregionnoticia.com\/index.php?rest_route=\/wp\/v2\/media\/3815"}],"wp:attachment":[{"href":"https:\/\/laregionnoticia.com\/index.php?rest_route=%2Fwp%2Fv2%2Fmedia&parent=3814"}],"wp:term":[{"taxonomy":"category","embeddable":true,"href":"https:\/\/laregionnoticia.com\/index.php?rest_route=%2Fwp%2Fv2%2Fcategories&post=3814"},{"taxonomy":"post_tag","embeddable":true,"href":"https:\/\/laregionnoticia.com\/index.php?rest_route=%2Fwp%2Fv2%2Ftags&post=3814"}],"curies":[{"name":"wp","href":"https:\/\/api.w.org\/{rel}","templated":true}]}}