{"id":3818,"date":"2026-04-30T15:57:02","date_gmt":"2026-04-30T20:57:02","guid":{"rendered":"https:\/\/laregionnoticia.com\/?p=3818"},"modified":"2026-04-30T16:18:18","modified_gmt":"2026-04-30T21:18:18","slug":"atletico-vs-arsenal-champions-semifinal","status":"publish","type":"post","link":"https:\/\/laregionnoticia.com\/?p=3818","title":{"rendered":"\ud83c\uddea\ud83c\uddfa Atl\u00e9tico de Madrid y Arsenal empatan en una semifinal marcada por el VAR y dejan abierta la serie en la Champions League"},"content":{"rendered":"\n<h2 class=\"wp-block-heading\">Un partido cerrado, con decisiones arbitrales pol\u00e9micas y tensi\u00f3n t\u00e1ctica, se definir\u00e1 en Londres<\/h2>\n\n\n\n<figure class=\"wp-block-image size-full is-resized\"><img loading=\"lazy\" decoding=\"async\" width=\"679\" height=\"339\" src=\"https:\/\/laregionnoticia.com\/wp-content\/uploads\/2026\/04\/semi-ayer-2.jpg\" alt=\"\" class=\"wp-image-3820\" style=\"width:840px;height:auto\" srcset=\"https:\/\/laregionnoticia.com\/wp-content\/uploads\/2026\/04\/semi-ayer-2.jpg 679w, https:\/\/laregionnoticia.com\/wp-content\/uploads\/2026\/04\/semi-ayer-2-300x150.jpg 300w\" sizes=\"auto, (max-width: 679px) 100vw, 679px\" \/><\/figure>\n\n\n\n<h3 class=\"wp-block-heading\">Un duelo de alto nivel en las semifinales del f\u00fatbol europeo<\/h3>\n\n\n\n<p>El enfrentamiento entre Atl\u00e9tico de Madrid y Arsenal por la ida de las semifinales de la UEFA Champions League dej\u00f3 un empate 1-1 que refleja la intensidad y el equilibrio entre dos estilos de juego marcados por la disciplina t\u00e1ctica y la presi\u00f3n estrat\u00e9gica.<\/p>\n\n\n\n<h3 class=\"wp-block-heading\">Un contraste evidente con la otra semifinal del torneo<\/h3>\n\n\n\n<p>A diferencia del espect\u00e1culo ofensivo visto en el cruce entre Paris Saint-Germain y Bayern M\u00fanich, este partido estuvo dominado por la cautela, el orden defensivo y la gesti\u00f3n del riesgo, lo que redujo significativamente la cantidad de oportunidades claras de gol.<\/p>\n\n\n\n<h3 class=\"wp-block-heading\">El planteamiento inicial de ambos equipos<\/h3>\n\n\n\n<p>Desde el inicio, ambos entrenadores apostaron por esquemas s\u00f3lidos en defensa y transiciones r\u00e1pidas, evitando asumir riesgos innecesarios. El partido se desarroll\u00f3 principalmente en el mediocampo, con pocas concesiones en zonas peligrosas.<\/p>\n\n\n\n<h3 class=\"wp-block-heading\">Arsenal logr\u00f3 imponer condiciones en el primer tiempo<\/h3>\n\n\n\n<p>El equipo ingl\u00e9s mostr\u00f3 mayor claridad en la primera mitad, logrando generar aproximaciones m\u00e1s peligrosas y controlando el ritmo del juego en varios tramos del partido.<\/p>\n\n\n\n<h3 class=\"wp-block-heading\">El gol que abri\u00f3 el marcador antes del descanso<\/h3>\n\n\n\n<p>El primer tanto lleg\u00f3 en el minuto 44, cuando Viktor Gy\u00f6keres convirti\u00f3 un penal que le dio ventaja al Arsenal. La jugada marc\u00f3 un punto clave en el desarrollo del encuentro, justo antes del cierre del primer tiempo.<\/p>\n\n\n\n<h3 class=\"wp-block-heading\">Atl\u00e9tico ajust\u00f3 su estrategia en el segundo tiempo<\/h3>\n\n\n\n<p>Tras el descanso, el equipo dirigido por Diego Simeone cambi\u00f3 su postura, adelantando l\u00edneas y aumentando la presi\u00f3n sobre la salida del rival.<\/p>\n\n\n\n<h3 class=\"wp-block-heading\">La reacci\u00f3n del equipo local cambi\u00f3 el partido<\/h3>\n\n\n\n<p>El Atl\u00e9tico comenz\u00f3 a ganar terreno, generando mayor volumen ofensivo y obligando al Arsenal a replegarse en su propio campo.<\/p>\n\n\n\n<h3 class=\"wp-block-heading\">El empate lleg\u00f3 tambi\u00e9n desde el punto penal<\/h3>\n\n\n\n<p>En el minuto 56, una jugada revisada por el VAR termin\u00f3 en penal para el Atl\u00e9tico, que fue convertido por Juli\u00e1n \u00c1lvarez, igualando el marcador y reactivando la disputa.<\/p>\n\n\n\n<h3 class=\"wp-block-heading\">El VAR como protagonista del encuentro<\/h3>\n\n\n\n<p>La tecnolog\u00eda volvi\u00f3 a tener un papel central en el partido, interviniendo en decisiones clave que influyeron directamente en el resultado.<\/p>\n\n\n\n<h3 class=\"wp-block-heading\">La jugada m\u00e1s pol\u00e9mica que desat\u00f3 el debate<\/h3>\n\n\n\n<p>Uno de los momentos m\u00e1s discutidos ocurri\u00f3 cuando se sancion\u00f3 inicialmente un penal a favor del Arsenal que luego fue anulado tras revisi\u00f3n del VAR, generando inconformidad en el equipo visitante.<\/p>\n\n\n\n<h3 class=\"wp-block-heading\">Reacciones del Arsenal ante la decisi\u00f3n arbitral<\/h3>\n\n\n\n<p>Los jugadores del Arsenal expresaron su desacuerdo con la decisi\u00f3n, considerando que la jugada pudo haber cambiado el rumbo del partido.<\/p>\n\n\n\n<h3 class=\"wp-block-heading\">Oportunidades claras que pudieron definir el resultado<\/h3>\n\n\n\n<p>El encuentro tambi\u00e9n tuvo momentos de peligro, como el remate al poste de Antoine Griezmann, que estuvo cerca de darle la ventaja al Atl\u00e9tico.<\/p>\n\n\n\n<h3 class=\"wp-block-heading\">Un partido definido por los detalles<\/h3>\n\n\n\n<p>La igualdad final refleja un duelo donde cada jugada tuvo un peso significativo, y donde los errores fueron m\u00ednimos debido al alto nivel competitivo.<\/p>\n\n\n\n<h3 class=\"wp-block-heading\">La importancia del resultado para la vuelta<\/h3>\n\n\n\n<p>El empate 1-1 deja la serie completamente abierta, con ambos equipos teniendo opciones reales de clasificar a la final.<\/p>\n\n\n\n<h3 class=\"wp-block-heading\">Londres ser\u00e1 el escenario decisivo<\/h3>\n\n\n\n<p>El partido de vuelta se disputar\u00e1 en casa del Arsenal, donde el equipo ingl\u00e9s buscar\u00e1 aprovechar su local\u00eda para inclinar la serie a su favor.<\/p>\n\n\n\n<h3 class=\"wp-block-heading\">La presi\u00f3n aumenta en la fase final del torneo<\/h3>\n\n\n\n<p>A medida que la Champions avanza hacia su desenlace, cada decisi\u00f3n, jugada y detalle adquiere una relevancia mayor.<\/p>\n\n\n\n<h3 class=\"wp-block-heading\">Un duelo que refleja la \u00e9lite del f\u00fatbol europeo<\/h3>\n\n\n\n<p>El enfrentamiento entre Atl\u00e9tico y Arsenal evidencia el nivel competitivo de las semifinales, donde la estrategia y la precisi\u00f3n marcan la diferencia.<\/p>\n\n\n\n<h3 class=\"wp-block-heading\">Expectativa por el desenlace de la serie<\/h3>\n\n\n\n<p>La igualdad en el marcador mantiene la expectativa abierta de cara al partido de vuelta, que promete ser tan intenso como el primero.<\/p>\n\n\n\n<p>S\u00edguenos en nuestra pagina de Facebook para mas noticias dale clik&nbsp;<a href=\"https:\/\/www.facebook.com\/profile.php?id=61569739743679\" target=\"_blank\" rel=\"noreferrer noopener\">aca<\/a><\/p>\n\n\n\n<p class=\"has-text-align-center has-vivid-red-color has-text-color has-link-color wp-elements-98dc736d1115480823fa87554f210834\"><strong>\u00a1LA REGION NOTICIA INFORMACION COMO DEBE SER!<\/strong><\/p>\n","protected":false},"excerpt":{"rendered":"<p>Un partido cerrado, con decisiones arbitrales pol\u00e9micas y tensi\u00f3n t\u00e1ctica, se definir\u00e1 en Londres Un duelo de alto nivel en las semifinales del f\u00fatbol europeo El enfrentamiento entre Atl\u00e9tico de&hellip; <\/p>\n","protected":false},"author":1,"featured_media":3819,"comment_status":"closed","ping_status":"open","sticky":false,"template":"","format":"standard","meta":{"footnotes":""},"categories":[5],"tags":[],"class_list":["post-3818","post","type-post","status-publish","format-standard","has-post-thumbnail","hentry","category-deportes"],"yoast_head":"<!-- This site is optimized with the Yoast SEO plugin v27.5 - https:\/\/yoast.com\/product\/yoast-seo-wordpress\/ -->\n<title>\ud83c\uddea\ud83c\uddfa Atl\u00e9tico de Madrid y Arsenal empatan en una semifinal marcada por el VAR y dejan abierta la serie en la Champions League - La Regi\u00f3n Noticia<\/title>\n<meta name=\"description\" content=\"Atl\u00e9tico de Madrid y Arsenal empatan 1-1 en semifinal de Champions marcada por el VAR. Todo se definir\u00e1 en Londres.\" \/>\n<meta name=\"robots\" content=\"index, follow, max-snippet:-1, max-image-preview:large, max-video-preview:-1\" \/>\n<link rel=\"canonical\" href=\"https:\/\/laregionnoticia.com\/?p=3818\" \/>\n<meta property=\"og:locale\" content=\"es_ES\" \/>\n<meta property=\"og:type\" content=\"article\" \/>\n<meta property=\"og:title\" content=\"\ud83c\uddea\ud83c\uddfa Atl\u00e9tico de Madrid y Arsenal empatan en una semifinal marcada por el VAR y dejan abierta la serie en la Champions League - La Regi\u00f3n Noticia\" \/>\n<meta property=\"og:description\" content=\"Atl\u00e9tico de Madrid y Arsenal empatan 1-1 en semifinal de Champions marcada por el VAR. Todo se definir\u00e1 en Londres.\" \/>\n<meta property=\"og:url\" content=\"https:\/\/laregionnoticia.com\/?p=3818\" \/>\n<meta property=\"og:site_name\" content=\"La Regi\u00f3n Noticia\" \/>\n<meta property=\"article:publisher\" content=\"https:\/\/www.facebook.com\/profile.php?id=61566329187948&amp;mibextid=ZbWKwL\" \/>\n<meta property=\"article:published_time\" content=\"2026-04-30T20:57:02+00:00\" \/>\n<meta property=\"article:modified_time\" content=\"2026-04-30T21:18:18+00:00\" \/>\n<meta property=\"og:image\" content=\"https:\/\/laregionnoticia.com\/wp-content\/uploads\/2026\/04\/semi-ayer-1.jpg\" \/>\n\t<meta property=\"og:image:width\" content=\"273\" \/>\n\t<meta property=\"og:image:height\" content=\"180\" \/>\n\t<meta property=\"og:image:type\" content=\"image\/jpeg\" \/>\n<meta name=\"author\" content=\"Redacci\u00f3n Digital La Regi\u00f3n\" \/>\n<meta name=\"twitter:card\" content=\"summary_large_image\" \/>\n<meta name=\"twitter:label1\" content=\"Escrito por\" \/>\n\t<meta name=\"twitter:data1\" content=\"Redacci\u00f3n Digital La Regi\u00f3n\" \/>\n\t<meta name=\"twitter:label2\" content=\"Tiempo de lectura\" \/>\n\t<meta name=\"twitter:data2\" content=\"4 minutos\" \/>\n<script type=\"application\/ld+json\" class=\"yoast-schema-graph\">{\"@context\":\"https:\\\/\\\/schema.org\",\"@graph\":[{\"@type\":\"Article\",\"@id\":\"https:\\\/\\\/laregionnoticia.com\\\/?p=3818#article\",\"isPartOf\":{\"@id\":\"https:\\\/\\\/laregionnoticia.com\\\/?p=3818\"},\"author\":{\"name\":\"Redacci\u00f3n Digital La Regi\u00f3n\",\"@id\":\"https:\\\/\\\/laregionnoticia.com\\\/#\\\/schema\\\/person\\\/5586c3a3653961e30e847de6e9b4db0c\"},\"headline\":\"\ud83c\uddea\ud83c\uddfa Atl\u00e9tico de Madrid y Arsenal empatan en una semifinal marcada por el VAR y dejan abierta la serie en la Champions League\",\"datePublished\":\"2026-04-30T20:57:02+00:00\",\"dateModified\":\"2026-04-30T21:18:18+00:00\",\"mainEntityOfPage\":{\"@id\":\"https:\\\/\\\/laregionnoticia.com\\\/?p=3818\"},\"wordCount\":716,\"publisher\":{\"@id\":\"https:\\\/\\\/laregionnoticia.com\\\/#organization\"},\"image\":{\"@id\":\"https:\\\/\\\/laregionnoticia.com\\\/?p=3818#primaryimage\"},\"thumbnailUrl\":\"https:\\\/\\\/laregionnoticia.com\\\/wp-content\\\/uploads\\\/2026\\\/04\\\/semi-ayer-1.jpg\",\"articleSection\":[\"Deportes\"],\"inLanguage\":\"es-CO\"},{\"@type\":\"WebPage\",\"@id\":\"https:\\\/\\\/laregionnoticia.com\\\/?p=3818\",\"url\":\"https:\\\/\\\/laregionnoticia.com\\\/?p=3818\",\"name\":\"\ud83c\uddea\ud83c\uddfa Atl\u00e9tico de Madrid y Arsenal empatan en una semifinal marcada por el VAR y dejan abierta la serie en la Champions League - La Regi\u00f3n Noticia\",\"isPartOf\":{\"@id\":\"https:\\\/\\\/laregionnoticia.com\\\/#website\"},\"primaryImageOfPage\":{\"@id\":\"https:\\\/\\\/laregionnoticia.com\\\/?p=3818#primaryimage\"},\"image\":{\"@id\":\"https:\\\/\\\/laregionnoticia.com\\\/?p=3818#primaryimage\"},\"thumbnailUrl\":\"https:\\\/\\\/laregionnoticia.com\\\/wp-content\\\/uploads\\\/2026\\\/04\\\/semi-ayer-1.jpg\",\"datePublished\":\"2026-04-30T20:57:02+00:00\",\"dateModified\":\"2026-04-30T21:18:18+00:00\",\"description\":\"Atl\u00e9tico de Madrid y Arsenal empatan 1-1 en semifinal de Champions marcada por el VAR. Todo se definir\u00e1 en Londres.\",\"breadcrumb\":{\"@id\":\"https:\\\/\\\/laregionnoticia.com\\\/?p=3818#breadcrumb\"},\"inLanguage\":\"es-CO\",\"potentialAction\":[{\"@type\":\"ReadAction\",\"target\":[\"https:\\\/\\\/laregionnoticia.com\\\/?p=3818\"]}]},{\"@type\":\"ImageObject\",\"inLanguage\":\"es-CO\",\"@id\":\"https:\\\/\\\/laregionnoticia.com\\\/?p=3818#primaryimage\",\"url\":\"https:\\\/\\\/laregionnoticia.com\\\/wp-content\\\/uploads\\\/2026\\\/04\\\/semi-ayer-1.jpg\",\"contentUrl\":\"https:\\\/\\\/laregionnoticia.com\\\/wp-content\\\/uploads\\\/2026\\\/04\\\/semi-ayer-1.jpg\",\"width\":273,\"height\":180},{\"@type\":\"BreadcrumbList\",\"@id\":\"https:\\\/\\\/laregionnoticia.com\\\/?p=3818#breadcrumb\",\"itemListElement\":[{\"@type\":\"ListItem\",\"position\":1,\"name\":\"Inicio\",\"item\":\"https:\\\/\\\/laregionnoticia.com\\\/\"},{\"@type\":\"ListItem\",\"position\":2,\"name\":\"\ud83c\uddea\ud83c\uddfa Atl\u00e9tico de Madrid y Arsenal empatan en una semifinal marcada por el VAR y dejan abierta la serie en la Champions League\"}]},{\"@type\":\"WebSite\",\"@id\":\"https:\\\/\\\/laregionnoticia.com\\\/#website\",\"url\":\"https:\\\/\\\/laregionnoticia.com\\\/\",\"name\":\"La Regi\u00f3n Noticia\",\"description\":\"Porque nuestro compromiso es la informaci\u00f3n veraz y oportuna\",\"publisher\":{\"@id\":\"https:\\\/\\\/laregionnoticia.com\\\/#organization\"},\"potentialAction\":[{\"@type\":\"SearchAction\",\"target\":{\"@type\":\"EntryPoint\",\"urlTemplate\":\"https:\\\/\\\/laregionnoticia.com\\\/?s={search_term_string}\"},\"query-input\":{\"@type\":\"PropertyValueSpecification\",\"valueRequired\":true,\"valueName\":\"search_term_string\"}}],\"inLanguage\":\"es-CO\"},{\"@type\":\"Organization\",\"@id\":\"https:\\\/\\\/laregionnoticia.com\\\/#organization\",\"name\":\"La Regi\u00f3n Noticia\",\"url\":\"https:\\\/\\\/laregionnoticia.com\\\/\",\"logo\":{\"@type\":\"ImageObject\",\"inLanguage\":\"es-CO\",\"@id\":\"https:\\\/\\\/laregionnoticia.com\\\/#\\\/schema\\\/logo\\\/image\\\/\",\"url\":\"https:\\\/\\\/laregionnoticia.com\\\/wp-content\\\/uploads\\\/2026\\\/04\\\/logo-nuevo-LRN.jpeg\",\"contentUrl\":\"https:\\\/\\\/laregionnoticia.com\\\/wp-content\\\/uploads\\\/2026\\\/04\\\/logo-nuevo-LRN.jpeg\",\"width\":1024,\"height\":1024,\"caption\":\"La Regi\u00f3n Noticia\"},\"image\":{\"@id\":\"https:\\\/\\\/laregionnoticia.com\\\/#\\\/schema\\\/logo\\\/image\\\/\"},\"sameAs\":[\"https:\\\/\\\/www.facebook.com\\\/profile.php?id=61566329187948&mibextid=ZbWKwL\"]},{\"@type\":\"Person\",\"@id\":\"https:\\\/\\\/laregionnoticia.com\\\/#\\\/schema\\\/person\\\/5586c3a3653961e30e847de6e9b4db0c\",\"name\":\"Redacci\u00f3n Digital La Regi\u00f3n\",\"image\":{\"@type\":\"ImageObject\",\"inLanguage\":\"es-CO\",\"@id\":\"https:\\\/\\\/secure.gravatar.com\\\/avatar\\\/9b5f9df140c465a9462bbbe6f15e20d3c36ce881a9632c520e1a0c34017037a0?s=96&d=mm&r=g\",\"url\":\"https:\\\/\\\/secure.gravatar.com\\\/avatar\\\/9b5f9df140c465a9462bbbe6f15e20d3c36ce881a9632c520e1a0c34017037a0?s=96&d=mm&r=g\",\"contentUrl\":\"https:\\\/\\\/secure.gravatar.com\\\/avatar\\\/9b5f9df140c465a9462bbbe6f15e20d3c36ce881a9632c520e1a0c34017037a0?s=96&d=mm&r=g\",\"caption\":\"Redacci\u00f3n Digital La Regi\u00f3n\"},\"sameAs\":[\"http:\\\/\\\/laregionnoticia.com\"],\"url\":\"https:\\\/\\\/laregionnoticia.com\\\/?author=1\"}]}<\/script>\n<!-- \/ Yoast SEO plugin. -->","yoast_head_json":{"title":"\ud83c\uddea\ud83c\uddfa Atl\u00e9tico de Madrid y Arsenal empatan en una semifinal marcada por el VAR y dejan abierta la serie en la Champions League - La Regi\u00f3n Noticia","description":"Atl\u00e9tico de Madrid y Arsenal empatan 1-1 en semifinal de Champions marcada por el VAR. Todo se definir\u00e1 en Londres.","robots":{"index":"index","follow":"follow","max-snippet":"max-snippet:-1","max-image-preview":"max-image-preview:large","max-video-preview":"max-video-preview:-1"},"canonical":"https:\/\/laregionnoticia.com\/?p=3818","og_locale":"es_ES","og_type":"article","og_title":"\ud83c\uddea\ud83c\uddfa Atl\u00e9tico de Madrid y Arsenal empatan en una semifinal marcada por el VAR y dejan abierta la serie en la Champions League - La Regi\u00f3n Noticia","og_description":"Atl\u00e9tico de Madrid y Arsenal empatan 1-1 en semifinal de Champions marcada por el VAR. Todo se definir\u00e1 en Londres.","og_url":"https:\/\/laregionnoticia.com\/?p=3818","og_site_name":"La Regi\u00f3n Noticia","article_publisher":"https:\/\/www.facebook.com\/profile.php?id=61566329187948&mibextid=ZbWKwL","article_published_time":"2026-04-30T20:57:02+00:00","article_modified_time":"2026-04-30T21:18:18+00:00","og_image":[{"width":273,"height":180,"url":"https:\/\/laregionnoticia.com\/wp-content\/uploads\/2026\/04\/semi-ayer-1.jpg","type":"image\/jpeg"}],"author":"Redacci\u00f3n Digital La Regi\u00f3n","twitter_card":"summary_large_image","twitter_misc":{"Escrito por":"Redacci\u00f3n Digital La Regi\u00f3n","Tiempo de lectura":"4 minutos"},"schema":{"@context":"https:\/\/schema.org","@graph":[{"@type":"Article","@id":"https:\/\/laregionnoticia.com\/?p=3818#article","isPartOf":{"@id":"https:\/\/laregionnoticia.com\/?p=3818"},"author":{"name":"Redacci\u00f3n Digital La Regi\u00f3n","@id":"https:\/\/laregionnoticia.com\/#\/schema\/person\/5586c3a3653961e30e847de6e9b4db0c"},"headline":"\ud83c\uddea\ud83c\uddfa Atl\u00e9tico de Madrid y Arsenal empatan en una semifinal marcada por el VAR y dejan abierta la serie en la Champions League","datePublished":"2026-04-30T20:57:02+00:00","dateModified":"2026-04-30T21:18:18+00:00","mainEntityOfPage":{"@id":"https:\/\/laregionnoticia.com\/?p=3818"},"wordCount":716,"publisher":{"@id":"https:\/\/laregionnoticia.com\/#organization"},"image":{"@id":"https:\/\/laregionnoticia.com\/?p=3818#primaryimage"},"thumbnailUrl":"https:\/\/laregionnoticia.com\/wp-content\/uploads\/2026\/04\/semi-ayer-1.jpg","articleSection":["Deportes"],"inLanguage":"es-CO"},{"@type":"WebPage","@id":"https:\/\/laregionnoticia.com\/?p=3818","url":"https:\/\/laregionnoticia.com\/?p=3818","name":"\ud83c\uddea\ud83c\uddfa Atl\u00e9tico de Madrid y Arsenal empatan en una semifinal marcada por el VAR y dejan abierta la serie en la Champions League - La Regi\u00f3n Noticia","isPartOf":{"@id":"https:\/\/laregionnoticia.com\/#website"},"primaryImageOfPage":{"@id":"https:\/\/laregionnoticia.com\/?p=3818#primaryimage"},"image":{"@id":"https:\/\/laregionnoticia.com\/?p=3818#primaryimage"},"thumbnailUrl":"https:\/\/laregionnoticia.com\/wp-content\/uploads\/2026\/04\/semi-ayer-1.jpg","datePublished":"2026-04-30T20:57:02+00:00","dateModified":"2026-04-30T21:18:18+00:00","description":"Atl\u00e9tico de Madrid y Arsenal empatan 1-1 en semifinal de Champions marcada por el VAR. Todo se definir\u00e1 en Londres.","breadcrumb":{"@id":"https:\/\/laregionnoticia.com\/?p=3818#breadcrumb"},"inLanguage":"es-CO","potentialAction":[{"@type":"ReadAction","target":["https:\/\/laregionnoticia.com\/?p=3818"]}]},{"@type":"ImageObject","inLanguage":"es-CO","@id":"https:\/\/laregionnoticia.com\/?p=3818#primaryimage","url":"https:\/\/laregionnoticia.com\/wp-content\/uploads\/2026\/04\/semi-ayer-1.jpg","contentUrl":"https:\/\/laregionnoticia.com\/wp-content\/uploads\/2026\/04\/semi-ayer-1.jpg","width":273,"height":180},{"@type":"BreadcrumbList","@id":"https:\/\/laregionnoticia.com\/?p=3818#breadcrumb","itemListElement":[{"@type":"ListItem","position":1,"name":"Inicio","item":"https:\/\/laregionnoticia.com\/"},{"@type":"ListItem","position":2,"name":"\ud83c\uddea\ud83c\uddfa Atl\u00e9tico de Madrid y Arsenal empatan en una semifinal marcada por el VAR y dejan abierta la serie en la Champions League"}]},{"@type":"WebSite","@id":"https:\/\/laregionnoticia.com\/#website","url":"https:\/\/laregionnoticia.com\/","name":"La Regi\u00f3n Noticia","description":"Porque nuestro compromiso es la informaci\u00f3n veraz y oportuna","publisher":{"@id":"https:\/\/laregionnoticia.com\/#organization"},"potentialAction":[{"@type":"SearchAction","target":{"@type":"EntryPoint","urlTemplate":"https:\/\/laregionnoticia.com\/?s={search_term_string}"},"query-input":{"@type":"PropertyValueSpecification","valueRequired":true,"valueName":"search_term_string"}}],"inLanguage":"es-CO"},{"@type":"Organization","@id":"https:\/\/laregionnoticia.com\/#organization","name":"La Regi\u00f3n Noticia","url":"https:\/\/laregionnoticia.com\/","logo":{"@type":"ImageObject","inLanguage":"es-CO","@id":"https:\/\/laregionnoticia.com\/#\/schema\/logo\/image\/","url":"https:\/\/laregionnoticia.com\/wp-content\/uploads\/2026\/04\/logo-nuevo-LRN.jpeg","contentUrl":"https:\/\/laregionnoticia.com\/wp-content\/uploads\/2026\/04\/logo-nuevo-LRN.jpeg","width":1024,"height":1024,"caption":"La Regi\u00f3n Noticia"},"image":{"@id":"https:\/\/laregionnoticia.com\/#\/schema\/logo\/image\/"},"sameAs":["https:\/\/www.facebook.com\/profile.php?id=61566329187948&mibextid=ZbWKwL"]},{"@type":"Person","@id":"https:\/\/laregionnoticia.com\/#\/schema\/person\/5586c3a3653961e30e847de6e9b4db0c","name":"Redacci\u00f3n Digital La Regi\u00f3n","image":{"@type":"ImageObject","inLanguage":"es-CO","@id":"https:\/\/secure.gravatar.com\/avatar\/9b5f9df140c465a9462bbbe6f15e20d3c36ce881a9632c520e1a0c34017037a0?s=96&d=mm&r=g","url":"https:\/\/secure.gravatar.com\/avatar\/9b5f9df140c465a9462bbbe6f15e20d3c36ce881a9632c520e1a0c34017037a0?s=96&d=mm&r=g","contentUrl":"https:\/\/secure.gravatar.com\/avatar\/9b5f9df140c465a9462bbbe6f15e20d3c36ce881a9632c520e1a0c34017037a0?s=96&d=mm&r=g","caption":"Redacci\u00f3n Digital La Regi\u00f3n"},"sameAs":["http:\/\/laregionnoticia.com"],"url":"https:\/\/laregionnoticia.com\/?author=1"}]}},"_links":{"self":[{"href":"https:\/\/laregionnoticia.com\/index.php?rest_route=\/wp\/v2\/posts\/3818","targetHints":{"allow":["GET"]}}],"collection":[{"href":"https:\/\/laregionnoticia.com\/index.php?rest_route=\/wp\/v2\/posts"}],"about":[{"href":"https:\/\/laregionnoticia.com\/index.php?rest_route=\/wp\/v2\/types\/post"}],"author":[{"embeddable":true,"href":"https:\/\/laregionnoticia.com\/index.php?rest_route=\/wp\/v2\/users\/1"}],"replies":[{"embeddable":true,"href":"https:\/\/laregionnoticia.com\/index.php?rest_route=%2Fwp%2Fv2%2Fcomments&post=3818"}],"version-history":[{"count":2,"href":"https:\/\/laregionnoticia.com\/index.php?rest_route=\/wp\/v2\/posts\/3818\/revisions"}],"predecessor-version":[{"id":3824,"href":"https:\/\/laregionnoticia.com\/index.php?rest_route=\/wp\/v2\/posts\/3818\/revisions\/3824"}],"wp:featuredmedia":[{"embeddable":true,"href":"https:\/\/laregionnoticia.com\/index.php?rest_route=\/wp\/v2\/media\/3819"}],"wp:attachment":[{"href":"https:\/\/laregionnoticia.com\/index.php?rest_route=%2Fwp%2Fv2%2Fmedia&parent=3818"}],"wp:term":[{"taxonomy":"category","embeddable":true,"href":"https:\/\/laregionnoticia.com\/index.php?rest_route=%2Fwp%2Fv2%2Fcategories&post=3818"},{"taxonomy":"post_tag","embeddable":true,"href":"https:\/\/laregionnoticia.com\/index.php?rest_route=%2Fwp%2Fv2%2Ftags&post=3818"}],"curies":[{"name":"wp","href":"https:\/\/api.w.org\/{rel}","templated":true}]}}