{"id":3825,"date":"2026-05-01T15:47:39","date_gmt":"2026-05-01T20:47:39","guid":{"rendered":"https:\/\/laregionnoticia.com\/?p=3825"},"modified":"2026-05-01T17:45:50","modified_gmt":"2026-05-01T22:45:50","slug":"figuras-extranas-camaras-seguridad-video","status":"publish","type":"post","link":"https:\/\/laregionnoticia.com\/?p=3825","title":{"rendered":"\ud83c\udde8\ud83c\uddf4 En video: extra\u00f1as figuras captadas por c\u00e1maras de seguridad en la madrugada desatan misterio y debate sobre lo inexplicable"},"content":{"rendered":"\n<h2 class=\"wp-block-heading\">Tres registros en una misma noche muestran luces y figuras que parecen interactuar en un conjunto residencial y abren interrogantes sobre su origen<\/h2>\n\n\n\n<figure class=\"wp-block-image size-large is-resized\"><img loading=\"lazy\" decoding=\"async\" width=\"576\" height=\"1024\" src=\"https:\/\/laregionnoticia.com\/wp-content\/uploads\/2026\/05\/fantasma-1-576x1024.jpeg\" alt=\"\" class=\"wp-image-3827\" style=\"width:840px;height:auto\" srcset=\"https:\/\/laregionnoticia.com\/wp-content\/uploads\/2026\/05\/fantasma-1-576x1024.jpeg 576w, https:\/\/laregionnoticia.com\/wp-content\/uploads\/2026\/05\/fantasma-1-169x300.jpeg 169w, https:\/\/laregionnoticia.com\/wp-content\/uploads\/2026\/05\/fantasma-1-768x1365.jpeg 768w, https:\/\/laregionnoticia.com\/wp-content\/uploads\/2026\/05\/fantasma-1-864x1536.jpeg 864w, https:\/\/laregionnoticia.com\/wp-content\/uploads\/2026\/05\/fantasma-1.jpeg 900w\" sizes=\"auto, (max-width: 576px) 100vw, 576px\" \/><\/figure>\n\n\n\n<h3 class=\"wp-block-heading\">Un registro captado en c\u00e1maras de seguridad que ha comenzado a generar inquietud<\/h3>\n\n\n\n<p>Un conjunto residencial en Latinoam\u00e9rica se convirti\u00f3 en el escenario de una serie de registros que han comenzado a circular y a despertar inquietud entre quienes han visto las im\u00e1genes. Se trata de tres videos captados por c\u00e1maras de seguridad durante la madrugada del 22 de abril de 2026, en los que se observan fen\u00f3menos visuales que, hasta el momento, no tienen una explicaci\u00f3n clara.<\/p>\n\n\n\n<p>Las grabaciones, tomadas en distintos puntos del mismo lugar y en un intervalo de poco m\u00e1s de una hora, muestran luces y figuras que parecen desplazarse de manera inusual, lo que ha llevado a m\u00faltiples interpretaciones sobre lo ocurrido.<\/p>\n\n\n\n<h3 class=\"wp-block-heading\">Una misma noche, varios eventos y un patr\u00f3n temporal que llama la atenci\u00f3n<\/h3>\n\n\n\n<p>Uno de los elementos que m\u00e1s ha despertado inter\u00e9s es la coincidencia temporal de los registros. El primer video fue captado a la 1:26 de la madrugada, mientras que los otros dos ocurrieron a las 2:26 y 2:35 respectivamente.<\/p>\n\n\n\n<p>La cercan\u00eda entre los horarios y el hecho de que todos los eventos ocurran en el mismo entorno refuerzan la percepci\u00f3n de que no se tratar\u00eda de hechos aislados, sino de una secuencia que podr\u00eda estar relacionada.<\/p>\n\n\n\n<h3 class=\"wp-block-heading\">El primer video: una luz que no sigue un comportamiento convencional<\/h3>\n\n\n\n<p>En el primer registro, la c\u00e1mara enfoca una zona de parqueo dentro del conjunto residencial, donde varios veh\u00edculos permanecen estacionados en aparente normalidad.<\/p>\n\n\n\n<p>Sin embargo, en medio de esa escena cotidiana aparece una luz que se desplaza de un lado a otro. Lo que llama la atenci\u00f3n no es solo su presencia, sino su comportamiento: el punto luminoso no sigue una trayectoria lineal ni constante, sino que cambia de direcci\u00f3n, avanza y luego se devuelve, como si respondiera a una din\u00e1mica propia.<\/p>\n\n\n\n<p>Este tipo de movimiento ha sido uno de los aspectos m\u00e1s discutidos, ya que no encaja f\u00e1cilmente con fuentes de luz comunes como veh\u00edculos, reflejos directos o iluminaci\u00f3n fija.<\/p>\n\n\n\n<h3 class=\"wp-block-heading\">Un segundo registro que introduce un elemento m\u00e1s inquietante<\/h3>\n\n\n\n<p>El segundo video, captado exactamente una hora despu\u00e9s, traslada la escena hacia la entrada del parqueadero del conjunto, en un punto donde la c\u00e1mara tambi\u00e9n alcanza a registrar parte del and\u00e9n exterior.<\/p>\n\n\n\n<p>Es en este momento donde aparece una figura difusa, con tonalidad verdosa, que se desplaza desde un extremo del encuadre hacia la zona de acceso. Su forma no es definida y su movimiento recuerda m\u00e1s al comportamiento de humo que al de un objeto s\u00f3lido.<\/p>\n\n\n\n<h3 class=\"wp-block-heading\">La aparici\u00f3n de una segunda figura cambia completamente la escena<\/h3>\n\n\n\n<p>Minutos despu\u00e9s, en el mismo encuadre, aparece una segunda figura, esta vez m\u00e1s oscura, casi negra, que tambi\u00e9n se presenta como una masa difusa en movimiento.<\/p>\n\n\n\n<p>Lo que transforma el registro en algo m\u00e1s complejo es que ambas figuras permanecen en el mismo punto durante varios segundos, lo que genera la impresi\u00f3n de que no solo comparten el espacio, sino que podr\u00edan estar interactuando.<\/p>\n\n\n\n<h3 class=\"wp-block-heading\">Una aparente interacci\u00f3n que genera m\u00faltiples interpretaciones<\/h3>\n\n\n\n<p>Durante ese momento, las figuras parecen enfrentarse o reaccionar entre s\u00ed. Los movimientos sugieren una especie de contacto, como si una empujara a la otra, lo que rompe con la idea de un fen\u00f3meno pasivo o meramente ambiental.<\/p>\n\n\n\n<p>Este tipo de interacci\u00f3n es uno de los elementos que m\u00e1s debate ha generado, ya que introduce un componente din\u00e1mico que resulta dif\u00edcil de explicar bajo causas simples.<\/p>\n\n\n\n<h3 class=\"wp-block-heading\">Un cambio brusco en la imagen y una desaparici\u00f3n repentina<\/h3>\n\n\n\n<p>En medio de esa interacci\u00f3n, se produce un salto visual en la grabaci\u00f3n, tras el cual ambas figuras se desplazan r\u00e1pidamente fuera del encuadre, hacia la parte inferior de la imagen, hasta desaparecer completamente.<\/p>\n\n\n\n<p>La velocidad del movimiento final contrasta con el desplazamiento inicial, lo que a\u00f1ade otro elemento de incertidumbre al an\u00e1lisis del video.<\/p>\n\n\n\n<h3 class=\"wp-block-heading\">El tercer registro refuerza la idea de repetici\u00f3n<\/h3>\n\n\n\n<p>El tercer video, captado apenas minutos despu\u00e9s, vuelve a mostrar figuras similares, esta vez ubicadas sobre el \u00e1rea del jard\u00edn en la entrada del conjunto residencial.<\/p>\n\n\n\n<p>Aunque el encuadre cambia ligeramente, el comportamiento visual mantiene similitudes claras con el registro anterior, lo que refuerza la percepci\u00f3n de que no se trata de un evento aislado.<\/p>\n\n\n\n<h3 class=\"wp-block-heading\">La repetici\u00f3n en distintos puntos del mismo lugar<\/h3>\n\n\n\n<p>Uno de los aspectos m\u00e1s relevantes es que las figuras no aparecen en un \u00fanico punto fijo, sino que se presentan en diferentes zonas del entorno captado por las c\u00e1maras.<\/p>\n\n\n\n<p>Esto introduce la posibilidad de un fen\u00f3meno que no est\u00e1 vinculado a un objeto espec\u00edfico del lugar, sino a algo que se desplaza dentro del espacio.<\/p>\n\n\n\n<h3 class=\"wp-block-heading\">\u00bfFen\u00f3meno visual, interferencia o algo m\u00e1s?<\/h3>\n\n\n\n<p>Como ocurre en este tipo de casos, las interpretaciones no se han hecho esperar. Algunos consideran que podr\u00eda tratarse de efectos visuales generados por la c\u00e1mara, como reflejos, interferencias o condiciones de iluminaci\u00f3n particulares.<\/p>\n\n\n\n<p>Otros, en cambio, se\u00f1alan que la interacci\u00f3n entre las figuras y la repetici\u00f3n del fen\u00f3meno en distintos momentos dificultan encasillar el caso dentro de explicaciones convencionales.<\/p>\n\n\n\n<h3 class=\"wp-block-heading\">Un tipo de registro que ha sido reportado en otros contextos<\/h3>\n\n\n\n<p>En distintos pa\u00edses se han documentado situaciones similares en c\u00e1maras de seguridad, donde aparecen figuras difusas o luces con comportamientos inusuales.<\/p>\n\n\n\n<p>Sin embargo, la mayor\u00eda de estos casos corresponden a registros aislados. Lo que diferencia este episodio es la presencia de m\u00faltiples eventos en una misma noche y con caracter\u00edsticas similares.<\/p>\n\n\n\n<h3 class=\"wp-block-heading\">El papel de las c\u00e1maras en los fen\u00f3menos inexplicables<\/h3>\n\n\n\n<p>Las c\u00e1maras de seguridad se han convertido en una de las principales fuentes de este tipo de registros, al capturar escenas sin intervenci\u00f3n humana directa y en horarios donde la actividad es m\u00ednima.<\/p>\n\n\n\n<p>Esto ha llevado a que muchos fen\u00f3menos, antes imposibles de documentar, ahora queden registrados y puedan ser analizados posteriormente.<\/p>\n\n\n\n<h3 class=\"wp-block-heading\">Un material que abre m\u00e1s preguntas que respuestas<\/h3>\n\n\n\n<p>Lejos de ofrecer conclusiones definitivas, los videos dejan una serie de interrogantes abiertos. La naturaleza de las figuras, su comportamiento y la coincidencia temporal de los eventos son elementos que, por ahora, no tienen una explicaci\u00f3n clara.<\/p>\n\n\n\n<h3 class=\"wp-block-heading\">El debate se traslada a la interpretaci\u00f3n de quien observa<\/h3>\n\n\n\n<p>Como ocurre con la mayor\u00eda de los fen\u00f3menos de este tipo, la interpretaci\u00f3n final queda en manos de quien observa las im\u00e1genes.<\/p>\n\n\n\n<p>Para algunos, se trata de un fen\u00f3meno visual explicable; para otros, es un registro que escapa a lo convencional y que podr\u00eda pertenecer a un \u00e1mbito a\u00fan no comprendido.<\/p>\n\n\n\n<h3 class=\"wp-block-heading\">Un caso reciente que alimenta el inter\u00e9s por lo desconocido<\/h3>\n\n\n\n<p>El hecho de que los videos hayan sido captados recientemente, en abril de 2026, a\u00f1ade un elemento de actualidad que ha impulsado su difusi\u00f3n.<\/p>\n\n\n\n<p>En un contexto donde los fen\u00f3menos inexplicables siguen generando inter\u00e9s global, este tipo de registros contin\u00faa alimentando el debate entre lo racional y lo desconocido.<\/p>\n\n\n\n<h3 class=\"wp-block-heading\">Un cierre sin conclusiones definitivas<\/h3>\n\n\n\n<p>Por ahora, el caso permanece abierto. Las im\u00e1genes est\u00e1n ah\u00ed, el registro existe y las interpretaciones siguen dividi\u00e9ndose.<\/p>\n\n\n\n<p>La pregunta, sin embargo, sigue siendo la misma: \u00bfse trata de un efecto visual poco com\u00fan o de algo que a\u00fan no tiene explicaci\u00f3n clara?<\/p>\n\n\n\n<figure class=\"wp-block-embed is-type-video is-provider-youtube wp-block-embed-youtube wp-embed-aspect-16-9 wp-has-aspect-ratio\"><div class=\"wp-block-embed__wrapper\">\n<iframe loading=\"lazy\" title=\"\ud83d\ude31\u00bf OVNIS y Fantasmas? Extra\u00f1as figuras aparecen en c\u00e1maras de seguridad de conjunto residencial!!\" width=\"1110\" height=\"624\" src=\"https:\/\/www.youtube.com\/embed\/69mtylMaH-M?feature=oembed\" frameborder=\"0\" allow=\"accelerometer; autoplay; clipboard-write; encrypted-media; gyroscope; picture-in-picture; web-share\" referrerpolicy=\"strict-origin-when-cross-origin\" allowfullscreen><\/iframe>\n<\/div><\/figure>\n\n\n\n<p>S\u00edguenos en nuestra pagina de Facebook para mas noticias dale clik&nbsp;<a href=\"https:\/\/www.facebook.com\/profile.php?id=61569739743679\" target=\"_blank\" rel=\"noreferrer noopener\">aca<\/a><\/p>\n\n\n\n<p class=\"has-text-align-center has-vivid-red-color has-text-color has-link-color wp-elements-98dc736d1115480823fa87554f210834\"><strong>\u00a1LA REGION NOTICIA INFORMACION COMO DEBE SER!<\/strong><\/p>\n\n\n\n<p><\/p>\n","protected":false},"excerpt":{"rendered":"<p>Tres registros en una misma noche muestran luces y figuras que parecen interactuar en un conjunto residencial y abren interrogantes sobre su origen Un registro captado en c\u00e1maras de seguridad&hellip; <\/p>\n","protected":false},"author":1,"featured_media":3826,"comment_status":"closed","ping_status":"open","sticky":false,"template":"","format":"standard","meta":{"footnotes":""},"categories":[9],"tags":[],"class_list":["post-3825","post","type-post","status-publish","format-standard","has-post-thumbnail","hentry","category-paranormal"],"yoast_head":"<!-- This site is optimized with the Yoast SEO plugin v27.5 - https:\/\/yoast.com\/product\/yoast-seo-wordpress\/ -->\n<title>\ud83c\udde8\ud83c\uddf4 En video: extra\u00f1as figuras captadas por c\u00e1maras de seguridad en la madrugada desatan misterio y debate sobre lo inexplicable - La Regi\u00f3n Noticia<\/title>\n<meta name=\"description\" content=\"Tres videos captados en la madrugada muestran figuras extra\u00f1as en c\u00e1maras de seguridad que parecen interactuar. El caso genera debate.\" \/>\n<meta name=\"robots\" content=\"index, follow, max-snippet:-1, max-image-preview:large, max-video-preview:-1\" \/>\n<link rel=\"canonical\" href=\"https:\/\/laregionnoticia.com\/?p=3825\" \/>\n<meta property=\"og:locale\" content=\"es_ES\" \/>\n<meta property=\"og:type\" content=\"article\" \/>\n<meta property=\"og:title\" content=\"\ud83c\udde8\ud83c\uddf4 En video: extra\u00f1as figuras captadas por c\u00e1maras de seguridad en la madrugada desatan misterio y debate sobre lo inexplicable - La Regi\u00f3n Noticia\" \/>\n<meta property=\"og:description\" content=\"Tres videos captados en la madrugada muestran figuras extra\u00f1as en c\u00e1maras de seguridad que parecen interactuar. El caso genera debate.\" \/>\n<meta property=\"og:url\" content=\"https:\/\/laregionnoticia.com\/?p=3825\" \/>\n<meta property=\"og:site_name\" content=\"La Regi\u00f3n Noticia\" \/>\n<meta property=\"article:publisher\" content=\"https:\/\/www.facebook.com\/profile.php?id=61566329187948&amp;mibextid=ZbWKwL\" \/>\n<meta property=\"article:published_time\" content=\"2026-05-01T20:47:39+00:00\" \/>\n<meta property=\"article:modified_time\" content=\"2026-05-01T22:45:50+00:00\" \/>\n<meta property=\"og:image\" content=\"https:\/\/laregionnoticia.com\/wp-content\/uploads\/2026\/05\/fantasma-1-Portada.jpeg\" \/>\n\t<meta property=\"og:image:width\" content=\"1600\" \/>\n\t<meta property=\"og:image:height\" content=\"900\" \/>\n\t<meta property=\"og:image:type\" content=\"image\/jpeg\" \/>\n<meta name=\"author\" content=\"Redacci\u00f3n Digital La Regi\u00f3n\" \/>\n<meta name=\"twitter:card\" content=\"summary_large_image\" \/>\n<meta name=\"twitter:label1\" content=\"Escrito por\" \/>\n\t<meta name=\"twitter:data1\" content=\"Redacci\u00f3n Digital La Regi\u00f3n\" \/>\n\t<meta name=\"twitter:label2\" content=\"Tiempo de lectura\" \/>\n\t<meta name=\"twitter:data2\" content=\"6 minutos\" \/>\n<script type=\"application\/ld+json\" class=\"yoast-schema-graph\">{\"@context\":\"https:\\\/\\\/schema.org\",\"@graph\":[{\"@type\":\"Article\",\"@id\":\"https:\\\/\\\/laregionnoticia.com\\\/?p=3825#article\",\"isPartOf\":{\"@id\":\"https:\\\/\\\/laregionnoticia.com\\\/?p=3825\"},\"author\":{\"name\":\"Redacci\u00f3n Digital La Regi\u00f3n\",\"@id\":\"https:\\\/\\\/laregionnoticia.com\\\/#\\\/schema\\\/person\\\/5586c3a3653961e30e847de6e9b4db0c\"},\"headline\":\"\ud83c\udde8\ud83c\uddf4 En video: extra\u00f1as figuras captadas por c\u00e1maras de seguridad en la madrugada desatan misterio y debate sobre lo inexplicable\",\"datePublished\":\"2026-05-01T20:47:39+00:00\",\"dateModified\":\"2026-05-01T22:45:50+00:00\",\"mainEntityOfPage\":{\"@id\":\"https:\\\/\\\/laregionnoticia.com\\\/?p=3825\"},\"wordCount\":1321,\"publisher\":{\"@id\":\"https:\\\/\\\/laregionnoticia.com\\\/#organization\"},\"image\":{\"@id\":\"https:\\\/\\\/laregionnoticia.com\\\/?p=3825#primaryimage\"},\"thumbnailUrl\":\"https:\\\/\\\/laregionnoticia.com\\\/wp-content\\\/uploads\\\/2026\\\/05\\\/fantasma-1-Portada.jpeg\",\"articleSection\":[\"Paranormal\"],\"inLanguage\":\"es-CO\"},{\"@type\":\"WebPage\",\"@id\":\"https:\\\/\\\/laregionnoticia.com\\\/?p=3825\",\"url\":\"https:\\\/\\\/laregionnoticia.com\\\/?p=3825\",\"name\":\"\ud83c\udde8\ud83c\uddf4 En video: extra\u00f1as figuras captadas por c\u00e1maras de seguridad en la madrugada desatan misterio y debate sobre lo inexplicable - La Regi\u00f3n Noticia\",\"isPartOf\":{\"@id\":\"https:\\\/\\\/laregionnoticia.com\\\/#website\"},\"primaryImageOfPage\":{\"@id\":\"https:\\\/\\\/laregionnoticia.com\\\/?p=3825#primaryimage\"},\"image\":{\"@id\":\"https:\\\/\\\/laregionnoticia.com\\\/?p=3825#primaryimage\"},\"thumbnailUrl\":\"https:\\\/\\\/laregionnoticia.com\\\/wp-content\\\/uploads\\\/2026\\\/05\\\/fantasma-1-Portada.jpeg\",\"datePublished\":\"2026-05-01T20:47:39+00:00\",\"dateModified\":\"2026-05-01T22:45:50+00:00\",\"description\":\"Tres videos captados en la madrugada muestran figuras extra\u00f1as en c\u00e1maras de seguridad que parecen interactuar. El caso genera debate.\",\"breadcrumb\":{\"@id\":\"https:\\\/\\\/laregionnoticia.com\\\/?p=3825#breadcrumb\"},\"inLanguage\":\"es-CO\",\"potentialAction\":[{\"@type\":\"ReadAction\",\"target\":[\"https:\\\/\\\/laregionnoticia.com\\\/?p=3825\"]}]},{\"@type\":\"ImageObject\",\"inLanguage\":\"es-CO\",\"@id\":\"https:\\\/\\\/laregionnoticia.com\\\/?p=3825#primaryimage\",\"url\":\"https:\\\/\\\/laregionnoticia.com\\\/wp-content\\\/uploads\\\/2026\\\/05\\\/fantasma-1-Portada.jpeg\",\"contentUrl\":\"https:\\\/\\\/laregionnoticia.com\\\/wp-content\\\/uploads\\\/2026\\\/05\\\/fantasma-1-Portada.jpeg\",\"width\":1600,\"height\":900},{\"@type\":\"BreadcrumbList\",\"@id\":\"https:\\\/\\\/laregionnoticia.com\\\/?p=3825#breadcrumb\",\"itemListElement\":[{\"@type\":\"ListItem\",\"position\":1,\"name\":\"Inicio\",\"item\":\"https:\\\/\\\/laregionnoticia.com\\\/\"},{\"@type\":\"ListItem\",\"position\":2,\"name\":\"\ud83c\udde8\ud83c\uddf4 En video: extra\u00f1as figuras captadas por c\u00e1maras de seguridad en la madrugada desatan misterio y debate sobre lo inexplicable\"}]},{\"@type\":\"WebSite\",\"@id\":\"https:\\\/\\\/laregionnoticia.com\\\/#website\",\"url\":\"https:\\\/\\\/laregionnoticia.com\\\/\",\"name\":\"La Regi\u00f3n Noticia\",\"description\":\"Porque nuestro compromiso es la informaci\u00f3n veraz y oportuna\",\"publisher\":{\"@id\":\"https:\\\/\\\/laregionnoticia.com\\\/#organization\"},\"potentialAction\":[{\"@type\":\"SearchAction\",\"target\":{\"@type\":\"EntryPoint\",\"urlTemplate\":\"https:\\\/\\\/laregionnoticia.com\\\/?s={search_term_string}\"},\"query-input\":{\"@type\":\"PropertyValueSpecification\",\"valueRequired\":true,\"valueName\":\"search_term_string\"}}],\"inLanguage\":\"es-CO\"},{\"@type\":\"Organization\",\"@id\":\"https:\\\/\\\/laregionnoticia.com\\\/#organization\",\"name\":\"La Regi\u00f3n Noticia\",\"url\":\"https:\\\/\\\/laregionnoticia.com\\\/\",\"logo\":{\"@type\":\"ImageObject\",\"inLanguage\":\"es-CO\",\"@id\":\"https:\\\/\\\/laregionnoticia.com\\\/#\\\/schema\\\/logo\\\/image\\\/\",\"url\":\"https:\\\/\\\/laregionnoticia.com\\\/wp-content\\\/uploads\\\/2026\\\/04\\\/logo-nuevo-LRN.jpeg\",\"contentUrl\":\"https:\\\/\\\/laregionnoticia.com\\\/wp-content\\\/uploads\\\/2026\\\/04\\\/logo-nuevo-LRN.jpeg\",\"width\":1024,\"height\":1024,\"caption\":\"La Regi\u00f3n Noticia\"},\"image\":{\"@id\":\"https:\\\/\\\/laregionnoticia.com\\\/#\\\/schema\\\/logo\\\/image\\\/\"},\"sameAs\":[\"https:\\\/\\\/www.facebook.com\\\/profile.php?id=61566329187948&mibextid=ZbWKwL\"]},{\"@type\":\"Person\",\"@id\":\"https:\\\/\\\/laregionnoticia.com\\\/#\\\/schema\\\/person\\\/5586c3a3653961e30e847de6e9b4db0c\",\"name\":\"Redacci\u00f3n Digital La Regi\u00f3n\",\"image\":{\"@type\":\"ImageObject\",\"inLanguage\":\"es-CO\",\"@id\":\"https:\\\/\\\/secure.gravatar.com\\\/avatar\\\/9b5f9df140c465a9462bbbe6f15e20d3c36ce881a9632c520e1a0c34017037a0?s=96&d=mm&r=g\",\"url\":\"https:\\\/\\\/secure.gravatar.com\\\/avatar\\\/9b5f9df140c465a9462bbbe6f15e20d3c36ce881a9632c520e1a0c34017037a0?s=96&d=mm&r=g\",\"contentUrl\":\"https:\\\/\\\/secure.gravatar.com\\\/avatar\\\/9b5f9df140c465a9462bbbe6f15e20d3c36ce881a9632c520e1a0c34017037a0?s=96&d=mm&r=g\",\"caption\":\"Redacci\u00f3n Digital La Regi\u00f3n\"},\"sameAs\":[\"http:\\\/\\\/laregionnoticia.com\"],\"url\":\"https:\\\/\\\/laregionnoticia.com\\\/?author=1\"}]}<\/script>\n<!-- \/ Yoast SEO plugin. -->","yoast_head_json":{"title":"\ud83c\udde8\ud83c\uddf4 En video: extra\u00f1as figuras captadas por c\u00e1maras de seguridad en la madrugada desatan misterio y debate sobre lo inexplicable - La Regi\u00f3n Noticia","description":"Tres videos captados en la madrugada muestran figuras extra\u00f1as en c\u00e1maras de seguridad que parecen interactuar. El caso genera debate.","robots":{"index":"index","follow":"follow","max-snippet":"max-snippet:-1","max-image-preview":"max-image-preview:large","max-video-preview":"max-video-preview:-1"},"canonical":"https:\/\/laregionnoticia.com\/?p=3825","og_locale":"es_ES","og_type":"article","og_title":"\ud83c\udde8\ud83c\uddf4 En video: extra\u00f1as figuras captadas por c\u00e1maras de seguridad en la madrugada desatan misterio y debate sobre lo inexplicable - La Regi\u00f3n Noticia","og_description":"Tres videos captados en la madrugada muestran figuras extra\u00f1as en c\u00e1maras de seguridad que parecen interactuar. El caso genera debate.","og_url":"https:\/\/laregionnoticia.com\/?p=3825","og_site_name":"La Regi\u00f3n Noticia","article_publisher":"https:\/\/www.facebook.com\/profile.php?id=61566329187948&mibextid=ZbWKwL","article_published_time":"2026-05-01T20:47:39+00:00","article_modified_time":"2026-05-01T22:45:50+00:00","og_image":[{"width":1600,"height":900,"url":"https:\/\/laregionnoticia.com\/wp-content\/uploads\/2026\/05\/fantasma-1-Portada.jpeg","type":"image\/jpeg"}],"author":"Redacci\u00f3n Digital La Regi\u00f3n","twitter_card":"summary_large_image","twitter_misc":{"Escrito por":"Redacci\u00f3n Digital La Regi\u00f3n","Tiempo de lectura":"6 minutos"},"schema":{"@context":"https:\/\/schema.org","@graph":[{"@type":"Article","@id":"https:\/\/laregionnoticia.com\/?p=3825#article","isPartOf":{"@id":"https:\/\/laregionnoticia.com\/?p=3825"},"author":{"name":"Redacci\u00f3n Digital La Regi\u00f3n","@id":"https:\/\/laregionnoticia.com\/#\/schema\/person\/5586c3a3653961e30e847de6e9b4db0c"},"headline":"\ud83c\udde8\ud83c\uddf4 En video: extra\u00f1as figuras captadas por c\u00e1maras de seguridad en la madrugada desatan misterio y debate sobre lo inexplicable","datePublished":"2026-05-01T20:47:39+00:00","dateModified":"2026-05-01T22:45:50+00:00","mainEntityOfPage":{"@id":"https:\/\/laregionnoticia.com\/?p=3825"},"wordCount":1321,"publisher":{"@id":"https:\/\/laregionnoticia.com\/#organization"},"image":{"@id":"https:\/\/laregionnoticia.com\/?p=3825#primaryimage"},"thumbnailUrl":"https:\/\/laregionnoticia.com\/wp-content\/uploads\/2026\/05\/fantasma-1-Portada.jpeg","articleSection":["Paranormal"],"inLanguage":"es-CO"},{"@type":"WebPage","@id":"https:\/\/laregionnoticia.com\/?p=3825","url":"https:\/\/laregionnoticia.com\/?p=3825","name":"\ud83c\udde8\ud83c\uddf4 En video: extra\u00f1as figuras captadas por c\u00e1maras de seguridad en la madrugada desatan misterio y debate sobre lo inexplicable - La Regi\u00f3n Noticia","isPartOf":{"@id":"https:\/\/laregionnoticia.com\/#website"},"primaryImageOfPage":{"@id":"https:\/\/laregionnoticia.com\/?p=3825#primaryimage"},"image":{"@id":"https:\/\/laregionnoticia.com\/?p=3825#primaryimage"},"thumbnailUrl":"https:\/\/laregionnoticia.com\/wp-content\/uploads\/2026\/05\/fantasma-1-Portada.jpeg","datePublished":"2026-05-01T20:47:39+00:00","dateModified":"2026-05-01T22:45:50+00:00","description":"Tres videos captados en la madrugada muestran figuras extra\u00f1as en c\u00e1maras de seguridad que parecen interactuar. El caso genera debate.","breadcrumb":{"@id":"https:\/\/laregionnoticia.com\/?p=3825#breadcrumb"},"inLanguage":"es-CO","potentialAction":[{"@type":"ReadAction","target":["https:\/\/laregionnoticia.com\/?p=3825"]}]},{"@type":"ImageObject","inLanguage":"es-CO","@id":"https:\/\/laregionnoticia.com\/?p=3825#primaryimage","url":"https:\/\/laregionnoticia.com\/wp-content\/uploads\/2026\/05\/fantasma-1-Portada.jpeg","contentUrl":"https:\/\/laregionnoticia.com\/wp-content\/uploads\/2026\/05\/fantasma-1-Portada.jpeg","width":1600,"height":900},{"@type":"BreadcrumbList","@id":"https:\/\/laregionnoticia.com\/?p=3825#breadcrumb","itemListElement":[{"@type":"ListItem","position":1,"name":"Inicio","item":"https:\/\/laregionnoticia.com\/"},{"@type":"ListItem","position":2,"name":"\ud83c\udde8\ud83c\uddf4 En video: extra\u00f1as figuras captadas por c\u00e1maras de seguridad en la madrugada desatan misterio y debate sobre lo inexplicable"}]},{"@type":"WebSite","@id":"https:\/\/laregionnoticia.com\/#website","url":"https:\/\/laregionnoticia.com\/","name":"La Regi\u00f3n Noticia","description":"Porque nuestro compromiso es la informaci\u00f3n veraz y oportuna","publisher":{"@id":"https:\/\/laregionnoticia.com\/#organization"},"potentialAction":[{"@type":"SearchAction","target":{"@type":"EntryPoint","urlTemplate":"https:\/\/laregionnoticia.com\/?s={search_term_string}"},"query-input":{"@type":"PropertyValueSpecification","valueRequired":true,"valueName":"search_term_string"}}],"inLanguage":"es-CO"},{"@type":"Organization","@id":"https:\/\/laregionnoticia.com\/#organization","name":"La Regi\u00f3n Noticia","url":"https:\/\/laregionnoticia.com\/","logo":{"@type":"ImageObject","inLanguage":"es-CO","@id":"https:\/\/laregionnoticia.com\/#\/schema\/logo\/image\/","url":"https:\/\/laregionnoticia.com\/wp-content\/uploads\/2026\/04\/logo-nuevo-LRN.jpeg","contentUrl":"https:\/\/laregionnoticia.com\/wp-content\/uploads\/2026\/04\/logo-nuevo-LRN.jpeg","width":1024,"height":1024,"caption":"La Regi\u00f3n Noticia"},"image":{"@id":"https:\/\/laregionnoticia.com\/#\/schema\/logo\/image\/"},"sameAs":["https:\/\/www.facebook.com\/profile.php?id=61566329187948&mibextid=ZbWKwL"]},{"@type":"Person","@id":"https:\/\/laregionnoticia.com\/#\/schema\/person\/5586c3a3653961e30e847de6e9b4db0c","name":"Redacci\u00f3n Digital La Regi\u00f3n","image":{"@type":"ImageObject","inLanguage":"es-CO","@id":"https:\/\/secure.gravatar.com\/avatar\/9b5f9df140c465a9462bbbe6f15e20d3c36ce881a9632c520e1a0c34017037a0?s=96&d=mm&r=g","url":"https:\/\/secure.gravatar.com\/avatar\/9b5f9df140c465a9462bbbe6f15e20d3c36ce881a9632c520e1a0c34017037a0?s=96&d=mm&r=g","contentUrl":"https:\/\/secure.gravatar.com\/avatar\/9b5f9df140c465a9462bbbe6f15e20d3c36ce881a9632c520e1a0c34017037a0?s=96&d=mm&r=g","caption":"Redacci\u00f3n Digital La Regi\u00f3n"},"sameAs":["http:\/\/laregionnoticia.com"],"url":"https:\/\/laregionnoticia.com\/?author=1"}]}},"_links":{"self":[{"href":"https:\/\/laregionnoticia.com\/index.php?rest_route=\/wp\/v2\/posts\/3825","targetHints":{"allow":["GET"]}}],"collection":[{"href":"https:\/\/laregionnoticia.com\/index.php?rest_route=\/wp\/v2\/posts"}],"about":[{"href":"https:\/\/laregionnoticia.com\/index.php?rest_route=\/wp\/v2\/types\/post"}],"author":[{"embeddable":true,"href":"https:\/\/laregionnoticia.com\/index.php?rest_route=\/wp\/v2\/users\/1"}],"replies":[{"embeddable":true,"href":"https:\/\/laregionnoticia.com\/index.php?rest_route=%2Fwp%2Fv2%2Fcomments&post=3825"}],"version-history":[{"count":1,"href":"https:\/\/laregionnoticia.com\/index.php?rest_route=\/wp\/v2\/posts\/3825\/revisions"}],"predecessor-version":[{"id":3828,"href":"https:\/\/laregionnoticia.com\/index.php?rest_route=\/wp\/v2\/posts\/3825\/revisions\/3828"}],"wp:featuredmedia":[{"embeddable":true,"href":"https:\/\/laregionnoticia.com\/index.php?rest_route=\/wp\/v2\/media\/3826"}],"wp:attachment":[{"href":"https:\/\/laregionnoticia.com\/index.php?rest_route=%2Fwp%2Fv2%2Fmedia&parent=3825"}],"wp:term":[{"taxonomy":"category","embeddable":true,"href":"https:\/\/laregionnoticia.com\/index.php?rest_route=%2Fwp%2Fv2%2Fcategories&post=3825"},{"taxonomy":"post_tag","embeddable":true,"href":"https:\/\/laregionnoticia.com\/index.php?rest_route=%2Fwp%2Fv2%2Ftags&post=3825"}],"curies":[{"name":"wp","href":"https:\/\/api.w.org\/{rel}","templated":true}]}}