{"id":3836,"date":"2026-05-02T14:12:28","date_gmt":"2026-05-02T19:12:28","guid":{"rendered":"https:\/\/laregionnoticia.com\/?p=3836"},"modified":"2026-05-02T14:12:28","modified_gmt":"2026-05-02T19:12:28","slug":"proyecto-ley-soat-motos-colombia","status":"publish","type":"post","link":"https:\/\/laregionnoticia.com\/?p=3836","title":{"rendered":"\ud83c\udde8\ud83c\uddf4 En Video:\u00bfEl Estado pagar\u00e1 el SOAT de motos? Proyecto de ley de Paloma Valencia desata pol\u00e9mica en Colombia"},"content":{"rendered":"\n<h2 class=\"wp-block-heading\">La iniciativa plantea que el Estado asuma el costo del seguro obligatorio para motos de hasta 250 cc, pero abre un intenso debate por su viabilidad y sus implicaciones econ\u00f3micas<\/h2>\n\n\n\n<figure class=\"wp-block-image size-full is-resized\"><img loading=\"lazy\" decoding=\"async\" width=\"320\" height=\"180\" src=\"https:\/\/laregionnoticia.com\/wp-content\/uploads\/2026\/05\/paloma-2.jpg\" alt=\"\" class=\"wp-image-3838\" style=\"width:840px;height:auto\" srcset=\"https:\/\/laregionnoticia.com\/wp-content\/uploads\/2026\/05\/paloma-2.jpg 320w, https:\/\/laregionnoticia.com\/wp-content\/uploads\/2026\/05\/paloma-2-300x169.jpg 300w\" sizes=\"auto, (max-width: 320px) 100vw, 320px\" \/><\/figure>\n\n\n\n<h3 class=\"wp-block-heading\">Una propuesta que irrumpe en medio del debate electoral y econ\u00f3mico del pa\u00eds<\/h3>\n\n\n\n<p>En medio del contexto electoral colombiano, donde las propuestas econ\u00f3micas y sociales comienzan a marcar la agenda p\u00fablica, la senadora y candidata presidencial Paloma Valencia lanz\u00f3 una iniciativa que r\u00e1pidamente capt\u00f3 la atenci\u00f3n nacional. Se trata de un proyecto de ley que, seg\u00fan sus declaraciones, ya se encuentra listo para ser radicado en el Congreso de la Rep\u00fablica y que plantea un cambio estructural en el sistema del Seguro Obligatorio de Accidentes de Tr\u00e1nsito (SOAT) para motociclistas.<\/p>\n\n\n\n<p>La propuesta no solo toca un tema sensible para millones de colombianos, sino que tambi\u00e9n abre una discusi\u00f3n de fondo sobre el papel del Estado en la financiaci\u00f3n de servicios esenciales, el equilibrio fiscal y la sostenibilidad del sistema de salud frente al alto n\u00famero de accidentes de tr\u00e1nsito asociados a este tipo de veh\u00edculos.<\/p>\n\n\n\n<h3 class=\"wp-block-heading\">El n\u00facleo de la propuesta: el Estado asumir\u00eda el pago del SOAT<\/h3>\n\n\n\n<p>El eje central del proyecto consiste en que las motocicletas de hasta 250 cent\u00edmetros c\u00fabicos queden exoneradas del pago del SOAT, trasladando ese costo directamente al Estado. En t\u00e9rminos pr\u00e1cticos, esto implicar\u00eda que millones de usuarios dejar\u00edan de asumir este gasto obligatorio, mientras que el gobierno pasar\u00eda a cubrirlo con recursos p\u00fablicos.<\/p>\n\n\n\n<p>La propia Valencia ha se\u00f1alado que el objetivo es aliviar la carga econ\u00f3mica de quienes utilizan la motocicleta como herramienta de trabajo o como medio principal de transporte, especialmente en sectores rurales y urbanos donde este veh\u00edculo se ha convertido en una pieza fundamental de la movilidad y la econom\u00eda cotidiana.<\/p>\n\n\n\n<h3 class=\"wp-block-heading\">Una promesa que busca impactar a millones de motociclistas<\/h3>\n\n\n\n<p>En Colombia, las motocicletas representan una parte significativa del parque automotor, y en muchos casos son utilizadas por trabajadores informales, domiciliarios, campesinos y peque\u00f1os emprendedores. En ese contexto, el costo del SOAT ha sido hist\u00f3ricamente uno de los factores que m\u00e1s incide en la evasi\u00f3n del seguro.<\/p>\n\n\n\n<p>La propuesta de exonerar el pago para este segmento busca atacar directamente ese problema, bajo la l\u00f3gica de que, si el costo desaparece para el usuario, aumentar\u00eda la cobertura y se garantizar\u00eda que m\u00e1s personas est\u00e9n protegidas en caso de accidente.<\/p>\n\n\n\n<h3 class=\"wp-block-heading\">La diferencia entre subsidio y exoneraci\u00f3n total<\/h3>\n\n\n\n<p>Uno de los aspectos m\u00e1s relevantes del debate es que la iniciativa no plantea un subsidio parcial, como se ha discutido en otras ocasiones, sino una exoneraci\u00f3n completa para el usuario. Esto significa que el motociclista no pagar\u00eda nada por el seguro, mientras que el Estado asumir\u00eda la totalidad del costo.<\/p>\n\n\n\n<p>Este matiz es clave, ya que implica un impacto fiscal mucho mayor que otras alternativas y obliga a discutir de d\u00f3nde saldr\u00edan los recursos necesarios para sostener la medida en el tiempo.<\/p>\n\n\n\n<h3 class=\"wp-block-heading\">El argumento de la cobertura en salud como eje de la propuesta<\/h3>\n\n\n\n<p>Valencia ha insistido en que, a pesar de eliminar el pago para el usuario, la cobertura en salud no se ver\u00eda afectada. Seg\u00fan su planteamiento, el sistema garantizar\u00eda la atenci\u00f3n m\u00e9dica en caso de accidentes de tr\u00e1nsito, manteniendo la protecci\u00f3n que actualmente ofrece el SOAT.<\/p>\n\n\n\n<p>Este punto busca responder a una de las principales preocupaciones en torno a la propuesta: que eliminar el pago pudiera debilitar el sistema de atenci\u00f3n. Sin embargo, la discusi\u00f3n se traslada a la capacidad del Estado para financiar ese respaldo sin generar desequilibrios.<\/p>\n\n\n\n<h3 class=\"wp-block-heading\">Un proyecto de ley que a\u00fan debe recorrer el camino legislativo<\/h3>\n\n\n\n<p>Aunque la propuesta ha sido presentada como un proyecto listo para radicar, es importante se\u00f1alar que a\u00fan no tiene efectos legales. En Colombia, cualquier iniciativa de este tipo debe pasar por m\u00faltiples debates en el Congreso, ser aprobada en ambas c\u00e1maras y posteriormente sancionada para convertirse en ley.<\/p>\n\n\n\n<p>Este proceso puede implicar modificaciones, ajustes o incluso el archivo del proyecto, lo que significa que, por ahora, la propuesta debe entenderse como una iniciativa en construcci\u00f3n y no como una medida vigente.<\/p>\n\n\n\n<h3 class=\"wp-block-heading\">El impacto fiscal: el punto m\u00e1s cr\u00edtico del debate<\/h3>\n\n\n\n<p>Uno de los principales focos de controversia gira en torno al impacto econ\u00f3mico que tendr\u00eda la medida. Asumir el pago del SOAT para millones de motocicletas implicar\u00eda un gasto significativo para el Estado, en un contexto donde las finanzas p\u00fablicas ya enfrentan m\u00faltiples presiones.<\/p>\n\n\n\n<p>Expertos y analistas han comenzado a cuestionar la viabilidad de la propuesta, se\u00f1alando que cualquier iniciativa de este tipo debe estar respaldada por una fuente clara de financiaci\u00f3n que garantice su sostenibilidad a largo plazo.<\/p>\n\n\n\n<h3 class=\"wp-block-heading\">La relaci\u00f3n entre motocicletas y accidentalidad en Colombia<\/h3>\n\n\n\n<p>Otro elemento que alimenta el debate es el alto nivel de participaci\u00f3n de motocicletas en accidentes de tr\u00e1nsito en el pa\u00eds. Este factor ha sido hist\u00f3ricamente uno de los principales argumentos para justificar el costo del SOAT, dado el riesgo que implica este tipo de veh\u00edculos.<\/p>\n\n\n\n<p>En ese contexto, trasladar el costo al Estado podr\u00eda generar preguntas sobre c\u00f3mo se manejar\u00eda el incremento potencial en la demanda de servicios m\u00e9dicos derivados de accidentes.<\/p>\n\n\n\n<h3 class=\"wp-block-heading\">\u00bfUna medida social o un riesgo para el sistema?<\/h3>\n\n\n\n<p>La propuesta ha sido interpretada desde dos perspectivas opuestas. Por un lado, se presenta como una medida de alivio social que beneficiar\u00eda a millones de colombianos que dependen de la motocicleta para su sustento.<\/p>\n\n\n\n<p>Por otro, se plantea como un posible riesgo para la sostenibilidad del sistema, al aumentar la carga financiera del Estado sin una soluci\u00f3n clara para cubrir ese gasto adicional.<\/p>\n\n\n\n<h3 class=\"wp-block-heading\">El contexto pol\u00edtico en el que surge la iniciativa<\/h3>\n\n\n\n<p>El anuncio se produce en medio de una campa\u00f1a presidencial, lo que a\u00f1ade una dimensi\u00f3n pol\u00edtica al debate. Las propuestas econ\u00f3micas suelen cobrar mayor visibilidad en este tipo de escenarios, donde los candidatos buscan conectar con sectores espec\u00edficos de la poblaci\u00f3n.<\/p>\n\n\n\n<p>En este caso, el enfoque en motociclistas responde a un segmento amplio y diverso del electorado, lo que explica en parte la relevancia que ha tomado la iniciativa.<\/p>\n\n\n\n<h3 class=\"wp-block-heading\">La reacci\u00f3n p\u00fablica: entre apoyo y escepticismo<\/h3>\n\n\n\n<p>La propuesta ha generado reacciones divididas. Mientras algunos sectores la ven como una soluci\u00f3n necesaria para reducir la carga econ\u00f3mica de los motociclistas, otros cuestionan su viabilidad y advierten sobre posibles consecuencias fiscales.<\/p>\n\n\n\n<p>Este contraste de opiniones refleja la complejidad del tema y la dificultad de encontrar un equilibrio entre beneficio social y sostenibilidad econ\u00f3mica.<\/p>\n\n\n\n<h3 class=\"wp-block-heading\">La evasi\u00f3n del SOAT como problema estructural<\/h3>\n\n\n\n<p>Uno de los argumentos que respalda la iniciativa es el alto nivel de evasi\u00f3n del SOAT en Colombia, especialmente entre motociclistas. Este fen\u00f3meno ha sido se\u00f1alado como una de las principales fallas del sistema actual.<\/p>\n\n\n\n<p>La propuesta busca atacar este problema desde la ra\u00edz, eliminando el incentivo econ\u00f3mico para evadir el seguro, aunque esto implica trasladar la responsabilidad al Estado.<\/p>\n\n\n\n<h3 class=\"wp-block-heading\">Las preguntas que a\u00fan no tienen respuesta<\/h3>\n\n\n\n<p>A pesar del impacto de la propuesta, a\u00fan existen m\u00faltiples interrogantes que no han sido resueltos. Entre ellos, la fuente de financiaci\u00f3n, el mecanismo de implementaci\u00f3n y el impacto real en el sistema de salud.<\/p>\n\n\n\n<p>Estas preguntas ser\u00e1n clave en el debate legislativo y determinar\u00e1n el futuro de la iniciativa.<\/p>\n\n\n\n<h3 class=\"wp-block-heading\">Un debate que apenas comienza en Colombia<\/h3>\n\n\n\n<p>M\u00e1s all\u00e1 de su aprobaci\u00f3n o rechazo, el proyecto ya logr\u00f3 instalar un debate de fondo sobre el modelo de financiaci\u00f3n del SOAT y el papel del Estado en la protecci\u00f3n social de los ciudadanos.<\/p>\n\n\n\n<p>Este tipo de discusiones suelen trascender el \u00e1mbito pol\u00edtico y convertirse en temas centrales de pol\u00edtica p\u00fablica.<\/p>\n\n\n\n<h3 class=\"wp-block-heading\">Un cierre abierto en medio de la incertidumbre<\/h3>\n\n\n\n<p>Por ahora, la propuesta se mantiene en el terreno de la discusi\u00f3n y la expectativa. Su futuro depender\u00e1 del tr\u00e1mite legislativo y del respaldo que logre en el Congreso.<\/p>\n\n\n\n<p>Mientras tanto, la pregunta sigue abierta y contin\u00faa generando debate en todo el pa\u00eds: \u00bfdebe el Estado asumir el costo del SOAT para millones de motociclistas en Colombia?<\/p>\n\n\n\n<figure class=\"wp-block-embed is-type-rich is-provider-twitter wp-block-embed-twitter\"><div class=\"wp-block-embed__wrapper\">\n<blockquote class=\"twitter-tweet\" data-width=\"550\" data-dnt=\"true\"><p lang=\"es\" dir=\"ltr\">\ud83c\udde8\ud83c\uddf4 <a href=\"https:\/\/twitter.com\/hashtag\/COLOMBIA?src=hash&amp;ref_src=twsrc%5Etfw\">#COLOMBIA<\/a> | \u00bfEl Estado pagar\u00e1 el SOAT de motos? \ud83d\ude33\u26a0\ufe0f<br>Paloma Valencia anunci\u00f3 proyecto de ley para moteros<br><br>La propuesta ya genera pol\u00e9mica<br><br>\ud83d\udc49 \u00bfEst\u00e1s de acuerdo con que el Estado pague el SOAT?<br><br>\ud83d\udc47 OPINA \ud83d\udd01 COMPARTE \ud83d\udc40 SIGUE<a href=\"https:\/\/twitter.com\/hashtag\/SOAT?src=hash&amp;ref_src=twsrc%5Etfw\">#SOAT<\/a> <a href=\"https:\/\/twitter.com\/hashtag\/Motos?src=hash&amp;ref_src=twsrc%5Etfw\">#Motos<\/a> <a href=\"https:\/\/twitter.com\/hashtag\/Colombia?src=hash&amp;ref_src=twsrc%5Etfw\">#Colombia<\/a> <a href=\"https:\/\/twitter.com\/hashtag\/Noticias?src=hash&amp;ref_src=twsrc%5Etfw\">#Noticias<\/a> <a href=\"https:\/\/twitter.com\/hashtag\/UltimaHora?src=hash&amp;ref_src=twsrc%5Etfw\">#UltimaHora<\/a> <a href=\"https:\/\/t.co\/qbRbJzdZm1\">pic.twitter.com\/qbRbJzdZm1<\/a><\/p>&mdash; La Region Noticia (@laregionperiodi) <a href=\"https:\/\/twitter.com\/laregionperiodi\/status\/2050654417196658975?ref_src=twsrc%5Etfw\">May 2, 2026<\/a><\/blockquote><script async src=\"https:\/\/platform.twitter.com\/widgets.js\" charset=\"utf-8\"><\/script>\n<\/div><\/figure>\n\n\n\n<p>S\u00edguenos en nuestra pagina de Facebook para mas noticias dale clik&nbsp;<a href=\"https:\/\/www.facebook.com\/profile.php?id=61569739743679\" target=\"_blank\" rel=\"noreferrer noopener\">aca<\/a><\/p>\n\n\n\n<p class=\"has-text-align-center has-vivid-red-color has-text-color has-link-color wp-elements-98dc736d1115480823fa87554f210834\"><strong>\u00a1LA REGION NOTICIA INFORMACION COMO DEBE SER!<\/strong><\/p>\n","protected":false},"excerpt":{"rendered":"<p>La iniciativa plantea que el Estado asuma el costo del seguro obligatorio para motos de hasta 250 cc, pero abre un intenso debate por su viabilidad y sus implicaciones econ\u00f3micas&hellip; <\/p>\n","protected":false},"author":1,"featured_media":3837,"comment_status":"closed","ping_status":"open","sticky":false,"template":"","format":"standard","meta":{"footnotes":""},"categories":[3],"tags":[],"class_list":["post-3836","post","type-post","status-publish","format-standard","has-post-thumbnail","hentry","category-nacional"],"yoast_head":"<!-- This site is optimized with the Yoast SEO plugin v27.5 - https:\/\/yoast.com\/product\/yoast-seo-wordpress\/ -->\n<title>\ud83c\udde8\ud83c\uddf4 En Video:\u00bfEl Estado pagar\u00e1 el SOAT de motos? Proyecto de ley de Paloma Valencia desata pol\u00e9mica en Colombia - La Regi\u00f3n Noticia<\/title>\n<meta name=\"description\" content=\"Proyecto de ley propone que el Estado pague el SOAT para motos en Colombia. La iniciativa genera debate por su impacto econ\u00f3mico.\" \/>\n<meta name=\"robots\" content=\"index, follow, max-snippet:-1, max-image-preview:large, max-video-preview:-1\" \/>\n<link rel=\"canonical\" href=\"https:\/\/laregionnoticia.com\/?p=3836\" \/>\n<meta property=\"og:locale\" content=\"es_ES\" \/>\n<meta property=\"og:type\" content=\"article\" \/>\n<meta property=\"og:title\" content=\"\ud83c\udde8\ud83c\uddf4 En Video:\u00bfEl Estado pagar\u00e1 el SOAT de motos? Proyecto de ley de Paloma Valencia desata pol\u00e9mica en Colombia - La Regi\u00f3n Noticia\" \/>\n<meta property=\"og:description\" content=\"Proyecto de ley propone que el Estado pague el SOAT para motos en Colombia. La iniciativa genera debate por su impacto econ\u00f3mico.\" \/>\n<meta property=\"og:url\" content=\"https:\/\/laregionnoticia.com\/?p=3836\" \/>\n<meta property=\"og:site_name\" content=\"La Regi\u00f3n Noticia\" \/>\n<meta property=\"article:publisher\" content=\"https:\/\/www.facebook.com\/profile.php?id=61566329187948&amp;mibextid=ZbWKwL\" \/>\n<meta property=\"article:published_time\" content=\"2026-05-02T19:12:28+00:00\" \/>\n<meta property=\"og:image\" content=\"https:\/\/laregionnoticia.com\/wp-content\/uploads\/2026\/05\/paloma-motos-1.jpg\" \/>\n\t<meta property=\"og:image:width\" content=\"400\" \/>\n\t<meta property=\"og:image:height\" content=\"228\" \/>\n\t<meta property=\"og:image:type\" content=\"image\/jpeg\" \/>\n<meta name=\"author\" content=\"Redacci\u00f3n Digital La Regi\u00f3n\" \/>\n<meta name=\"twitter:card\" content=\"summary_large_image\" \/>\n<meta name=\"twitter:label1\" content=\"Escrito por\" \/>\n\t<meta name=\"twitter:data1\" content=\"Redacci\u00f3n Digital La Regi\u00f3n\" \/>\n\t<meta name=\"twitter:label2\" content=\"Tiempo de lectura\" \/>\n\t<meta name=\"twitter:data2\" content=\"7 minutos\" \/>\n<script type=\"application\/ld+json\" class=\"yoast-schema-graph\">{\"@context\":\"https:\\\/\\\/schema.org\",\"@graph\":[{\"@type\":\"Article\",\"@id\":\"https:\\\/\\\/laregionnoticia.com\\\/?p=3836#article\",\"isPartOf\":{\"@id\":\"https:\\\/\\\/laregionnoticia.com\\\/?p=3836\"},\"author\":{\"name\":\"Redacci\u00f3n Digital La Regi\u00f3n\",\"@id\":\"https:\\\/\\\/laregionnoticia.com\\\/#\\\/schema\\\/person\\\/5586c3a3653961e30e847de6e9b4db0c\"},\"headline\":\"\ud83c\udde8\ud83c\uddf4 En Video:\u00bfEl Estado pagar\u00e1 el SOAT de motos? Proyecto de ley de Paloma Valencia desata pol\u00e9mica en Colombia\",\"datePublished\":\"2026-05-02T19:12:28+00:00\",\"mainEntityOfPage\":{\"@id\":\"https:\\\/\\\/laregionnoticia.com\\\/?p=3836\"},\"wordCount\":1462,\"publisher\":{\"@id\":\"https:\\\/\\\/laregionnoticia.com\\\/#organization\"},\"image\":{\"@id\":\"https:\\\/\\\/laregionnoticia.com\\\/?p=3836#primaryimage\"},\"thumbnailUrl\":\"https:\\\/\\\/laregionnoticia.com\\\/wp-content\\\/uploads\\\/2026\\\/05\\\/paloma-motos-1.jpg\",\"articleSection\":[\"Nacional\"],\"inLanguage\":\"es-CO\"},{\"@type\":\"WebPage\",\"@id\":\"https:\\\/\\\/laregionnoticia.com\\\/?p=3836\",\"url\":\"https:\\\/\\\/laregionnoticia.com\\\/?p=3836\",\"name\":\"\ud83c\udde8\ud83c\uddf4 En Video:\u00bfEl Estado pagar\u00e1 el SOAT de motos? Proyecto de ley de Paloma Valencia desata pol\u00e9mica en Colombia - La Regi\u00f3n Noticia\",\"isPartOf\":{\"@id\":\"https:\\\/\\\/laregionnoticia.com\\\/#website\"},\"primaryImageOfPage\":{\"@id\":\"https:\\\/\\\/laregionnoticia.com\\\/?p=3836#primaryimage\"},\"image\":{\"@id\":\"https:\\\/\\\/laregionnoticia.com\\\/?p=3836#primaryimage\"},\"thumbnailUrl\":\"https:\\\/\\\/laregionnoticia.com\\\/wp-content\\\/uploads\\\/2026\\\/05\\\/paloma-motos-1.jpg\",\"datePublished\":\"2026-05-02T19:12:28+00:00\",\"description\":\"Proyecto de ley propone que el Estado pague el SOAT para motos en Colombia. La iniciativa genera debate por su impacto econ\u00f3mico.\",\"breadcrumb\":{\"@id\":\"https:\\\/\\\/laregionnoticia.com\\\/?p=3836#breadcrumb\"},\"inLanguage\":\"es-CO\",\"potentialAction\":[{\"@type\":\"ReadAction\",\"target\":[\"https:\\\/\\\/laregionnoticia.com\\\/?p=3836\"]}]},{\"@type\":\"ImageObject\",\"inLanguage\":\"es-CO\",\"@id\":\"https:\\\/\\\/laregionnoticia.com\\\/?p=3836#primaryimage\",\"url\":\"https:\\\/\\\/laregionnoticia.com\\\/wp-content\\\/uploads\\\/2026\\\/05\\\/paloma-motos-1.jpg\",\"contentUrl\":\"https:\\\/\\\/laregionnoticia.com\\\/wp-content\\\/uploads\\\/2026\\\/05\\\/paloma-motos-1.jpg\",\"width\":400,\"height\":228},{\"@type\":\"BreadcrumbList\",\"@id\":\"https:\\\/\\\/laregionnoticia.com\\\/?p=3836#breadcrumb\",\"itemListElement\":[{\"@type\":\"ListItem\",\"position\":1,\"name\":\"Inicio\",\"item\":\"https:\\\/\\\/laregionnoticia.com\\\/\"},{\"@type\":\"ListItem\",\"position\":2,\"name\":\"\ud83c\udde8\ud83c\uddf4 En Video:\u00bfEl Estado pagar\u00e1 el SOAT de motos? Proyecto de ley de Paloma Valencia desata pol\u00e9mica en Colombia\"}]},{\"@type\":\"WebSite\",\"@id\":\"https:\\\/\\\/laregionnoticia.com\\\/#website\",\"url\":\"https:\\\/\\\/laregionnoticia.com\\\/\",\"name\":\"La Regi\u00f3n Noticia\",\"description\":\"Porque nuestro compromiso es la informaci\u00f3n veraz y oportuna\",\"publisher\":{\"@id\":\"https:\\\/\\\/laregionnoticia.com\\\/#organization\"},\"potentialAction\":[{\"@type\":\"SearchAction\",\"target\":{\"@type\":\"EntryPoint\",\"urlTemplate\":\"https:\\\/\\\/laregionnoticia.com\\\/?s={search_term_string}\"},\"query-input\":{\"@type\":\"PropertyValueSpecification\",\"valueRequired\":true,\"valueName\":\"search_term_string\"}}],\"inLanguage\":\"es-CO\"},{\"@type\":\"Organization\",\"@id\":\"https:\\\/\\\/laregionnoticia.com\\\/#organization\",\"name\":\"La Regi\u00f3n Noticia\",\"url\":\"https:\\\/\\\/laregionnoticia.com\\\/\",\"logo\":{\"@type\":\"ImageObject\",\"inLanguage\":\"es-CO\",\"@id\":\"https:\\\/\\\/laregionnoticia.com\\\/#\\\/schema\\\/logo\\\/image\\\/\",\"url\":\"https:\\\/\\\/laregionnoticia.com\\\/wp-content\\\/uploads\\\/2026\\\/04\\\/logo-nuevo-LRN.jpeg\",\"contentUrl\":\"https:\\\/\\\/laregionnoticia.com\\\/wp-content\\\/uploads\\\/2026\\\/04\\\/logo-nuevo-LRN.jpeg\",\"width\":1024,\"height\":1024,\"caption\":\"La Regi\u00f3n Noticia\"},\"image\":{\"@id\":\"https:\\\/\\\/laregionnoticia.com\\\/#\\\/schema\\\/logo\\\/image\\\/\"},\"sameAs\":[\"https:\\\/\\\/www.facebook.com\\\/profile.php?id=61566329187948&mibextid=ZbWKwL\"]},{\"@type\":\"Person\",\"@id\":\"https:\\\/\\\/laregionnoticia.com\\\/#\\\/schema\\\/person\\\/5586c3a3653961e30e847de6e9b4db0c\",\"name\":\"Redacci\u00f3n Digital La Regi\u00f3n\",\"image\":{\"@type\":\"ImageObject\",\"inLanguage\":\"es-CO\",\"@id\":\"https:\\\/\\\/secure.gravatar.com\\\/avatar\\\/9b5f9df140c465a9462bbbe6f15e20d3c36ce881a9632c520e1a0c34017037a0?s=96&d=mm&r=g\",\"url\":\"https:\\\/\\\/secure.gravatar.com\\\/avatar\\\/9b5f9df140c465a9462bbbe6f15e20d3c36ce881a9632c520e1a0c34017037a0?s=96&d=mm&r=g\",\"contentUrl\":\"https:\\\/\\\/secure.gravatar.com\\\/avatar\\\/9b5f9df140c465a9462bbbe6f15e20d3c36ce881a9632c520e1a0c34017037a0?s=96&d=mm&r=g\",\"caption\":\"Redacci\u00f3n Digital La Regi\u00f3n\"},\"sameAs\":[\"http:\\\/\\\/laregionnoticia.com\"],\"url\":\"https:\\\/\\\/laregionnoticia.com\\\/?author=1\"}]}<\/script>\n<!-- \/ Yoast SEO plugin. -->","yoast_head_json":{"title":"\ud83c\udde8\ud83c\uddf4 En Video:\u00bfEl Estado pagar\u00e1 el SOAT de motos? Proyecto de ley de Paloma Valencia desata pol\u00e9mica en Colombia - La Regi\u00f3n Noticia","description":"Proyecto de ley propone que el Estado pague el SOAT para motos en Colombia. La iniciativa genera debate por su impacto econ\u00f3mico.","robots":{"index":"index","follow":"follow","max-snippet":"max-snippet:-1","max-image-preview":"max-image-preview:large","max-video-preview":"max-video-preview:-1"},"canonical":"https:\/\/laregionnoticia.com\/?p=3836","og_locale":"es_ES","og_type":"article","og_title":"\ud83c\udde8\ud83c\uddf4 En Video:\u00bfEl Estado pagar\u00e1 el SOAT de motos? Proyecto de ley de Paloma Valencia desata pol\u00e9mica en Colombia - La Regi\u00f3n Noticia","og_description":"Proyecto de ley propone que el Estado pague el SOAT para motos en Colombia. La iniciativa genera debate por su impacto econ\u00f3mico.","og_url":"https:\/\/laregionnoticia.com\/?p=3836","og_site_name":"La Regi\u00f3n Noticia","article_publisher":"https:\/\/www.facebook.com\/profile.php?id=61566329187948&mibextid=ZbWKwL","article_published_time":"2026-05-02T19:12:28+00:00","og_image":[{"width":400,"height":228,"url":"https:\/\/laregionnoticia.com\/wp-content\/uploads\/2026\/05\/paloma-motos-1.jpg","type":"image\/jpeg"}],"author":"Redacci\u00f3n Digital La Regi\u00f3n","twitter_card":"summary_large_image","twitter_misc":{"Escrito por":"Redacci\u00f3n Digital La Regi\u00f3n","Tiempo de lectura":"7 minutos"},"schema":{"@context":"https:\/\/schema.org","@graph":[{"@type":"Article","@id":"https:\/\/laregionnoticia.com\/?p=3836#article","isPartOf":{"@id":"https:\/\/laregionnoticia.com\/?p=3836"},"author":{"name":"Redacci\u00f3n Digital La Regi\u00f3n","@id":"https:\/\/laregionnoticia.com\/#\/schema\/person\/5586c3a3653961e30e847de6e9b4db0c"},"headline":"\ud83c\udde8\ud83c\uddf4 En Video:\u00bfEl Estado pagar\u00e1 el SOAT de motos? Proyecto de ley de Paloma Valencia desata pol\u00e9mica en Colombia","datePublished":"2026-05-02T19:12:28+00:00","mainEntityOfPage":{"@id":"https:\/\/laregionnoticia.com\/?p=3836"},"wordCount":1462,"publisher":{"@id":"https:\/\/laregionnoticia.com\/#organization"},"image":{"@id":"https:\/\/laregionnoticia.com\/?p=3836#primaryimage"},"thumbnailUrl":"https:\/\/laregionnoticia.com\/wp-content\/uploads\/2026\/05\/paloma-motos-1.jpg","articleSection":["Nacional"],"inLanguage":"es-CO"},{"@type":"WebPage","@id":"https:\/\/laregionnoticia.com\/?p=3836","url":"https:\/\/laregionnoticia.com\/?p=3836","name":"\ud83c\udde8\ud83c\uddf4 En Video:\u00bfEl Estado pagar\u00e1 el SOAT de motos? Proyecto de ley de Paloma Valencia desata pol\u00e9mica en Colombia - La Regi\u00f3n Noticia","isPartOf":{"@id":"https:\/\/laregionnoticia.com\/#website"},"primaryImageOfPage":{"@id":"https:\/\/laregionnoticia.com\/?p=3836#primaryimage"},"image":{"@id":"https:\/\/laregionnoticia.com\/?p=3836#primaryimage"},"thumbnailUrl":"https:\/\/laregionnoticia.com\/wp-content\/uploads\/2026\/05\/paloma-motos-1.jpg","datePublished":"2026-05-02T19:12:28+00:00","description":"Proyecto de ley propone que el Estado pague el SOAT para motos en Colombia. La iniciativa genera debate por su impacto econ\u00f3mico.","breadcrumb":{"@id":"https:\/\/laregionnoticia.com\/?p=3836#breadcrumb"},"inLanguage":"es-CO","potentialAction":[{"@type":"ReadAction","target":["https:\/\/laregionnoticia.com\/?p=3836"]}]},{"@type":"ImageObject","inLanguage":"es-CO","@id":"https:\/\/laregionnoticia.com\/?p=3836#primaryimage","url":"https:\/\/laregionnoticia.com\/wp-content\/uploads\/2026\/05\/paloma-motos-1.jpg","contentUrl":"https:\/\/laregionnoticia.com\/wp-content\/uploads\/2026\/05\/paloma-motos-1.jpg","width":400,"height":228},{"@type":"BreadcrumbList","@id":"https:\/\/laregionnoticia.com\/?p=3836#breadcrumb","itemListElement":[{"@type":"ListItem","position":1,"name":"Inicio","item":"https:\/\/laregionnoticia.com\/"},{"@type":"ListItem","position":2,"name":"\ud83c\udde8\ud83c\uddf4 En Video:\u00bfEl Estado pagar\u00e1 el SOAT de motos? Proyecto de ley de Paloma Valencia desata pol\u00e9mica en Colombia"}]},{"@type":"WebSite","@id":"https:\/\/laregionnoticia.com\/#website","url":"https:\/\/laregionnoticia.com\/","name":"La Regi\u00f3n Noticia","description":"Porque nuestro compromiso es la informaci\u00f3n veraz y oportuna","publisher":{"@id":"https:\/\/laregionnoticia.com\/#organization"},"potentialAction":[{"@type":"SearchAction","target":{"@type":"EntryPoint","urlTemplate":"https:\/\/laregionnoticia.com\/?s={search_term_string}"},"query-input":{"@type":"PropertyValueSpecification","valueRequired":true,"valueName":"search_term_string"}}],"inLanguage":"es-CO"},{"@type":"Organization","@id":"https:\/\/laregionnoticia.com\/#organization","name":"La Regi\u00f3n Noticia","url":"https:\/\/laregionnoticia.com\/","logo":{"@type":"ImageObject","inLanguage":"es-CO","@id":"https:\/\/laregionnoticia.com\/#\/schema\/logo\/image\/","url":"https:\/\/laregionnoticia.com\/wp-content\/uploads\/2026\/04\/logo-nuevo-LRN.jpeg","contentUrl":"https:\/\/laregionnoticia.com\/wp-content\/uploads\/2026\/04\/logo-nuevo-LRN.jpeg","width":1024,"height":1024,"caption":"La Regi\u00f3n Noticia"},"image":{"@id":"https:\/\/laregionnoticia.com\/#\/schema\/logo\/image\/"},"sameAs":["https:\/\/www.facebook.com\/profile.php?id=61566329187948&mibextid=ZbWKwL"]},{"@type":"Person","@id":"https:\/\/laregionnoticia.com\/#\/schema\/person\/5586c3a3653961e30e847de6e9b4db0c","name":"Redacci\u00f3n Digital La Regi\u00f3n","image":{"@type":"ImageObject","inLanguage":"es-CO","@id":"https:\/\/secure.gravatar.com\/avatar\/9b5f9df140c465a9462bbbe6f15e20d3c36ce881a9632c520e1a0c34017037a0?s=96&d=mm&r=g","url":"https:\/\/secure.gravatar.com\/avatar\/9b5f9df140c465a9462bbbe6f15e20d3c36ce881a9632c520e1a0c34017037a0?s=96&d=mm&r=g","contentUrl":"https:\/\/secure.gravatar.com\/avatar\/9b5f9df140c465a9462bbbe6f15e20d3c36ce881a9632c520e1a0c34017037a0?s=96&d=mm&r=g","caption":"Redacci\u00f3n Digital La Regi\u00f3n"},"sameAs":["http:\/\/laregionnoticia.com"],"url":"https:\/\/laregionnoticia.com\/?author=1"}]}},"_links":{"self":[{"href":"https:\/\/laregionnoticia.com\/index.php?rest_route=\/wp\/v2\/posts\/3836","targetHints":{"allow":["GET"]}}],"collection":[{"href":"https:\/\/laregionnoticia.com\/index.php?rest_route=\/wp\/v2\/posts"}],"about":[{"href":"https:\/\/laregionnoticia.com\/index.php?rest_route=\/wp\/v2\/types\/post"}],"author":[{"embeddable":true,"href":"https:\/\/laregionnoticia.com\/index.php?rest_route=\/wp\/v2\/users\/1"}],"replies":[{"embeddable":true,"href":"https:\/\/laregionnoticia.com\/index.php?rest_route=%2Fwp%2Fv2%2Fcomments&post=3836"}],"version-history":[{"count":1,"href":"https:\/\/laregionnoticia.com\/index.php?rest_route=\/wp\/v2\/posts\/3836\/revisions"}],"predecessor-version":[{"id":3839,"href":"https:\/\/laregionnoticia.com\/index.php?rest_route=\/wp\/v2\/posts\/3836\/revisions\/3839"}],"wp:featuredmedia":[{"embeddable":true,"href":"https:\/\/laregionnoticia.com\/index.php?rest_route=\/wp\/v2\/media\/3837"}],"wp:attachment":[{"href":"https:\/\/laregionnoticia.com\/index.php?rest_route=%2Fwp%2Fv2%2Fmedia&parent=3836"}],"wp:term":[{"taxonomy":"category","embeddable":true,"href":"https:\/\/laregionnoticia.com\/index.php?rest_route=%2Fwp%2Fv2%2Fcategories&post=3836"},{"taxonomy":"post_tag","embeddable":true,"href":"https:\/\/laregionnoticia.com\/index.php?rest_route=%2Fwp%2Fv2%2Ftags&post=3836"}],"curies":[{"name":"wp","href":"https:\/\/api.w.org\/{rel}","templated":true}]}}