{"id":4266,"date":"2026-09-04T08:36:25","date_gmt":"2026-09-04T13:36:25","guid":{"rendered":"https:\/\/laregionnoticia.com\/?p=4266"},"modified":"2026-09-04T09:22:32","modified_gmt":"2026-09-04T14:22:32","slug":"abatido-alias-bendito-menor-la-guajira","status":"publish","type":"post","link":"https:\/\/laregionnoticia.com\/?p=4266","title":{"rendered":"\ud83c\udde8\ud83c\uddf4 Colombia: \u00a1Cay\u00f3 alias \u2018Bendito Menor\u2019! Fue abatido por la Polic\u00eda en un operativo en La Guajira"},"content":{"rendered":"\n<figure class=\"wp-block-image size-full\"><img loading=\"lazy\" decoding=\"async\" width=\"960\" height=\"594\" src=\"https:\/\/laregionnoticia.com\/wp-content\/uploads\/2026\/09\/abatido-bendito-menor-1.jpg\" alt=\"Abatido Bendito Menor\" class=\"wp-image-4270\" srcset=\"https:\/\/laregionnoticia.com\/wp-content\/uploads\/2026\/09\/abatido-bendito-menor-1.jpg 960w, https:\/\/laregionnoticia.com\/wp-content\/uploads\/2026\/09\/abatido-bendito-menor-1-300x186.jpg 300w, https:\/\/laregionnoticia.com\/wp-content\/uploads\/2026\/09\/abatido-bendito-menor-1-768x475.jpg 768w\" sizes=\"auto, (max-width: 960px) 100vw, 960px\" \/><\/figure>\n\n\n\n<h2 class=\"wp-block-heading\">Ca\u00edda de alias &#8220;Bendito Menor&#8221;: El operativo que desarticul\u00f3 la c\u00fapula militar de las ACSN en La Guajira<\/h2>\n\n\n\n<figure class=\"wp-block-image size-full is-resized\"><img loading=\"lazy\" decoding=\"async\" width=\"720\" height=\"511\" src=\"https:\/\/laregionnoticia.com\/wp-content\/uploads\/2026\/09\/bendito.jpg\" alt=\"\" class=\"wp-image-4268\" style=\"width:840px;height:auto\" srcset=\"https:\/\/laregionnoticia.com\/wp-content\/uploads\/2026\/09\/bendito.jpg 720w, https:\/\/laregionnoticia.com\/wp-content\/uploads\/2026\/09\/bendito-300x213.jpg 300w\" sizes=\"auto, (max-width: 720px) 100vw, 720px\" \/><\/figure>\n\n\n\n<p>La madrugada del viernes 4 de septiembre de 2026 marc\u00f3 un punto de quiebre en la estrategia de seguridad nacional contra los grupos armados organizados en el norte de Colombia. Un operativo de alta precisi\u00f3n ejecutado por unidades de \u00e9lite del Gaula de la Polic\u00eda Nacional culmin\u00f3 con la neutralizaci\u00f3n de Na\u00edn Andr\u00e9s P\u00e9rez Toncel, alias &#8220;Bendito Menor&#8221;, m\u00e1ximo comandante militar de las Autodefensas Conquistadoras de la Sierra Nevada (ACSN), tambi\u00e9n conocidas como &#8220;Los Pachenca&#8221;.<\/p>\n\n\n\n<p>El choque armado se produjo en una finca rural de Riohacha, La Guajira, donde la inteligencia estatal rastreaba los movimientos del c\u00edrculo m\u00e1s cercano del capo. En la misma acci\u00f3n cayeron su pareja sentimental, Rosa Ang\u00e9lica Tarazona, alias &#8220;La Bebecita&#8221;, y dos integrantes de su escolta de primera l\u00ednea.<\/p>\n\n\n\n<h3 class=\"wp-block-heading\">El ultim\u00e1tum del presidente Abelardo De La Espriella<\/h3>\n\n\n\n<p>La neutralizaci\u00f3n de P\u00e9rez Toncel se produce semanas despu\u00e9s de un in\u00e9dito ultim\u00e1tum p\u00fablico lanzado por el presidente Abelardo De La Espriella. En una alocuci\u00f3n enfocada en la recuperaci\u00f3n del orden territorial, el mandatario le fij\u00f3 un plazo perentorio a la c\u00fapula de las ACSN para someterse a la justicia.<\/p>\n\n\n\n<p>De La Espriella fue enf\u00e1tico al advertir que los cabecillas armados ten\u00edan contados los d\u00edas para entregarse voluntariamente a las autoridades o, de lo contrario, ser\u00edan neutralizados mediante el uso leg\u00edtimo de la fuerza del Estado. La advertencia presidencial anticipaba el despliegue militar sin precedentes que finalmente cerc\u00f3 al criminal.<\/p>\n\n\n\n<h3 class=\"wp-block-heading\">La recompensa de 1.000 millones y la presi\u00f3n del Estado<\/h3>\n\n\n\n<p>Alias &#8220;Bendito Menor&#8221; se hab\u00eda convertido en un objetivo militar prioritario y uno de los hombres m\u00e1s buscados del pa\u00eds. El Gobierno nacional manten\u00eda activa una recompensa de hasta 1.000 millones de pesos por informaci\u00f3n certera sobre su ubicaci\u00f3n.<\/p>\n\n\n\n<p>Esta suma reflejaba la peligrosidad del sujeto y el impacto devastador de sus operaciones en la econom\u00eda local del Caribe. La elevada cifra estimul\u00f3 el flujo de informaci\u00f3n confidencial que nutrir\u00eda los an\u00e1lisis de inteligencia de la Fuerza P\u00fablica.<\/p>\n\n\n\n<h3 class=\"wp-block-heading\">De la sombra a la cima criminal de &#8220;Los Pachenca&#8221;<\/h3>\n\n\n\n<p>El ascenso de Na\u00edn Andr\u00e9s P\u00e9rez Toncel dentro de las Autodefensas Conquistadoras de la Sierra Nevada no fue fortuito. Ocurri\u00f3 tras una serie de capturas y bajas sufridas por antiguos comandantes de la organizaci\u00f3n criminal.<\/p>\n\n\n\n<p>Aprovechando su conocimiento del territorio y su perfil sanguinario, P\u00e9rez Toncel asumi\u00f3 el mando operativo y militar de la estructura. R\u00e1pidamente consolid\u00f3 una red de subordinados que respond\u00edan directamente a sus \u00f3rdenes en tres departamentos del norte colombiano.<\/p>\n\n\n\n<h3 class=\"wp-block-heading\">El control hegem\u00f3nico sobre la Troncal del Caribe<\/h3>\n\n\n\n<p>Bajo la jefatura de alias &#8220;Bendito Menor&#8221;, la Troncal del Caribe se transform\u00f3 en un corredor de alta peligrosidad bajo constante zozobra. Esta arteria vial estrat\u00e9gica, que conecta a Santa Marta con Riohacha y la frontera en Maicao, sufri\u00f3 el asedio permanente del grupo armado.<\/p>\n\n\n\n<p>Las ACSN establecieron un control de facto sobre el tr\u00e1nsito vehicular y la actividad comercial. P\u00e9rez Toncel convirti\u00f3 esta ruta en el eje central del aparato financiero y log\u00edstico de la organizaci\u00f3n.<\/p>\n\n\n\n<h3 class=\"wp-block-heading\">Extorsiones masivas al comercio y al sector tur\u00edstico<\/h3>\n\n\n\n<p>La principal fuente de ingresos de la estructura liderada por P\u00e9rez Toncel era el cobro sistem\u00e1tico de extorsiones. Ning\u00fan sector econ\u00f3mico quedaba excluido del pago de los llamados &#8220;impuestos de guerra&#8221;.<\/p>\n\n\n\n<p>Desde peque\u00f1os tenderos rurales hasta importantes operadores tur\u00edsticos de la Sierra Nevada de Santa Marta y el Parque Tayrona eran obligados a pagar cuotas peri\u00f3dicas. Quienes se negaban a cumplir los requerimientos financieros enfrentaban atentados con granadas, incendios de locales o ejecuciones directas.<\/p>\n\n\n\n<h3 class=\"wp-block-heading\">La red del narcotr\u00e1fico internacional hacia los puertos<\/h3>\n\n\n\n<p>En el plano estrat\u00e9gico, &#8220;Bendito Menor&#8221; coordinaba la log\u00edstica para el env\u00edo de toneladas de clorhidrato de coca\u00edna hacia mercados internacionales. La posici\u00f3n geogr\u00e1fica de la Sierra Nevada y sus salidas al mar Caribe resultaban ideales para sus fines delictivos.<\/p>\n\n\n\n<p>Las investigaciones se\u00f1alan que la red de P\u00e9rez Toncel negociaba directamente con c\u00e1rteles internacionales el despacho de lanchas r\u00e1pidas y el movimiento de contenedores desde las terminales mar\u00edtimas de la regi\u00f3n.<\/p>\n\n\n\n<h3 class=\"wp-block-heading\">Homicidios selectivos y la estrategia del terror<\/h3>\n\n\n\n<p>Para mantener el control del territorio, la facci\u00f3n comandada por P\u00e9rez Toncel aplic\u00f3 una pol\u00edtica de violencia extrema basada en homicidios selectivos. Las autoridades lo se\u00f1alan como el determinador de decenas de asesinatos en La Guajira y Magdalena.<\/p>\n\n\n\n<p>Cualquier individuo sospechoso de colaborar con las autoridades u otras estructuras rivales era eliminado de manera expedita para sembrar el p\u00e1nico en la poblaci\u00f3n civil y evitar delaciones.<\/p>\n\n\n\n<h3 class=\"wp-block-heading\">La planificaci\u00f3n de masacres y el desplazamiento forzado<\/h3>\n\n\n\n<p>Los informes de inteligencia judicial vinculan formalmente a &#8220;Bendito Menor&#8221; con la autor\u00eda intelectual de varias masacres perpetradas en zonas rurales del Caribe. Estas incursiones armadas buscaban expulsar a comunidades completas de \u00e1reas clave para el narcotr\u00e1fico.<\/p>\n\n\n\n<p>El desplazamiento forzado masivo de familias campesinas y pesqueras se convirti\u00f3 en una constante en los municipios bajo la influencia armada de las ACSN, generando graves emergencias humanitarias.<\/p>\n\n\n\n<h3 class=\"wp-block-heading\">La trampa de inteligencia en la zona rural de Riohacha<\/h3>\n\n\n\n<p>El \u00e9xito de la operaci\u00f3n policial fue el resultado de meses de trabajo encubierto realizado por equipos especializados del Gaula. Fuentes humanas e interceptaciones telef\u00f3nicas permitieron reconstruir la rutina de seguridad del cabecilla.<\/p>\n\n\n\n<p>A pesar de que P\u00e9rez Toncel cambiaba constantemente de vivienda y utilizaba avanzados esquemas de seguridad, los analistas lograron fijar las coordenadas precisas del inmueble rural donde se refugiaba temporalmente.<\/p>\n\n\n\n<h3 class=\"wp-block-heading\">El asalto t\u00e1ctico y el combate violento en la madrugada<\/h3>\n\n\n\n<p>En las primeras horas del viernes, comandos del Gaula de la Polic\u00eda cercaron la propiedad r\u00fastica en las afueras de Riohacha. Al percatarse de la presencia de las fuerzas estatales, la seguridad de P\u00e9rez Toncel abri\u00f3 fuego de manera indiscriminada con fusiles de asalto.<\/p>\n\n\n\n<p>Se desat\u00f3 un intenso intercambio de disparos que se prolong\u00f3 por varios minutos. La respuesta t\u00e1ctica de los uniformados permiti\u00f3 neutralizar de forma inmediata la amenaza, abatiendo al cabecilla y a sus acompa\u00f1antes en el sitio.<\/p>\n\n\n\n<h3 class=\"wp-block-heading\">El perfil del anillo de seguridad y la ca\u00edda de &#8220;La Bebecita&#8221;<\/h3>\n\n\n\n<p>En el lugar del combate no solo cay\u00f3 el m\u00e1ximo comandante militar de las ACSN. Entre los abatidos figuraba su pareja sentimental, Rosa Ang\u00e9lica Tarazona, conocida en el organigrama criminal como &#8220;La Bebecita&#8221;.<\/p>\n\n\n\n<p>Las investigaciones revelan que Tarazona no solo compart\u00eda la vida personal de P\u00e9rez Toncel, sino que administraba parte de las finanzas ilegales derivadas de la extorsi\u00f3n y manejaba las comunicaciones log\u00edsticas del capo.<\/p>\n\n\n\n<h3 class=\"wp-block-heading\">Clarificaci\u00f3n de las versiones contradictorias e hip\u00f3tesis<\/h3>\n\n\n\n<p>En las horas posteriores al operativo surgieron versiones encontradas en redes sociales y medios regionales. Algunos reportes sugirieron inicialmente que la muerte de &#8220;Bendito Menor&#8221; obedec\u00eda a un ajusticiamiento interno producto de purgas entre facciones de las ACSN.<\/p>\n\n\n\n<p>Sin embargo, los peritajes de medicina legal y la verificaci\u00f3n en la escena del crimen ratificaron de manera categ\u00f3rica que la ca\u00edda del capo se produjo como resultado exclusivo de la acci\u00f3n armada de la Fuerza P\u00fablica.<\/p>\n\n\n\n<h3 class=\"wp-block-heading\">El mensaje del presidente y la reacci\u00f3n de las autoridades<\/h3>\n\n\n\n<p>Producida la confirmaci\u00f3n t\u00e9cnica de la identidad del abatido, el Gobierno nacional celebr\u00f3 el \u00e9xito del operativo operacional. La Casa de Nari\u00f1o reafirm\u00f3 que el Estado continuar\u00e1 persiguiendo sin tregua a los grupos armados il\u00edcitos.<\/p>\n\n\n\n<p>Voceros de las Fuerzas Militares y de la Polic\u00eda Nacional destacaron que este resultado demuestra que ning\u00fan objetivo de alto valor est\u00e1 fuera del alcance de la inteligencia estatal, ratificando el cumplimiento de la advertencia presidencial.<\/p>\n\n\n\n<figure class=\"wp-block-embed is-type-rich is-provider-x wp-block-embed-x\"><div class=\"wp-block-embed__wrapper\">\n<blockquote class=\"twitter-tweet\" data-width=\"550\" data-dnt=\"true\"><p lang=\"es\" dir=\"ltr\">\ud83d\udd34\ud83c\udde8\ud83c\uddf4ATENCI\u00d3N. El presidente <a href=\"https:\/\/x.com\/ABDELAESPRIELLA?ref_src=twsrc%5Etfw\">@ABDELAESPRIELLA<\/a>  confirma la muerte de alias &#39;Bendito Menor&#39; dado de baja en Riohacha por las fuerzas armadas. <br><br>El presidente De La Espriella Lo hab\u00eda declarado objetivo militar  <a href=\"https:\/\/t.co\/FMNvrPODso\">pic.twitter.com\/FMNvrPODso<\/a><\/p>&mdash; By Viral 24 (@ByViral24) <a href=\"https:\/\/x.com\/ByViral24\/status\/2095866037090558189?ref_src=twsrc%5Etfw\">September 4, 2026<\/a><\/blockquote><script async src=\"https:\/\/platform.x.com\/widgets.js\" charset=\"utf-8\"><\/script>\n<\/div><\/figure>\n\n\n\n<h3 class=\"wp-block-heading\">El futuro inestable de las ACSN y la disputa por el mando<\/h3>\n\n\n\n<p>La neutralizaci\u00f3n de alias &#8220;Bendito Menor&#8221; deja a las Autodefensas Conquistadoras de la Sierra Nevada sin su principal articulador operacional. La p\u00e9rdida de su comandante militar sume a la organizaci\u00f3n en una profunda crisis estructural.<\/p>\n\n\n\n<p>Expertos en seguridad pronostican una inminente guerra interna entre mandos medios por tomar el control de la estructura. Paralelamente, grupos rivales como el Clan del Golfo podr\u00edan intentar apoderarse de los corredores del narcotr\u00e1fico abandonados tras la ca\u00edda de P\u00e9rez Toncel.<\/p>\n\n\n\n<p><\/p>\n","protected":false},"excerpt":{"rendered":"<p>Ca\u00edda de alias &#8220;Bendito Menor&#8221;: El operativo que desarticul\u00f3 la c\u00fapula militar de las ACSN en La Guajira La madrugada del viernes 4 de septiembre de 2026 marc\u00f3 un punto&hellip; <\/p>\n","protected":false},"author":1,"featured_media":4267,"comment_status":"closed","ping_status":"open","sticky":false,"template":"","format":"standard","meta":{"footnotes":""},"categories":[3],"tags":[],"class_list":["post-4266","post","type-post","status-publish","format-standard","has-post-thumbnail","hentry","category-nacional"],"yoast_head":"<!-- This site is optimized with the Yoast SEO plugin v28.1 - https:\/\/yoast.com\/product\/yoast-seo-wordpress\/ -->\n<title>Abatido alias Bendito Menor en operativo del Gaula en La Guajira<\/title>\n<meta name=\"description\" content=\"El Gaula de la Polic\u00eda abati\u00f3 a alias Bendito Menor en Riohacha, La Guajira. Conozca los detalles del operativo contra el jefe de las ACSN.\" \/>\n<meta name=\"robots\" content=\"index, follow, max-snippet:-1, max-image-preview:large, max-video-preview:-1\" \/>\n<link rel=\"canonical\" href=\"https:\/\/laregionnoticia.com\/?p=4266\" \/>\n<meta property=\"og:locale\" content=\"es_ES\" \/>\n<meta property=\"og:type\" content=\"article\" \/>\n<meta property=\"og:title\" content=\"Abatido alias Bendito Menor en operativo del Gaula en La Guajira\" \/>\n<meta property=\"og:description\" content=\"El Gaula de la Polic\u00eda abati\u00f3 a alias Bendito Menor en Riohacha, La Guajira. Conozca los detalles del operativo contra el jefe de las ACSN.\" \/>\n<meta property=\"og:url\" content=\"https:\/\/laregionnoticia.com\/?p=4266\" \/>\n<meta property=\"og:site_name\" content=\"La Regi\u00f3n Noticia\" \/>\n<meta property=\"article:publisher\" content=\"https:\/\/www.facebook.com\/profile.php?id=61566329187948&amp;mibextid=ZbWKwL\" \/>\n<meta property=\"article:published_time\" content=\"2026-09-04T13:36:25+00:00\" \/>\n<meta property=\"article:modified_time\" content=\"2026-09-04T14:22:32+00:00\" \/>\n<meta property=\"og:image\" content=\"https:\/\/laregionnoticia.com\/wp-content\/uploads\/2026\/09\/bendito-2.jpg\" \/>\n\t<meta property=\"og:image:width\" content=\"680\" \/>\n\t<meta property=\"og:image:height\" content=\"349\" \/>\n\t<meta property=\"og:image:type\" content=\"image\/jpeg\" \/>\n<meta name=\"author\" content=\"Redacci\u00f3n Digital La Regi\u00f3n\" \/>\n<meta name=\"twitter:card\" content=\"summary_large_image\" \/>\n<meta name=\"twitter:label1\" content=\"Escrito por\" \/>\n\t<meta name=\"twitter:data1\" content=\"Redacci\u00f3n Digital La Regi\u00f3n\" \/>\n\t<meta name=\"twitter:label2\" content=\"Tiempo de lectura\" \/>\n\t<meta name=\"twitter:data2\" content=\"7 minutos\" \/>\n<script type=\"application\/ld+json\" class=\"yoast-schema-graph\">{\"@context\":\"https:\\\/\\\/schema.org\",\"@graph\":[{\"@type\":\"Article\",\"@id\":\"https:\\\/\\\/laregionnoticia.com\\\/?p=4266#article\",\"isPartOf\":{\"@id\":\"https:\\\/\\\/laregionnoticia.com\\\/?p=4266\"},\"author\":{\"name\":\"Redacci\u00f3n Digital La Regi\u00f3n\",\"@id\":\"https:\\\/\\\/laregionnoticia.com\\\/#\\\/schema\\\/person\\\/5586c3a3653961e30e847de6e9b4db0c\"},\"headline\":\"\ud83c\udde8\ud83c\uddf4 Colombia: \u00a1Cay\u00f3 alias \u2018Bendito Menor\u2019! Fue abatido por la Polic\u00eda en un operativo en La Guajira\",\"datePublished\":\"2026-09-04T13:36:25+00:00\",\"dateModified\":\"2026-09-04T14:22:32+00:00\",\"mainEntityOfPage\":{\"@id\":\"https:\\\/\\\/laregionnoticia.com\\\/?p=4266\"},\"wordCount\":1447,\"publisher\":{\"@id\":\"https:\\\/\\\/laregionnoticia.com\\\/#organization\"},\"image\":{\"@id\":\"https:\\\/\\\/laregionnoticia.com\\\/?p=4266#primaryimage\"},\"thumbnailUrl\":\"https:\\\/\\\/laregionnoticia.com\\\/wp-content\\\/uploads\\\/2026\\\/09\\\/bendito-2.jpg\",\"articleSection\":[\"Nacional\"],\"inLanguage\":\"es-CO\"},{\"@type\":\"WebPage\",\"@id\":\"https:\\\/\\\/laregionnoticia.com\\\/?p=4266\",\"url\":\"https:\\\/\\\/laregionnoticia.com\\\/?p=4266\",\"name\":\"Abatido alias Bendito Menor en operativo del Gaula en La Guajira\",\"isPartOf\":{\"@id\":\"https:\\\/\\\/laregionnoticia.com\\\/#website\"},\"primaryImageOfPage\":{\"@id\":\"https:\\\/\\\/laregionnoticia.com\\\/?p=4266#primaryimage\"},\"image\":{\"@id\":\"https:\\\/\\\/laregionnoticia.com\\\/?p=4266#primaryimage\"},\"thumbnailUrl\":\"https:\\\/\\\/laregionnoticia.com\\\/wp-content\\\/uploads\\\/2026\\\/09\\\/bendito-2.jpg\",\"datePublished\":\"2026-09-04T13:36:25+00:00\",\"dateModified\":\"2026-09-04T14:22:32+00:00\",\"description\":\"El Gaula de la Polic\u00eda abati\u00f3 a alias Bendito Menor en Riohacha, La Guajira. Conozca los detalles del operativo contra el jefe de las ACSN.\",\"breadcrumb\":{\"@id\":\"https:\\\/\\\/laregionnoticia.com\\\/?p=4266#breadcrumb\"},\"inLanguage\":\"es-CO\",\"potentialAction\":[{\"@type\":\"ReadAction\",\"target\":[\"https:\\\/\\\/laregionnoticia.com\\\/?p=4266\"]}]},{\"@type\":\"ImageObject\",\"inLanguage\":\"es-CO\",\"@id\":\"https:\\\/\\\/laregionnoticia.com\\\/?p=4266#primaryimage\",\"url\":\"https:\\\/\\\/laregionnoticia.com\\\/wp-content\\\/uploads\\\/2026\\\/09\\\/bendito-2.jpg\",\"contentUrl\":\"https:\\\/\\\/laregionnoticia.com\\\/wp-content\\\/uploads\\\/2026\\\/09\\\/bendito-2.jpg\",\"width\":680,\"height\":349},{\"@type\":\"BreadcrumbList\",\"@id\":\"https:\\\/\\\/laregionnoticia.com\\\/?p=4266#breadcrumb\",\"itemListElement\":[{\"@type\":\"ListItem\",\"position\":1,\"name\":\"Inicio\",\"item\":\"https:\\\/\\\/laregionnoticia.com\\\/\"},{\"@type\":\"ListItem\",\"position\":2,\"name\":\"\ud83c\udde8\ud83c\uddf4 Colombia: \u00a1Cay\u00f3 alias \u2018Bendito Menor\u2019! Fue abatido por la Polic\u00eda en un operativo en La Guajira\"}]},{\"@type\":\"WebSite\",\"@id\":\"https:\\\/\\\/laregionnoticia.com\\\/#website\",\"url\":\"https:\\\/\\\/laregionnoticia.com\\\/\",\"name\":\"La Regi\u00f3n Noticia\",\"description\":\"Porque nuestro compromiso es la informaci\u00f3n veraz y oportuna\",\"publisher\":{\"@id\":\"https:\\\/\\\/laregionnoticia.com\\\/#organization\"},\"potentialAction\":[{\"@type\":\"SearchAction\",\"target\":{\"@type\":\"EntryPoint\",\"urlTemplate\":\"https:\\\/\\\/laregionnoticia.com\\\/?s={search_term_string}\"},\"query-input\":{\"@type\":\"PropertyValueSpecification\",\"valueRequired\":true,\"valueName\":\"search_term_string\"}}],\"inLanguage\":\"es-CO\"},{\"@type\":\"Organization\",\"@id\":\"https:\\\/\\\/laregionnoticia.com\\\/#organization\",\"name\":\"La Regi\u00f3n Noticia\",\"url\":\"https:\\\/\\\/laregionnoticia.com\\\/\",\"logo\":{\"@type\":\"ImageObject\",\"inLanguage\":\"es-CO\",\"@id\":\"https:\\\/\\\/laregionnoticia.com\\\/#\\\/schema\\\/logo\\\/image\\\/\",\"url\":\"https:\\\/\\\/laregionnoticia.com\\\/wp-content\\\/uploads\\\/2026\\\/04\\\/logo-nuevo-LRN.jpeg\",\"contentUrl\":\"https:\\\/\\\/laregionnoticia.com\\\/wp-content\\\/uploads\\\/2026\\\/04\\\/logo-nuevo-LRN.jpeg\",\"width\":1024,\"height\":1024,\"caption\":\"La Regi\u00f3n Noticia\"},\"image\":{\"@id\":\"https:\\\/\\\/laregionnoticia.com\\\/#\\\/schema\\\/logo\\\/image\\\/\"},\"sameAs\":[\"https:\\\/\\\/www.facebook.com\\\/profile.php?id=61566329187948&mibextid=ZbWKwL\"]},{\"@type\":\"Person\",\"@id\":\"https:\\\/\\\/laregionnoticia.com\\\/#\\\/schema\\\/person\\\/5586c3a3653961e30e847de6e9b4db0c\",\"name\":\"Redacci\u00f3n Digital La Regi\u00f3n\",\"image\":{\"@type\":\"ImageObject\",\"inLanguage\":\"es-CO\",\"@id\":\"https:\\\/\\\/secure.gravatar.com\\\/avatar\\\/9b5f9df140c465a9462bbbe6f15e20d3c36ce881a9632c520e1a0c34017037a0?s=96&d=mm&r=g\",\"url\":\"https:\\\/\\\/secure.gravatar.com\\\/avatar\\\/9b5f9df140c465a9462bbbe6f15e20d3c36ce881a9632c520e1a0c34017037a0?s=96&d=mm&r=g\",\"contentUrl\":\"https:\\\/\\\/secure.gravatar.com\\\/avatar\\\/9b5f9df140c465a9462bbbe6f15e20d3c36ce881a9632c520e1a0c34017037a0?s=96&d=mm&r=g\",\"caption\":\"Redacci\u00f3n Digital La Regi\u00f3n\"},\"sameAs\":[\"http:\\\/\\\/laregionnoticia.com\"],\"url\":\"https:\\\/\\\/laregionnoticia.com\\\/?author=1\"}]}<\/script>\n<!-- \/ Yoast SEO plugin. -->","yoast_head_json":{"title":"Abatido alias Bendito Menor en operativo del Gaula en La Guajira","description":"El Gaula de la Polic\u00eda abati\u00f3 a alias Bendito Menor en Riohacha, La Guajira. Conozca los detalles del operativo contra el jefe de las ACSN.","robots":{"index":"index","follow":"follow","max-snippet":"max-snippet:-1","max-image-preview":"max-image-preview:large","max-video-preview":"max-video-preview:-1"},"canonical":"https:\/\/laregionnoticia.com\/?p=4266","og_locale":"es_ES","og_type":"article","og_title":"Abatido alias Bendito Menor en operativo del Gaula en La Guajira","og_description":"El Gaula de la Polic\u00eda abati\u00f3 a alias Bendito Menor en Riohacha, La Guajira. Conozca los detalles del operativo contra el jefe de las ACSN.","og_url":"https:\/\/laregionnoticia.com\/?p=4266","og_site_name":"La Regi\u00f3n Noticia","article_publisher":"https:\/\/www.facebook.com\/profile.php?id=61566329187948&mibextid=ZbWKwL","article_published_time":"2026-09-04T13:36:25+00:00","article_modified_time":"2026-09-04T14:22:32+00:00","og_image":[{"width":680,"height":349,"url":"https:\/\/laregionnoticia.com\/wp-content\/uploads\/2026\/09\/bendito-2.jpg","type":"image\/jpeg"}],"author":"Redacci\u00f3n Digital La Regi\u00f3n","twitter_card":"summary_large_image","twitter_misc":{"Escrito por":"Redacci\u00f3n Digital La Regi\u00f3n","Tiempo de lectura":"7 minutos"},"schema":{"@context":"https:\/\/schema.org","@graph":[{"@type":"Article","@id":"https:\/\/laregionnoticia.com\/?p=4266#article","isPartOf":{"@id":"https:\/\/laregionnoticia.com\/?p=4266"},"author":{"name":"Redacci\u00f3n Digital La Regi\u00f3n","@id":"https:\/\/laregionnoticia.com\/#\/schema\/person\/5586c3a3653961e30e847de6e9b4db0c"},"headline":"\ud83c\udde8\ud83c\uddf4 Colombia: \u00a1Cay\u00f3 alias \u2018Bendito Menor\u2019! Fue abatido por la Polic\u00eda en un operativo en La Guajira","datePublished":"2026-09-04T13:36:25+00:00","dateModified":"2026-09-04T14:22:32+00:00","mainEntityOfPage":{"@id":"https:\/\/laregionnoticia.com\/?p=4266"},"wordCount":1447,"publisher":{"@id":"https:\/\/laregionnoticia.com\/#organization"},"image":{"@id":"https:\/\/laregionnoticia.com\/?p=4266#primaryimage"},"thumbnailUrl":"https:\/\/laregionnoticia.com\/wp-content\/uploads\/2026\/09\/bendito-2.jpg","articleSection":["Nacional"],"inLanguage":"es-CO"},{"@type":"WebPage","@id":"https:\/\/laregionnoticia.com\/?p=4266","url":"https:\/\/laregionnoticia.com\/?p=4266","name":"Abatido alias Bendito Menor en operativo del Gaula en La Guajira","isPartOf":{"@id":"https:\/\/laregionnoticia.com\/#website"},"primaryImageOfPage":{"@id":"https:\/\/laregionnoticia.com\/?p=4266#primaryimage"},"image":{"@id":"https:\/\/laregionnoticia.com\/?p=4266#primaryimage"},"thumbnailUrl":"https:\/\/laregionnoticia.com\/wp-content\/uploads\/2026\/09\/bendito-2.jpg","datePublished":"2026-09-04T13:36:25+00:00","dateModified":"2026-09-04T14:22:32+00:00","description":"El Gaula de la Polic\u00eda abati\u00f3 a alias Bendito Menor en Riohacha, La Guajira. Conozca los detalles del operativo contra el jefe de las ACSN.","breadcrumb":{"@id":"https:\/\/laregionnoticia.com\/?p=4266#breadcrumb"},"inLanguage":"es-CO","potentialAction":[{"@type":"ReadAction","target":["https:\/\/laregionnoticia.com\/?p=4266"]}]},{"@type":"ImageObject","inLanguage":"es-CO","@id":"https:\/\/laregionnoticia.com\/?p=4266#primaryimage","url":"https:\/\/laregionnoticia.com\/wp-content\/uploads\/2026\/09\/bendito-2.jpg","contentUrl":"https:\/\/laregionnoticia.com\/wp-content\/uploads\/2026\/09\/bendito-2.jpg","width":680,"height":349},{"@type":"BreadcrumbList","@id":"https:\/\/laregionnoticia.com\/?p=4266#breadcrumb","itemListElement":[{"@type":"ListItem","position":1,"name":"Inicio","item":"https:\/\/laregionnoticia.com\/"},{"@type":"ListItem","position":2,"name":"\ud83c\udde8\ud83c\uddf4 Colombia: \u00a1Cay\u00f3 alias \u2018Bendito Menor\u2019! Fue abatido por la Polic\u00eda en un operativo en La Guajira"}]},{"@type":"WebSite","@id":"https:\/\/laregionnoticia.com\/#website","url":"https:\/\/laregionnoticia.com\/","name":"La Regi\u00f3n Noticia","description":"Porque nuestro compromiso es la informaci\u00f3n veraz y oportuna","publisher":{"@id":"https:\/\/laregionnoticia.com\/#organization"},"potentialAction":[{"@type":"SearchAction","target":{"@type":"EntryPoint","urlTemplate":"https:\/\/laregionnoticia.com\/?s={search_term_string}"},"query-input":{"@type":"PropertyValueSpecification","valueRequired":true,"valueName":"search_term_string"}}],"inLanguage":"es-CO"},{"@type":"Organization","@id":"https:\/\/laregionnoticia.com\/#organization","name":"La Regi\u00f3n Noticia","url":"https:\/\/laregionnoticia.com\/","logo":{"@type":"ImageObject","inLanguage":"es-CO","@id":"https:\/\/laregionnoticia.com\/#\/schema\/logo\/image\/","url":"https:\/\/laregionnoticia.com\/wp-content\/uploads\/2026\/04\/logo-nuevo-LRN.jpeg","contentUrl":"https:\/\/laregionnoticia.com\/wp-content\/uploads\/2026\/04\/logo-nuevo-LRN.jpeg","width":1024,"height":1024,"caption":"La Regi\u00f3n Noticia"},"image":{"@id":"https:\/\/laregionnoticia.com\/#\/schema\/logo\/image\/"},"sameAs":["https:\/\/www.facebook.com\/profile.php?id=61566329187948&mibextid=ZbWKwL"]},{"@type":"Person","@id":"https:\/\/laregionnoticia.com\/#\/schema\/person\/5586c3a3653961e30e847de6e9b4db0c","name":"Redacci\u00f3n Digital La Regi\u00f3n","image":{"@type":"ImageObject","inLanguage":"es-CO","@id":"https:\/\/secure.gravatar.com\/avatar\/9b5f9df140c465a9462bbbe6f15e20d3c36ce881a9632c520e1a0c34017037a0?s=96&d=mm&r=g","url":"https:\/\/secure.gravatar.com\/avatar\/9b5f9df140c465a9462bbbe6f15e20d3c36ce881a9632c520e1a0c34017037a0?s=96&d=mm&r=g","contentUrl":"https:\/\/secure.gravatar.com\/avatar\/9b5f9df140c465a9462bbbe6f15e20d3c36ce881a9632c520e1a0c34017037a0?s=96&d=mm&r=g","caption":"Redacci\u00f3n Digital La Regi\u00f3n"},"sameAs":["http:\/\/laregionnoticia.com"],"url":"https:\/\/laregionnoticia.com\/?author=1"}]}},"_links":{"self":[{"href":"https:\/\/laregionnoticia.com\/index.php?rest_route=\/wp\/v2\/posts\/4266","targetHints":{"allow":["GET"]}}],"collection":[{"href":"https:\/\/laregionnoticia.com\/index.php?rest_route=\/wp\/v2\/posts"}],"about":[{"href":"https:\/\/laregionnoticia.com\/index.php?rest_route=\/wp\/v2\/types\/post"}],"author":[{"embeddable":true,"href":"https:\/\/laregionnoticia.com\/index.php?rest_route=\/wp\/v2\/users\/1"}],"replies":[{"embeddable":true,"href":"https:\/\/laregionnoticia.com\/index.php?rest_route=%2Fwp%2Fv2%2Fcomments&post=4266"}],"version-history":[{"count":2,"href":"https:\/\/laregionnoticia.com\/index.php?rest_route=\/wp\/v2\/posts\/4266\/revisions"}],"predecessor-version":[{"id":4272,"href":"https:\/\/laregionnoticia.com\/index.php?rest_route=\/wp\/v2\/posts\/4266\/revisions\/4272"}],"wp:featuredmedia":[{"embeddable":true,"href":"https:\/\/laregionnoticia.com\/index.php?rest_route=\/wp\/v2\/media\/4267"}],"wp:attachment":[{"href":"https:\/\/laregionnoticia.com\/index.php?rest_route=%2Fwp%2Fv2%2Fmedia&parent=4266"}],"wp:term":[{"taxonomy":"category","embeddable":true,"href":"https:\/\/laregionnoticia.com\/index.php?rest_route=%2Fwp%2Fv2%2Fcategories&post=4266"},{"taxonomy":"post_tag","embeddable":true,"href":"https:\/\/laregionnoticia.com\/index.php?rest_route=%2Fwp%2Fv2%2Ftags&post=4266"}],"curies":[{"name":"wp","href":"https:\/\/api.w.org\/{rel}","templated":true}]}}